{"id":1125,"date":"2014-11-21T11:48:31","date_gmt":"2014-11-21T10:48:31","guid":{"rendered":"http:\/\/www.ecoloj.be\/goforclimatejustice\/jump\/?p=1125"},"modified":"2022-08-01T14:19:28","modified_gmt":"2022-08-01T13:19:28","slug":"minder-vluchtelingen-pak-klimaatproblematiek-aan-2","status":"publish","type":"post","link":"https:\/\/www.ecoloj.be\/goforclimatejustice\/jump\/minder-vluchtelingen-pak-klimaatproblematiek-aan-2\/","title":{"rendered":"Een nieuw werkjaar voor Jong Groen"},"content":{"rendered":"<p style=\"text-align: justify;\"><strong>Op dinsdag 9 september<\/strong> werd het nieuwe <span style=\"color: #008080;\"><em>bestuur<\/em><\/span> van <span style=\"text-decoration: underline;\"><strong><a href=\"http:\/\/www.jonggroen.be\" target=\"_blank\" rel=\"noopener\">Jong Groen<\/a><\/strong><\/span> verkozen.<\/p>\n<p><!--more--><\/p>\n<p style=\"text-align: justify;\">De nieuwe ploeg wordt geleid door twee sterke vrouwen: C\u00e9line Van den Abeele en Eline Deblaere. Herverkozen bestuursleden zijn Gert-Jan Abrams als afdelingsverantwoordelijke en Jan Keustermans als internationaal secretaris. Nieuw in het bestuur zijn Brendan De Baets, Dries Valgaeren, Ikrame Kastit en Mattijs Van Miert. De quota maakten het ons dit jaar wat moeilijk, maar met een beetje vertraging zijn we zeer blij Sielke Eeckhout voor te stellen, als gewoon bestuurslid.<\/p>\n<p style=\"text-align: justify;\">Het bestuur plant een <span style=\"color: #008080;\"><em>stevig inhoudelijk programma dit<\/em><\/span> jaar. Zo willen we een alternatief voorstellen op het harde, rechts beleid dat Belgi\u00eb en Vlaanderen te wachten staat de komende vijf jaar. We plannen activiteiten en themadagen rond <span style=\"color: #008080;\"><em>het gevangeniswezen<\/em><\/span> in Belgi\u00eb, een project waar jullie van \u00e9colo j al heel wat werk rond gedaan hebben.<\/p>\n<p style=\"text-align: justify;\">Want hoe is het mogelijk dat Belgi\u00eb zo vaak <span style=\"color: #008080;\"><em>op de vingers<\/em><\/span> wordt <span style=\"color: #008080;\"><em>getikt<\/em> <\/span>over de slechte omstandigheden in onze gevangenissen. Een groot deel van de gevangenen is niet geholpen met een gewone gevangenisstraf. Toch blijven we te veel gedetineerden eenzaam opsluiten, zonder de nodige extra geestelijke gezondheidszorg. Overbevolking, stakingen en veel te weinig psychiatrische hulp zorgen voor schrijnende toestanden. <span style=\"color: #008080;\"><em>Menswaardig<\/em> <\/span>kun je het niet noemen voor een ontwikkeld land. Wij willen met een themadag onderzoeken hoe we justitie kunnen verbeteren. Hoe alternatieve straffen er uit kunnen zien en hoe de <span style=\"color: #008080;\"><em>zorgverlening<\/em> <\/span>verbeterd kan worden.<\/p>\n<p style=\"text-align: justify;\">Andere themadagen die de we organiseren zullen gaan over het <span style=\"color: #008080;\"><em>vrijhandelsakkoord<\/em><\/span> tussen de Verenigde Staten en Europa. Twee themadagen rond media enethiekzijn ook ingepland. Het Herfstweekend in Neerpelt, waar alle \u00e9coloj\u2019ers van harte welkom zijn, staat in het teken van democratie. We proberen dan samen een antwoord te zoeken op vragen hoe de natuur in een democratie vertegenwoordigd kan worden,hoe we de economie democratischer maken en welke invloed het internet heeft op democratie en participatie.<\/p>\n<p style=\"text-align: justify;\">Ons congres zal <span style=\"color: #008080;\"><em>draaien rond<\/em><\/span> armoede en sociale ongelijkheid. Als kers op de taart sluiten we ons werkjaar af met een internationale vijfdaagse. In deze vijfdaagse zullen een antwoord zoeken op de vraag welke plaats die Europa moet innemen in de nieuwe wereldorde van de 21ste eeuw. Jullie zijn zeker welkom op al onze activiteiten.<\/p>\n<p style=\"text-align: justify;\">Wil je meer info ? Neem dan een kijkje op <span style=\"text-decoration: underline;\"><strong><a href=\"http:\/\/www. jonggroen.be\/jaarplan\" target=\"_blank\" rel=\"noopener\">www. jonggroen.be\/jaarplan<\/a><\/strong><\/span>.<\/p>\n<p>___<\/p>\n<p style=\"text-align: justify;\"><strong>Brendan De Baets<\/strong><\/p>\n<p>___<\/p>\n<p style=\"text-align: justify;\"><span style=\"text-decoration: underline;\"><strong>Woordenschat<\/strong><\/span><\/p>\n<ul>\n<li><em>het bestuur : le conseil d\u2019administration \/bureau<\/em><\/li>\n<li><em>stevig Inhoudelijk programma (het) : un programme ayant un contenu solide<\/em><\/li>\n<li><em>het gevangeniswezen = le r\u00e9gime des prisons ou r\u00e9gime carc\u00e9ral <\/em><\/li>\n<li><em>iemand op de vingers tikken = taper sur les doigts de quelqu\u2019un <\/em><\/li>\n<li><em>menswaardig = conforme \u00e0 la dignit\u00e9 humaine<\/em><\/li>\n<li><em>de zorgverlening = l\u2019administration des soins <\/em><\/li>\n<li><em>vrijhandelsakkoord (het) = l\u2019accord de libre \u00e9change<\/em><\/li>\n<li><em>rond iets draaien = tourner autour de<br \/>\n<\/em><\/li>\n<\/ul>\n<p>___<\/p>\n<p style=\"text-align: justify;\"><strong> Oriane Todts<\/strong><\/p>\n","protected":false},"excerpt":{"rendered":"<p>Op dinsdag 9 september werd het nieuwe bestuur van Jong Groen verkozen.<\/p>\n","protected":false},"author":17,"featured_media":4933,"comment_status":"closed","ping_status":"open","sticky":false,"template":"","format":"image","meta":[],"categories":[10],"tags":[],"acf":[],"yoast_head":"<!-- This site is optimized with the Yoast SEO plugin v20.1 - https:\/\/yoast.com\/wordpress\/plugins\/seo\/ -->\n<title>Een nieuw werkjaar voor Jong Groen - Jump<\/title>\n<meta name=\"robots\" content=\"index, follow, max-snippet:-1, max-image-preview:large, max-video-preview:-1\" \/>\n<link rel=\"canonical\" href=\"https:\/\/www.ecoloj.be\/goforclimatejustice\/jump\/minder-vluchtelingen-pak-klimaatproblematiek-aan-2\/\" \/>\n<meta property=\"og:locale\" content=\"fr_FR\" \/>\n<meta property=\"og:type\" content=\"article\" \/>\n<meta property=\"og:title\" content=\"Een nieuw werkjaar voor Jong Groen - Jump\" \/>\n<meta property=\"og:description\" content=\"Op dinsdag 9 september werd het nieuwe bestuur van Jong Groen verkozen.\" \/>\n<meta property=\"og:url\" content=\"https:\/\/www.ecoloj.be\/goforclimatejustice\/jump\/minder-vluchtelingen-pak-klimaatproblematiek-aan-2\/\" \/>\n<meta property=\"og:site_name\" content=\"Jump\" \/>\n<meta property=\"article:publisher\" content=\"https:\/\/www.facebook.com\/ecolojfederal\" \/>\n<meta property=\"article:published_time\" content=\"2014-11-21T10:48:31+00:00\" \/>\n<meta property=\"article:modified_time\" content=\"2022-08-01T13:19:28+00:00\" \/>\n<meta property=\"og:image\" content=\"https:\/\/www.ecoloj.be\/goforclimatejustice\/jump\/wp-content\/uploads\/sites\/3\/2017\/12\/images-jump-articles86.jpg\" \/>\n\t<meta property=\"og:image:width\" content=\"1200\" \/>\n\t<meta property=\"og:image:height\" content=\"627\" \/>\n\t<meta property=\"og:image:type\" content=\"image\/jpeg\" \/>\n<meta name=\"author\" content=\"Jong Groen\" \/>\n<meta name=\"twitter:card\" content=\"summary_large_image\" \/>\n<meta name=\"twitter:creator\" content=\"@ecoloj\" \/>\n<meta name=\"twitter:site\" content=\"@ecoloj\" \/>\n<meta name=\"twitter:label1\" content=\"\u00c9crit par\" \/>\n\t<meta name=\"twitter:data1\" content=\"Jong Groen\" \/>\n\t<meta name=\"twitter:label2\" content=\"Dur\u00e9e de lecture estim\u00e9e\" \/>\n\t<meta name=\"twitter:data2\" content=\"2 minutes\" \/>\n<script type=\"application\/ld+json\" class=\"yoast-schema-graph\">{\"@context\":\"https:\/\/schema.org\",\"@graph\":[{\"@type\":\"WebPage\",\"@id\":\"https:\/\/www.ecoloj.be\/goforclimatejustice\/jump\/minder-vluchtelingen-pak-klimaatproblematiek-aan-2\/\",\"url\":\"https:\/\/www.ecoloj.be\/goforclimatejustice\/jump\/minder-vluchtelingen-pak-klimaatproblematiek-aan-2\/\",\"name\":\"Een nieuw werkjaar voor Jong Groen - Jump\",\"isPartOf\":{\"@id\":\"http:\/\/www.ecoloj.be\/goforclimatejustice\/jump\/#website\"},\"datePublished\":\"2014-11-21T10:48:31+00:00\",\"dateModified\":\"2022-08-01T13:19:28+00:00\",\"author\":{\"@id\":\"http:\/\/www.ecoloj.be\/goforclimatejustice\/jump\/#\/schema\/person\/cd91e72d560baab7347744da16278c00\"},\"breadcrumb\":{\"@id\":\"https:\/\/www.ecoloj.be\/goforclimatejustice\/jump\/minder-vluchtelingen-pak-klimaatproblematiek-aan-2\/#breadcrumb\"},\"inLanguage\":\"fr-FR\",\"potentialAction\":[{\"@type\":\"ReadAction\",\"target\":[\"https:\/\/www.ecoloj.be\/goforclimatejustice\/jump\/minder-vluchtelingen-pak-klimaatproblematiek-aan-2\/\"]}]},{\"@type\":\"BreadcrumbList\",\"@id\":\"https:\/\/www.ecoloj.be\/goforclimatejustice\/jump\/minder-vluchtelingen-pak-klimaatproblematiek-aan-2\/#breadcrumb\",\"itemListElement\":[{\"@type\":\"ListItem\",\"position\":1,\"name\":\"Accueil\",\"item\":\"https:\/\/www.ecoloj.be\/goforclimatejustice\/jump\/\"},{\"@type\":\"ListItem\",\"position\":2,\"name\":\"Een nieuw werkjaar voor Jong Groen\"}]},{\"@type\":\"WebSite\",\"@id\":\"http:\/\/www.ecoloj.be\/goforclimatejustice\/jump\/#website\",\"url\":\"http:\/\/www.ecoloj.be\/goforclimatejustice\/jump\/\",\"name\":\"Jump\",\"description\":\"le magazine d&#039;\u00e9colo j\",\"potentialAction\":[{\"@type\":\"SearchAction\",\"target\":{\"@type\":\"EntryPoint\",\"urlTemplate\":\"http:\/\/www.ecoloj.be\/goforclimatejustice\/jump\/?s={search_term_string}\"},\"query-input\":\"required name=search_term_string\"}],\"inLanguage\":\"fr-FR\"},{\"@type\":\"Person\",\"@id\":\"http:\/\/www.ecoloj.be\/goforclimatejustice\/jump\/#\/schema\/person\/cd91e72d560baab7347744da16278c00\",\"name\":\"Jong Groen\",\"image\":{\"@type\":\"ImageObject\",\"inLanguage\":\"fr-FR\",\"@id\":\"http:\/\/www.ecoloj.be\/goforclimatejustice\/jump\/#\/schema\/person\/image\/\",\"url\":\"https:\/\/secure.gravatar.com\/avatar\/c595d1950866a92ca08923c947a39ef0?s=96&d=mm&r=g\",\"contentUrl\":\"https:\/\/secure.gravatar.com\/avatar\/c595d1950866a92ca08923c947a39ef0?s=96&d=mm&r=g\",\"caption\":\"Jong Groen\"},\"url\":\"https:\/\/www.ecoloj.be\/goforclimatejustice\/jump\/author\/jonggroen\/\"}]}<\/script>\n<!-- \/ Yoast SEO plugin. -->","yoast_head_json":{"title":"Een nieuw werkjaar voor Jong Groen - Jump","robots":{"index":"index","follow":"follow","max-snippet":"max-snippet:-1","max-image-preview":"max-image-preview:large","max-video-preview":"max-video-preview:-1"},"canonical":"https:\/\/www.ecoloj.be\/goforclimatejustice\/jump\/minder-vluchtelingen-pak-klimaatproblematiek-aan-2\/","og_locale":"fr_FR","og_type":"article","og_title":"Een nieuw werkjaar voor Jong Groen - Jump","og_description":"Op dinsdag 9 september werd het nieuwe bestuur van Jong Groen verkozen.","og_url":"https:\/\/www.ecoloj.be\/goforclimatejustice\/jump\/minder-vluchtelingen-pak-klimaatproblematiek-aan-2\/","og_site_name":"Jump","article_publisher":"https:\/\/www.facebook.com\/ecolojfederal","article_published_time":"2014-11-21T10:48:31+00:00","article_modified_time":"2022-08-01T13:19:28+00:00","og_image":[{"width":1200,"height":627,"url":"https:\/\/www.ecoloj.be\/goforclimatejustice\/jump\/wp-content\/uploads\/sites\/3\/2017\/12\/images-jump-articles86.jpg","type":"image\/jpeg"}],"author":"Jong Groen","twitter_card":"summary_large_image","twitter_creator":"@ecoloj","twitter_site":"@ecoloj","twitter_misc":{"\u00c9crit par":"Jong Groen","Dur\u00e9e de lecture estim\u00e9e":"2 minutes"},"schema":{"@context":"https:\/\/schema.org","@graph":[{"@type":"WebPage","@id":"https:\/\/www.ecoloj.be\/goforclimatejustice\/jump\/minder-vluchtelingen-pak-klimaatproblematiek-aan-2\/","url":"https:\/\/www.ecoloj.be\/goforclimatejustice\/jump\/minder-vluchtelingen-pak-klimaatproblematiek-aan-2\/","name":"Een nieuw werkjaar voor Jong Groen - Jump","isPartOf":{"@id":"http:\/\/www.ecoloj.be\/goforclimatejustice\/jump\/#website"},"datePublished":"2014-11-21T10:48:31+00:00","dateModified":"2022-08-01T13:19:28+00:00","author":{"@id":"http:\/\/www.ecoloj.be\/goforclimatejustice\/jump\/#\/schema\/person\/cd91e72d560baab7347744da16278c00"},"breadcrumb":{"@id":"https:\/\/www.ecoloj.be\/goforclimatejustice\/jump\/minder-vluchtelingen-pak-klimaatproblematiek-aan-2\/#breadcrumb"},"inLanguage":"fr-FR","potentialAction":[{"@type":"ReadAction","target":["https:\/\/www.ecoloj.be\/goforclimatejustice\/jump\/minder-vluchtelingen-pak-klimaatproblematiek-aan-2\/"]}]},{"@type":"BreadcrumbList","@id":"https:\/\/www.ecoloj.be\/goforclimatejustice\/jump\/minder-vluchtelingen-pak-klimaatproblematiek-aan-2\/#breadcrumb","itemListElement":[{"@type":"ListItem","position":1,"name":"Accueil","item":"https:\/\/www.ecoloj.be\/goforclimatejustice\/jump\/"},{"@type":"ListItem","position":2,"name":"Een nieuw werkjaar voor Jong Groen"}]},{"@type":"WebSite","@id":"http:\/\/www.ecoloj.be\/goforclimatejustice\/jump\/#website","url":"http:\/\/www.ecoloj.be\/goforclimatejustice\/jump\/","name":"Jump","description":"le magazine d&#039;\u00e9colo j","potentialAction":[{"@type":"SearchAction","target":{"@type":"EntryPoint","urlTemplate":"http:\/\/www.ecoloj.be\/goforclimatejustice\/jump\/?s={search_term_string}"},"query-input":"required name=search_term_string"}],"inLanguage":"fr-FR"},{"@type":"Person","@id":"http:\/\/www.ecoloj.be\/goforclimatejustice\/jump\/#\/schema\/person\/cd91e72d560baab7347744da16278c00","name":"Jong Groen","image":{"@type":"ImageObject","inLanguage":"fr-FR","@id":"http:\/\/www.ecoloj.be\/goforclimatejustice\/jump\/#\/schema\/person\/image\/","url":"https:\/\/secure.gravatar.com\/avatar\/c595d1950866a92ca08923c947a39ef0?s=96&d=mm&r=g","contentUrl":"https:\/\/secure.gravatar.com\/avatar\/c595d1950866a92ca08923c947a39ef0?s=96&d=mm&r=g","caption":"Jong Groen"},"url":"https:\/\/www.ecoloj.be\/goforclimatejustice\/jump\/author\/jonggroen\/"}]}},"_links":{"self":[{"href":"https:\/\/www.ecoloj.be\/goforclimatejustice\/jump\/wp-json\/wp\/v2\/posts\/1125"}],"collection":[{"href":"https:\/\/www.ecoloj.be\/goforclimatejustice\/jump\/wp-json\/wp\/v2\/posts"}],"about":[{"href":"https:\/\/www.ecoloj.be\/goforclimatejustice\/jump\/wp-json\/wp\/v2\/types\/post"}],"author":[{"embeddable":true,"href":"https:\/\/www.ecoloj.be\/goforclimatejustice\/jump\/wp-json\/wp\/v2\/users\/17"}],"replies":[{"embeddable":true,"href":"https:\/\/www.ecoloj.be\/goforclimatejustice\/jump\/wp-json\/wp\/v2\/comments?post=1125"}],"version-history":[{"count":6,"href":"https:\/\/www.ecoloj.be\/goforclimatejustice\/jump\/wp-json\/wp\/v2\/posts\/1125\/revisions"}],"predecessor-version":[{"id":4954,"href":"https:\/\/www.ecoloj.be\/goforclimatejustice\/jump\/wp-json\/wp\/v2\/posts\/1125\/revisions\/4954"}],"wp:featuredmedia":[{"embeddable":true,"href":"https:\/\/www.ecoloj.be\/goforclimatejustice\/jump\/wp-json\/wp\/v2\/media\/4933"}],"wp:attachment":[{"href":"https:\/\/www.ecoloj.be\/goforclimatejustice\/jump\/wp-json\/wp\/v2\/media?parent=1125"}],"wp:term":[{"taxonomy":"category","embeddable":true,"href":"https:\/\/www.ecoloj.be\/goforclimatejustice\/jump\/wp-json\/wp\/v2\/categories?post=1125"},{"taxonomy":"post_tag","embeddable":true,"href":"https:\/\/www.ecoloj.be\/goforclimatejustice\/jump\/wp-json\/wp\/v2\/tags?post=1125"}],"curies":[{"name":"wp","href":"https:\/\/api.w.org\/{rel}","templated":true}]}}