{"id":1268,"date":"2016-06-05T13:28:15","date_gmt":"2016-06-05T12:28:15","guid":{"rendered":"http:\/\/www.ecoloj.be\/goforclimatejustice\/jump\/?p=1268"},"modified":"2022-11-21T10:27:28","modified_gmt":"2022-11-21T09:27:28","slug":"energie-lefficacite-energetique-chez-soi","status":"publish","type":"post","link":"https:\/\/www.ecoloj.be\/goforclimatejustice\/jump\/energie-lefficacite-energetique-chez-soi\/","title":{"rendered":"L&rsquo;efficacit\u00e9 \u00e9nerg\u00e9tique chez soi"},"content":{"rendered":"<p style=\"text-align: left;\"><span style=\"color: #333333;\"> <strong>Il est 6h23, mon r\u00e9veil sonne et me tire brusquement du sommeil. Heureusement, le chauffage est en marche depuis 1h et une douce chaleur m\u2019accueille au sortir du lit.<\/strong> <\/span><\/p>\n<p><!--more--><\/p>\n<p style=\"text-align: left;\"><span style=\"color: #333333;\">Premier r\u00e9flexe, j&rsquo;allume la lumi\u00e8re et me dirige vers la salle de bain pour ma toilette. Temp\u00e9rature de l&rsquo;eau au top pour me sortir de ma l\u00e9thargie, avec en prime un peu de musique pour l&rsquo;entrain. Je sors de l&rsquo;eau, m&rsquo;essuie et c&rsquo;est parti\u00a0! S\u00e8che-cheveux, \u00e9pilateur, brosse \u00e0 dents, &#8230; Je ne suis pas sortie de mon lit depuis une heure et ma consommation d&rsquo;\u00e9nergie explose les scores sans m\u00eame que je m&rsquo;en sois rendue compte\u00a0!<strong><br \/>\n<\/strong> <\/span><\/p>\n<p style=\"text-align: left;\">La consommation d&rsquo;\u00e9nergie d&rsquo;un individu est difficilement rep\u00e9rable puisque pour ainsi dire invisible, consomm\u00e9e sans qu&rsquo;il y ait acte conscient, parfois m\u00eame par le biais des biens et services mis \u00e0 sa disposition. Pour la majorit\u00e9 d&rsquo;entre nous, l&rsquo;\u00e9nergie est assimil\u00e9e \u00e0 ce qui est repris sur notre facture d&rsquo;\u00e9lectricit\u00e9 ou de gaz, \u00e0 notre plein d&rsquo;essence ou de la cuve \u00e0 mazout, ou aux calories des aliments. Mais, bien que vulgaris\u00e9 \u00e0 l\u2019extr\u00eame, on semble tous conscients que<strong> nos habitudes quotidiennes sont le fruit d&rsquo;une d\u00e9pense (excessive?) d&rsquo;\u00e9nergie<\/strong>. Partant de ce postulat, comment appr\u00e9hender un revirement de nos modes de consommation\u00a0en \u00e9nergie ?<\/p>\n<p style=\"text-align: left;\">Des diff\u00e9rents secteurs d&rsquo;\u00e9nergie, c&rsquo;est le secteur r\u00e9sidentiel qui nous int\u00e9resse donc ici, autrement dit la consommation finale d&rsquo;\u00e9nergie li\u00e9e \u00e0 l&rsquo;usage des m\u00e9nages. D\u00e8s lors, il est primordial de porter une attention toute particuli\u00e8re \u00e0 la conception et la <strong>r\u00e9novation du b\u00e2ti<\/strong> qui est le <strong>premier facteur de d\u00e9pense en \u00e9nergie<\/strong>. De nombreuses avanc\u00e9es techniques et technologiques nous permettent aujourd&rsquo;hui d&rsquo;envisager de nouveaux mod\u00e8les de construction pour beaucoup encore \u00e0 l&rsquo;\u00e9tat d&rsquo;exp\u00e9rimentation. Parmi les techniques \u00e9prouv\u00e9es, on retrouve l&rsquo;orientation des b\u00e2timents, l&rsquo;utilisation de mat\u00e9riaux adapt\u00e9s, les c\u00e9l\u00e8bres panneaux solaires et photovolta\u00efques qu&rsquo;on ne pr\u00e9sente plus, les espaces tampons, les syst\u00e8mes de chauffage et de ventilation combin\u00e9s (VMC double flux), les maisons passives, etc.<\/p>\n<p style=\"text-align: left;\">Les capacit\u00e9s d&rsquo;actions des architectes sont cependant limit\u00e9es et\/ou peu efficaces car brid\u00e9es par des <strong>r\u00e8gles d&rsquo;urbanisme trop rigides<\/strong>. En outre, je constate aussi une fracture entre deux \u00e9coles\u00a0; d&rsquo;une part l&rsquo;<em>archi-star<\/em> et de l&rsquo;autre l&rsquo;<em>architecte responsable<\/em>, conscient qu&rsquo;il impacte sur son environnement. Les deux courants \u00e9voluant en parall\u00e8le, avec parfois une perc\u00e9e de ces g\u00e9nies libres qui, plut\u00f4t que de concevoir un logement de qualit\u00e9 se transforment en concepteurs d&rsquo;installations ultras modernes\u00a0! La domotique en est un exemple parlant qui pour ma part n&rsquo;est pas \u00e0 envisager. Une \u00e9tape de plus pour \u00eatre hyper-connect\u00e9 et ce non sans danger pour la sant\u00e9 et la vie priv\u00e9e, sans pour autant r\u00e9duire significativement notre consommation\u00a0!<\/p>\n<p style=\"text-align: left;\">On constate que ces 20 derni\u00e8res ann\u00e9es, l&rsquo;effort \u00e9nerg\u00e9tique<span style=\"color: #ff6600;\">(1)<\/span> d&rsquo;un m\u00e9nage n&rsquo;a que peu fluctu\u00e9, r\u00e9sultat d&rsquo;\u00e9volutions contradictoires\u00a0: l\u2019am\u00e9lioration des performances \u00e9nerg\u00e9tiques en ce qui concerne l&rsquo;enveloppe des b\u00e2timents, les modes de chauffage et de l\u2019\u00e9lectro-m\u00e9nager contre des logements de plus en plus grands et sur-\u00e9quip\u00e9s. Il est d\u00e8s lors <strong>absurde d&rsquo;esp\u00e9rer du progr\u00e8s une solution \u00e0 cette surconsommation<\/strong>, <strong>ce sont nos pratiques quotidiennes qu&rsquo;il faut revoir<\/strong>. S\u2019int\u00e9resser \u00e0 la consommation d&rsquo;\u00e9nergie d&rsquo;un individu en revient \u00e0 s\u2019int\u00e9resser \u00e0 son mode de vie et soul\u00e8ve un questionnement \u00e9thique. Dans un souci de justice, il n&rsquo;y a qu&rsquo;en revoyant nos standards \u00e0 la baisse que nous pourrons esp\u00e9rer un jour consommer l&rsquo;\u00e9nergie sans mauvaise conscience\u00a0!<\/p>\n<p style=\"text-align: left;\"><strong>___<\/strong><\/p>\n<p style=\"text-align: left;\"><strong>Laura Mahieu<br \/>\n<\/strong><span style=\"color: #008080;\"><em><span style=\"color: #ff6600;\">(1)<\/span>\u00a0 <span style=\"color: #808080;\">Part allou\u00e9e aux co\u00fbts de l\u2019\u00e9nergie dans le budget d\u2019un m\u00e9nage. <\/span><\/em> <\/span><\/p>\n","protected":false},"excerpt":{"rendered":"<p>Il est 6h23, mon r\u00e9veil sonne et me tire brusquement du sommeil. Heureusement, le chauffage est en marche depuis 1h et une douce chaleur m\u2019accueille au sortir du lit.<\/p>\n","protected":false},"author":42,"featured_media":5241,"comment_status":"closed","ping_status":"open","sticky":false,"template":"","format":"image","meta":[],"categories":[129],"tags":[60,62,61,44],"acf":[],"yoast_head":"<!-- This site is optimized with the Yoast SEO plugin v20.1 - https:\/\/yoast.com\/wordpress\/plugins\/seo\/ -->\n<title>L&#039;efficacit\u00e9 \u00e9nerg\u00e9tique chez soi - Jump<\/title>\n<meta name=\"robots\" content=\"index, follow, max-snippet:-1, max-image-preview:large, max-video-preview:-1\" \/>\n<link rel=\"canonical\" href=\"https:\/\/www.ecoloj.be\/goforclimatejustice\/jump\/energie-lefficacite-energetique-chez-soi\/\" \/>\n<meta property=\"og:locale\" content=\"fr_FR\" \/>\n<meta property=\"og:type\" content=\"article\" \/>\n<meta property=\"og:title\" content=\"L&#039;efficacit\u00e9 \u00e9nerg\u00e9tique chez soi - Jump\" \/>\n<meta property=\"og:description\" content=\"Il est 6h23, mon r\u00e9veil sonne et me tire brusquement du sommeil. Heureusement, le chauffage est en marche depuis 1h et une douce chaleur m\u2019accueille au sortir du lit.\" \/>\n<meta property=\"og:url\" content=\"https:\/\/www.ecoloj.be\/goforclimatejustice\/jump\/energie-lefficacite-energetique-chez-soi\/\" \/>\n<meta property=\"og:site_name\" content=\"Jump\" \/>\n<meta property=\"article:publisher\" content=\"https:\/\/www.facebook.com\/ecolojfederal\" \/>\n<meta property=\"article:published_time\" content=\"2016-06-05T12:28:15+00:00\" \/>\n<meta property=\"article:modified_time\" content=\"2022-11-21T09:27:28+00:00\" \/>\n<meta property=\"og:image\" content=\"https:\/\/www.ecoloj.be\/goforclimatejustice\/jump\/wp-content\/uploads\/sites\/3\/2016\/06\/images-jump-articles-5.jpg\" \/>\n\t<meta property=\"og:image:width\" content=\"1200\" \/>\n\t<meta property=\"og:image:height\" content=\"627\" \/>\n\t<meta property=\"og:image:type\" content=\"image\/jpeg\" \/>\n<meta name=\"author\" content=\"Laura Mahieu\" \/>\n<meta name=\"twitter:card\" content=\"summary_large_image\" \/>\n<meta name=\"twitter:creator\" content=\"@ecoloj\" \/>\n<meta name=\"twitter:site\" content=\"@ecoloj\" \/>\n<meta name=\"twitter:label1\" content=\"\u00c9crit par\" \/>\n\t<meta name=\"twitter:data1\" content=\"Laura Mahieu\" \/>\n\t<meta name=\"twitter:label2\" content=\"Dur\u00e9e de lecture estim\u00e9e\" \/>\n\t<meta name=\"twitter:data2\" content=\"3 minutes\" \/>\n<script type=\"application\/ld+json\" class=\"yoast-schema-graph\">{\"@context\":\"https:\/\/schema.org\",\"@graph\":[{\"@type\":\"WebPage\",\"@id\":\"https:\/\/www.ecoloj.be\/goforclimatejustice\/jump\/energie-lefficacite-energetique-chez-soi\/\",\"url\":\"https:\/\/www.ecoloj.be\/goforclimatejustice\/jump\/energie-lefficacite-energetique-chez-soi\/\",\"name\":\"L'efficacit\u00e9 \u00e9nerg\u00e9tique chez soi - Jump\",\"isPartOf\":{\"@id\":\"http:\/\/www.ecoloj.be\/goforclimatejustice\/jump\/#website\"},\"datePublished\":\"2016-06-05T12:28:15+00:00\",\"dateModified\":\"2022-11-21T09:27:28+00:00\",\"author\":{\"@id\":\"http:\/\/www.ecoloj.be\/goforclimatejustice\/jump\/#\/schema\/person\/79c76dc14d107bbc9b6564bff42194cb\"},\"breadcrumb\":{\"@id\":\"https:\/\/www.ecoloj.be\/goforclimatejustice\/jump\/energie-lefficacite-energetique-chez-soi\/#breadcrumb\"},\"inLanguage\":\"fr-FR\",\"potentialAction\":[{\"@type\":\"ReadAction\",\"target\":[\"https:\/\/www.ecoloj.be\/goforclimatejustice\/jump\/energie-lefficacite-energetique-chez-soi\/\"]}]},{\"@type\":\"BreadcrumbList\",\"@id\":\"https:\/\/www.ecoloj.be\/goforclimatejustice\/jump\/energie-lefficacite-energetique-chez-soi\/#breadcrumb\",\"itemListElement\":[{\"@type\":\"ListItem\",\"position\":1,\"name\":\"Accueil\",\"item\":\"https:\/\/www.ecoloj.be\/goforclimatejustice\/jump\/\"},{\"@type\":\"ListItem\",\"position\":2,\"name\":\"L&rsquo;efficacit\u00e9 \u00e9nerg\u00e9tique chez soi\"}]},{\"@type\":\"WebSite\",\"@id\":\"http:\/\/www.ecoloj.be\/goforclimatejustice\/jump\/#website\",\"url\":\"http:\/\/www.ecoloj.be\/goforclimatejustice\/jump\/\",\"name\":\"Jump\",\"description\":\"le magazine d&#039;\u00e9colo j\",\"potentialAction\":[{\"@type\":\"SearchAction\",\"target\":{\"@type\":\"EntryPoint\",\"urlTemplate\":\"http:\/\/www.ecoloj.be\/goforclimatejustice\/jump\/?s={search_term_string}\"},\"query-input\":\"required name=search_term_string\"}],\"inLanguage\":\"fr-FR\"},{\"@type\":\"Person\",\"@id\":\"http:\/\/www.ecoloj.be\/goforclimatejustice\/jump\/#\/schema\/person\/79c76dc14d107bbc9b6564bff42194cb\",\"name\":\"Laura Mahieu\",\"image\":{\"@type\":\"ImageObject\",\"inLanguage\":\"fr-FR\",\"@id\":\"http:\/\/www.ecoloj.be\/goforclimatejustice\/jump\/#\/schema\/person\/image\/\",\"url\":\"https:\/\/secure.gravatar.com\/avatar\/4ec63489afd0f7539152b782bacde81c?s=96&d=mm&r=g\",\"contentUrl\":\"https:\/\/secure.gravatar.com\/avatar\/4ec63489afd0f7539152b782bacde81c?s=96&d=mm&r=g\",\"caption\":\"Laura Mahieu\"},\"url\":\"https:\/\/www.ecoloj.be\/goforclimatejustice\/jump\/author\/lauramahieu\/\"}]}<\/script>\n<!-- \/ Yoast SEO plugin. -->","yoast_head_json":{"title":"L'efficacit\u00e9 \u00e9nerg\u00e9tique chez soi - Jump","robots":{"index":"index","follow":"follow","max-snippet":"max-snippet:-1","max-image-preview":"max-image-preview:large","max-video-preview":"max-video-preview:-1"},"canonical":"https:\/\/www.ecoloj.be\/goforclimatejustice\/jump\/energie-lefficacite-energetique-chez-soi\/","og_locale":"fr_FR","og_type":"article","og_title":"L'efficacit\u00e9 \u00e9nerg\u00e9tique chez soi - Jump","og_description":"Il est 6h23, mon r\u00e9veil sonne et me tire brusquement du sommeil. Heureusement, le chauffage est en marche depuis 1h et une douce chaleur m\u2019accueille au sortir du lit.","og_url":"https:\/\/www.ecoloj.be\/goforclimatejustice\/jump\/energie-lefficacite-energetique-chez-soi\/","og_site_name":"Jump","article_publisher":"https:\/\/www.facebook.com\/ecolojfederal","article_published_time":"2016-06-05T12:28:15+00:00","article_modified_time":"2022-11-21T09:27:28+00:00","og_image":[{"width":1200,"height":627,"url":"https:\/\/www.ecoloj.be\/goforclimatejustice\/jump\/wp-content\/uploads\/sites\/3\/2016\/06\/images-jump-articles-5.jpg","type":"image\/jpeg"}],"author":"Laura Mahieu","twitter_card":"summary_large_image","twitter_creator":"@ecoloj","twitter_site":"@ecoloj","twitter_misc":{"\u00c9crit par":"Laura Mahieu","Dur\u00e9e de lecture estim\u00e9e":"3 minutes"},"schema":{"@context":"https:\/\/schema.org","@graph":[{"@type":"WebPage","@id":"https:\/\/www.ecoloj.be\/goforclimatejustice\/jump\/energie-lefficacite-energetique-chez-soi\/","url":"https:\/\/www.ecoloj.be\/goforclimatejustice\/jump\/energie-lefficacite-energetique-chez-soi\/","name":"L'efficacit\u00e9 \u00e9nerg\u00e9tique chez soi - Jump","isPartOf":{"@id":"http:\/\/www.ecoloj.be\/goforclimatejustice\/jump\/#website"},"datePublished":"2016-06-05T12:28:15+00:00","dateModified":"2022-11-21T09:27:28+00:00","author":{"@id":"http:\/\/www.ecoloj.be\/goforclimatejustice\/jump\/#\/schema\/person\/79c76dc14d107bbc9b6564bff42194cb"},"breadcrumb":{"@id":"https:\/\/www.ecoloj.be\/goforclimatejustice\/jump\/energie-lefficacite-energetique-chez-soi\/#breadcrumb"},"inLanguage":"fr-FR","potentialAction":[{"@type":"ReadAction","target":["https:\/\/www.ecoloj.be\/goforclimatejustice\/jump\/energie-lefficacite-energetique-chez-soi\/"]}]},{"@type":"BreadcrumbList","@id":"https:\/\/www.ecoloj.be\/goforclimatejustice\/jump\/energie-lefficacite-energetique-chez-soi\/#breadcrumb","itemListElement":[{"@type":"ListItem","position":1,"name":"Accueil","item":"https:\/\/www.ecoloj.be\/goforclimatejustice\/jump\/"},{"@type":"ListItem","position":2,"name":"L&rsquo;efficacit\u00e9 \u00e9nerg\u00e9tique chez soi"}]},{"@type":"WebSite","@id":"http:\/\/www.ecoloj.be\/goforclimatejustice\/jump\/#website","url":"http:\/\/www.ecoloj.be\/goforclimatejustice\/jump\/","name":"Jump","description":"le magazine d&#039;\u00e9colo j","potentialAction":[{"@type":"SearchAction","target":{"@type":"EntryPoint","urlTemplate":"http:\/\/www.ecoloj.be\/goforclimatejustice\/jump\/?s={search_term_string}"},"query-input":"required name=search_term_string"}],"inLanguage":"fr-FR"},{"@type":"Person","@id":"http:\/\/www.ecoloj.be\/goforclimatejustice\/jump\/#\/schema\/person\/79c76dc14d107bbc9b6564bff42194cb","name":"Laura Mahieu","image":{"@type":"ImageObject","inLanguage":"fr-FR","@id":"http:\/\/www.ecoloj.be\/goforclimatejustice\/jump\/#\/schema\/person\/image\/","url":"https:\/\/secure.gravatar.com\/avatar\/4ec63489afd0f7539152b782bacde81c?s=96&d=mm&r=g","contentUrl":"https:\/\/secure.gravatar.com\/avatar\/4ec63489afd0f7539152b782bacde81c?s=96&d=mm&r=g","caption":"Laura Mahieu"},"url":"https:\/\/www.ecoloj.be\/goforclimatejustice\/jump\/author\/lauramahieu\/"}]}},"_links":{"self":[{"href":"https:\/\/www.ecoloj.be\/goforclimatejustice\/jump\/wp-json\/wp\/v2\/posts\/1268"}],"collection":[{"href":"https:\/\/www.ecoloj.be\/goforclimatejustice\/jump\/wp-json\/wp\/v2\/posts"}],"about":[{"href":"https:\/\/www.ecoloj.be\/goforclimatejustice\/jump\/wp-json\/wp\/v2\/types\/post"}],"author":[{"embeddable":true,"href":"https:\/\/www.ecoloj.be\/goforclimatejustice\/jump\/wp-json\/wp\/v2\/users\/42"}],"replies":[{"embeddable":true,"href":"https:\/\/www.ecoloj.be\/goforclimatejustice\/jump\/wp-json\/wp\/v2\/comments?post=1268"}],"version-history":[{"count":7,"href":"https:\/\/www.ecoloj.be\/goforclimatejustice\/jump\/wp-json\/wp\/v2\/posts\/1268\/revisions"}],"predecessor-version":[{"id":5243,"href":"https:\/\/www.ecoloj.be\/goforclimatejustice\/jump\/wp-json\/wp\/v2\/posts\/1268\/revisions\/5243"}],"wp:featuredmedia":[{"embeddable":true,"href":"https:\/\/www.ecoloj.be\/goforclimatejustice\/jump\/wp-json\/wp\/v2\/media\/5241"}],"wp:attachment":[{"href":"https:\/\/www.ecoloj.be\/goforclimatejustice\/jump\/wp-json\/wp\/v2\/media?parent=1268"}],"wp:term":[{"taxonomy":"category","embeddable":true,"href":"https:\/\/www.ecoloj.be\/goforclimatejustice\/jump\/wp-json\/wp\/v2\/categories?post=1268"},{"taxonomy":"post_tag","embeddable":true,"href":"https:\/\/www.ecoloj.be\/goforclimatejustice\/jump\/wp-json\/wp\/v2\/tags?post=1268"}],"curies":[{"name":"wp","href":"https:\/\/api.w.org\/{rel}","templated":true}]}}