{"id":1328,"date":"2016-08-04T15:19:22","date_gmt":"2016-08-04T14:19:22","guid":{"rendered":"http:\/\/www.ecoloj.be\/goforclimatejustice\/jump\/?p=1328"},"modified":"2022-07-29T18:43:23","modified_gmt":"2022-07-29T17:43:23","slug":"etre-a-la-bas-lecoutece-qui-donne-la-vie","status":"publish","type":"post","link":"https:\/\/www.ecoloj.be\/goforclimatejustice\/jump\/etre-a-la-bas-lecoutece-qui-donne-la-vie\/","title":{"rendered":"\u00caTRE \u00c0 L\u2019\u00c9COUTE : Qu&rsquo;est-ce qui donne la vie ?"},"content":{"rendered":"<p style=\"text-align: justify;\"><span style=\"color: #333333;\"><strong>Si je s\u00e8me une graine<\/strong>, dans la terre, dans les bonnes conditions (temp\u00e9rature, humidit\u00e9, lumi\u00e8re ad\u00e9quate) elle pousse\u2026 <\/span><\/p>\n<p><!--more--><\/p>\n<p style=\"text-align: justify;\"><span style=\"color: #333333;\">C\u2019est simple, n\u2019est ce pas ? <\/span><\/p>\n<p style=\"text-align: justify;\"><span style=\"color: #333333;\">Oui, nous pouvons comprendre comment pousse une graine. Mais nous sommes nous interrog\u00e9s sur le pourquoi ? Pourquoi la vie prend-elle soudain racine ? Il n\u2019y a en fait\u2026 Pas de r\u00e9ponse ! C\u2019est naturellement un cadeau, une \u00e9vidence ! La vie est, simplement !?<br \/>\n<\/span><\/p>\n<p style=\"text-align: justify;\">Il existe donc une \u00e9nergie dont on parle peu et qui pourtant soutient l\u2019ensemble du vivant. L\u2019\u00e9nergie vitale, le Chi ou Qi, est une \u00e9nergie invisible, \u00e0 la source de toute cr\u00e9ation, de toute inspiration\u2026 Nous ne poss\u00e9dons pas le Chi, nous sommes le Chi ! Il circule \u00e0 l\u2019int\u00e9rieur de nous, par des canaux \u00e9nerg\u00e9tiques appel\u00e9s les m\u00e9ridiens, et \u00e0 l\u2019ext\u00e9rieur de nous, nous reliant du ciel \u00e0 la terre.<\/p>\n<p style=\"text-align: justify;\">Chaque manifestation de la nature inspire et expire du Chi, un peu comme l\u2019humain respire de l\u2019air. Pour vivre, il est partag\u00e9, \u00e9chang\u00e9\u2026 Le Chi est l\u2019\u00e9nergie qui soutient le grand Tout, qui relie l\u2019univers, les \u00eatres et les choses entre eux.<\/p>\n<p style=\"text-align: justify;\">On ne peut pas la percevoir \u00e0 travers nos cinq sens, et pourtant, il y a l\u00e0 un quelque chose bien tangible (oui oui tangible !). Dans les pratiques comme le yoga, la m\u00e9ditation, le tai chi ou les arts martiaux, on apprend \u00e0 se mettre \u00e0 l\u2019\u00e9coute d\u2019autre chose, pour percevoir que ce qui en nous est ce corps \u00e9nerg\u00e9tique. Avec une telle \u00e9coute, on touche \u00e0 une toute autre dimension de l\u2019\u00eatre. On cherche alors \u00e0 \u00ab se centrer \u00bb, \u00e0 \u00ab \u00eatre \u00e0 l\u2019\u00e9coute de la vie \u00bb.<\/p>\n<p style=\"text-align: justify;\">Une telle activit\u00e9 r\u00e9guli\u00e8re aide \u00e0 r\u00e9duire le stress, \u00e0 \u00e9veiller la conscience corporelle et subtile de l\u2019\u00eatre, \u00e0 simplement s\u2019aligner pour entrer en r\u00e9sonance avec le monde.<\/p>\n<p style=\"text-align: justify;\">S\u2019en suit alors l\u2019ouverture aux m\u00e9decines alternatives et holistiques. La m\u00e9decine traditionnelle chinoise est bas\u00e9e sur les principes de circulation du Chi, les th\u00e9rapies holistiques tiennent compte de toutes les dimensions de l\u2019\u00eatre, et pas seulement des aspects physiques et psychologiques.<\/p>\n<p style=\"text-align: justify;\">La dimension de Chi est \u00e9galement une ouverture \u00e0 la spiritualit\u00e9, au pouvoir de l\u2019intention, \u00e0 l\u2019\u00e9coute de l\u2019\u00e2me, et surtout \u00e0 l\u2019Harmonie, cette qualit\u00e9 qui pr\u00e9vaut de l\u2019ensemble sur les parties qui le composent, et qui suppose une bonne circulation de Chi.<\/p>\n<p>___<\/p>\n<p style=\"text-align: justify;\"><strong>Christine Lambert<\/strong><\/p>\n","protected":false},"excerpt":{"rendered":"<p>Si je s\u00e8me une graine, dans la terre, dans les bonnes conditions (temp\u00e9rature, humidit\u00e9, lumi\u00e8re ad\u00e9quate) elle pousse\u2026<\/p>\n","protected":false},"author":44,"featured_media":4830,"comment_status":"closed","ping_status":"open","sticky":false,"template":"","format":"image","meta":[],"categories":[11],"tags":[62],"acf":[],"yoast_head":"<!-- This site is optimized with the Yoast SEO plugin v20.1 - https:\/\/yoast.com\/wordpress\/plugins\/seo\/ -->\n<title>\u00caTRE \u00c0 L\u2019\u00c9COUTE : Qu&#039;est-ce qui donne la vie ? - Jump<\/title>\n<meta name=\"robots\" content=\"index, follow, max-snippet:-1, max-image-preview:large, max-video-preview:-1\" \/>\n<link rel=\"canonical\" href=\"https:\/\/www.ecoloj.be\/goforclimatejustice\/jump\/etre-a-la-bas-lecoutece-qui-donne-la-vie\/\" \/>\n<meta property=\"og:locale\" content=\"fr_FR\" \/>\n<meta property=\"og:type\" content=\"article\" \/>\n<meta property=\"og:title\" content=\"\u00caTRE \u00c0 L\u2019\u00c9COUTE : Qu&#039;est-ce qui donne la vie ? - Jump\" \/>\n<meta property=\"og:description\" content=\"Si je s\u00e8me une graine, dans la terre, dans les bonnes conditions (temp\u00e9rature, humidit\u00e9, lumi\u00e8re ad\u00e9quate) elle pousse\u2026\" \/>\n<meta property=\"og:url\" content=\"https:\/\/www.ecoloj.be\/goforclimatejustice\/jump\/etre-a-la-bas-lecoutece-qui-donne-la-vie\/\" \/>\n<meta property=\"og:site_name\" content=\"Jump\" \/>\n<meta property=\"article:publisher\" content=\"https:\/\/www.facebook.com\/ecolojfederal\" \/>\n<meta property=\"article:published_time\" content=\"2016-08-04T14:19:22+00:00\" \/>\n<meta property=\"article:modified_time\" content=\"2022-07-29T17:43:23+00:00\" \/>\n<meta property=\"og:image\" content=\"https:\/\/www.ecoloj.be\/goforclimatejustice\/jump\/wp-content\/uploads\/sites\/3\/2016\/08\/images-jump-articles48.jpg\" \/>\n\t<meta property=\"og:image:width\" content=\"1200\" \/>\n\t<meta property=\"og:image:height\" content=\"627\" \/>\n\t<meta property=\"og:image:type\" content=\"image\/jpeg\" \/>\n<meta name=\"author\" content=\"Christine Lambert\" \/>\n<meta name=\"twitter:card\" content=\"summary_large_image\" \/>\n<meta name=\"twitter:creator\" content=\"@ecoloj\" \/>\n<meta name=\"twitter:site\" content=\"@ecoloj\" \/>\n<meta name=\"twitter:label1\" content=\"\u00c9crit par\" \/>\n\t<meta name=\"twitter:data1\" content=\"Christine Lambert\" \/>\n\t<meta name=\"twitter:label2\" content=\"Dur\u00e9e de lecture estim\u00e9e\" \/>\n\t<meta name=\"twitter:data2\" content=\"2 minutes\" \/>\n<script type=\"application\/ld+json\" class=\"yoast-schema-graph\">{\"@context\":\"https:\/\/schema.org\",\"@graph\":[{\"@type\":\"WebPage\",\"@id\":\"https:\/\/www.ecoloj.be\/goforclimatejustice\/jump\/etre-a-la-bas-lecoutece-qui-donne-la-vie\/\",\"url\":\"https:\/\/www.ecoloj.be\/goforclimatejustice\/jump\/etre-a-la-bas-lecoutece-qui-donne-la-vie\/\",\"name\":\"\u00caTRE \u00c0 L\u2019\u00c9COUTE : Qu'est-ce qui donne la vie ? - Jump\",\"isPartOf\":{\"@id\":\"http:\/\/www.ecoloj.be\/goforclimatejustice\/jump\/#website\"},\"datePublished\":\"2016-08-04T14:19:22+00:00\",\"dateModified\":\"2022-07-29T17:43:23+00:00\",\"author\":{\"@id\":\"http:\/\/www.ecoloj.be\/goforclimatejustice\/jump\/#\/schema\/person\/cdce6fc01c3106d524a331efa0d51a15\"},\"breadcrumb\":{\"@id\":\"https:\/\/www.ecoloj.be\/goforclimatejustice\/jump\/etre-a-la-bas-lecoutece-qui-donne-la-vie\/#breadcrumb\"},\"inLanguage\":\"fr-FR\",\"potentialAction\":[{\"@type\":\"ReadAction\",\"target\":[\"https:\/\/www.ecoloj.be\/goforclimatejustice\/jump\/etre-a-la-bas-lecoutece-qui-donne-la-vie\/\"]}]},{\"@type\":\"BreadcrumbList\",\"@id\":\"https:\/\/www.ecoloj.be\/goforclimatejustice\/jump\/etre-a-la-bas-lecoutece-qui-donne-la-vie\/#breadcrumb\",\"itemListElement\":[{\"@type\":\"ListItem\",\"position\":1,\"name\":\"Accueil\",\"item\":\"https:\/\/www.ecoloj.be\/goforclimatejustice\/jump\/\"},{\"@type\":\"ListItem\",\"position\":2,\"name\":\"\u00caTRE \u00c0 L\u2019\u00c9COUTE : Qu&rsquo;est-ce qui donne la vie ?\"}]},{\"@type\":\"WebSite\",\"@id\":\"http:\/\/www.ecoloj.be\/goforclimatejustice\/jump\/#website\",\"url\":\"http:\/\/www.ecoloj.be\/goforclimatejustice\/jump\/\",\"name\":\"Jump\",\"description\":\"le magazine d&#039;\u00e9colo j\",\"potentialAction\":[{\"@type\":\"SearchAction\",\"target\":{\"@type\":\"EntryPoint\",\"urlTemplate\":\"http:\/\/www.ecoloj.be\/goforclimatejustice\/jump\/?s={search_term_string}\"},\"query-input\":\"required name=search_term_string\"}],\"inLanguage\":\"fr-FR\"},{\"@type\":\"Person\",\"@id\":\"http:\/\/www.ecoloj.be\/goforclimatejustice\/jump\/#\/schema\/person\/cdce6fc01c3106d524a331efa0d51a15\",\"name\":\"Christine Lambert\",\"image\":{\"@type\":\"ImageObject\",\"inLanguage\":\"fr-FR\",\"@id\":\"http:\/\/www.ecoloj.be\/goforclimatejustice\/jump\/#\/schema\/person\/image\/\",\"url\":\"https:\/\/secure.gravatar.com\/avatar\/7e125403345c1e50c109508c42f61dc0?s=96&d=mm&r=g\",\"contentUrl\":\"https:\/\/secure.gravatar.com\/avatar\/7e125403345c1e50c109508c42f61dc0?s=96&d=mm&r=g\",\"caption\":\"Christine Lambert\"},\"url\":\"https:\/\/www.ecoloj.be\/goforclimatejustice\/jump\/author\/christinelambert\/\"}]}<\/script>\n<!-- \/ Yoast SEO plugin. -->","yoast_head_json":{"title":"\u00caTRE \u00c0 L\u2019\u00c9COUTE : Qu'est-ce qui donne la vie ? - Jump","robots":{"index":"index","follow":"follow","max-snippet":"max-snippet:-1","max-image-preview":"max-image-preview:large","max-video-preview":"max-video-preview:-1"},"canonical":"https:\/\/www.ecoloj.be\/goforclimatejustice\/jump\/etre-a-la-bas-lecoutece-qui-donne-la-vie\/","og_locale":"fr_FR","og_type":"article","og_title":"\u00caTRE \u00c0 L\u2019\u00c9COUTE : Qu'est-ce qui donne la vie ? - Jump","og_description":"Si je s\u00e8me une graine, dans la terre, dans les bonnes conditions (temp\u00e9rature, humidit\u00e9, lumi\u00e8re ad\u00e9quate) elle pousse\u2026","og_url":"https:\/\/www.ecoloj.be\/goforclimatejustice\/jump\/etre-a-la-bas-lecoutece-qui-donne-la-vie\/","og_site_name":"Jump","article_publisher":"https:\/\/www.facebook.com\/ecolojfederal","article_published_time":"2016-08-04T14:19:22+00:00","article_modified_time":"2022-07-29T17:43:23+00:00","og_image":[{"width":1200,"height":627,"url":"https:\/\/www.ecoloj.be\/goforclimatejustice\/jump\/wp-content\/uploads\/sites\/3\/2016\/08\/images-jump-articles48.jpg","type":"image\/jpeg"}],"author":"Christine Lambert","twitter_card":"summary_large_image","twitter_creator":"@ecoloj","twitter_site":"@ecoloj","twitter_misc":{"\u00c9crit par":"Christine Lambert","Dur\u00e9e de lecture estim\u00e9e":"2 minutes"},"schema":{"@context":"https:\/\/schema.org","@graph":[{"@type":"WebPage","@id":"https:\/\/www.ecoloj.be\/goforclimatejustice\/jump\/etre-a-la-bas-lecoutece-qui-donne-la-vie\/","url":"https:\/\/www.ecoloj.be\/goforclimatejustice\/jump\/etre-a-la-bas-lecoutece-qui-donne-la-vie\/","name":"\u00caTRE \u00c0 L\u2019\u00c9COUTE : Qu'est-ce qui donne la vie ? - Jump","isPartOf":{"@id":"http:\/\/www.ecoloj.be\/goforclimatejustice\/jump\/#website"},"datePublished":"2016-08-04T14:19:22+00:00","dateModified":"2022-07-29T17:43:23+00:00","author":{"@id":"http:\/\/www.ecoloj.be\/goforclimatejustice\/jump\/#\/schema\/person\/cdce6fc01c3106d524a331efa0d51a15"},"breadcrumb":{"@id":"https:\/\/www.ecoloj.be\/goforclimatejustice\/jump\/etre-a-la-bas-lecoutece-qui-donne-la-vie\/#breadcrumb"},"inLanguage":"fr-FR","potentialAction":[{"@type":"ReadAction","target":["https:\/\/www.ecoloj.be\/goforclimatejustice\/jump\/etre-a-la-bas-lecoutece-qui-donne-la-vie\/"]}]},{"@type":"BreadcrumbList","@id":"https:\/\/www.ecoloj.be\/goforclimatejustice\/jump\/etre-a-la-bas-lecoutece-qui-donne-la-vie\/#breadcrumb","itemListElement":[{"@type":"ListItem","position":1,"name":"Accueil","item":"https:\/\/www.ecoloj.be\/goforclimatejustice\/jump\/"},{"@type":"ListItem","position":2,"name":"\u00caTRE \u00c0 L\u2019\u00c9COUTE : Qu&rsquo;est-ce qui donne la vie ?"}]},{"@type":"WebSite","@id":"http:\/\/www.ecoloj.be\/goforclimatejustice\/jump\/#website","url":"http:\/\/www.ecoloj.be\/goforclimatejustice\/jump\/","name":"Jump","description":"le magazine d&#039;\u00e9colo j","potentialAction":[{"@type":"SearchAction","target":{"@type":"EntryPoint","urlTemplate":"http:\/\/www.ecoloj.be\/goforclimatejustice\/jump\/?s={search_term_string}"},"query-input":"required name=search_term_string"}],"inLanguage":"fr-FR"},{"@type":"Person","@id":"http:\/\/www.ecoloj.be\/goforclimatejustice\/jump\/#\/schema\/person\/cdce6fc01c3106d524a331efa0d51a15","name":"Christine Lambert","image":{"@type":"ImageObject","inLanguage":"fr-FR","@id":"http:\/\/www.ecoloj.be\/goforclimatejustice\/jump\/#\/schema\/person\/image\/","url":"https:\/\/secure.gravatar.com\/avatar\/7e125403345c1e50c109508c42f61dc0?s=96&d=mm&r=g","contentUrl":"https:\/\/secure.gravatar.com\/avatar\/7e125403345c1e50c109508c42f61dc0?s=96&d=mm&r=g","caption":"Christine Lambert"},"url":"https:\/\/www.ecoloj.be\/goforclimatejustice\/jump\/author\/christinelambert\/"}]}},"_links":{"self":[{"href":"https:\/\/www.ecoloj.be\/goforclimatejustice\/jump\/wp-json\/wp\/v2\/posts\/1328"}],"collection":[{"href":"https:\/\/www.ecoloj.be\/goforclimatejustice\/jump\/wp-json\/wp\/v2\/posts"}],"about":[{"href":"https:\/\/www.ecoloj.be\/goforclimatejustice\/jump\/wp-json\/wp\/v2\/types\/post"}],"author":[{"embeddable":true,"href":"https:\/\/www.ecoloj.be\/goforclimatejustice\/jump\/wp-json\/wp\/v2\/users\/44"}],"replies":[{"embeddable":true,"href":"https:\/\/www.ecoloj.be\/goforclimatejustice\/jump\/wp-json\/wp\/v2\/comments?post=1328"}],"version-history":[{"count":6,"href":"https:\/\/www.ecoloj.be\/goforclimatejustice\/jump\/wp-json\/wp\/v2\/posts\/1328\/revisions"}],"predecessor-version":[{"id":4833,"href":"https:\/\/www.ecoloj.be\/goforclimatejustice\/jump\/wp-json\/wp\/v2\/posts\/1328\/revisions\/4833"}],"wp:featuredmedia":[{"embeddable":true,"href":"https:\/\/www.ecoloj.be\/goforclimatejustice\/jump\/wp-json\/wp\/v2\/media\/4830"}],"wp:attachment":[{"href":"https:\/\/www.ecoloj.be\/goforclimatejustice\/jump\/wp-json\/wp\/v2\/media?parent=1328"}],"wp:term":[{"taxonomy":"category","embeddable":true,"href":"https:\/\/www.ecoloj.be\/goforclimatejustice\/jump\/wp-json\/wp\/v2\/categories?post=1328"},{"taxonomy":"post_tag","embeddable":true,"href":"https:\/\/www.ecoloj.be\/goforclimatejustice\/jump\/wp-json\/wp\/v2\/tags?post=1328"}],"curies":[{"name":"wp","href":"https:\/\/api.w.org\/{rel}","templated":true}]}}