{"id":1595,"date":"2016-10-05T16:10:15","date_gmt":"2016-10-05T15:10:15","guid":{"rendered":"http:\/\/www.ecoloj.be\/goforclimatejustice\/jump\/?p=1595"},"modified":"2022-11-18T15:54:32","modified_gmt":"2022-11-18T14:54:32","slug":"incroyablecoupdegueulecitoyen","status":"publish","type":"post","link":"https:\/\/www.ecoloj.be\/goforclimatejustice\/jump\/incroyablecoupdegueulecitoyen\/","title":{"rendered":"Les Incroyables Comestibles ou l&rsquo;incroyable coup de gueule citoyen"},"content":{"rendered":"<p style=\"text-align: left;\"><span style=\"color: #333333;\"><span style=\"color: #000000;\"><strong>Alors que le ciel des nouvelles mondiales s&rsquo;assombrit, il est normal que certain.e.s citoyen.ne.s s&rsquo;interrogent&#8230;<\/strong> <\/span><\/span><\/p>\n<p style=\"text-align: left;\"><!--more--><\/p>\n<p style=\"text-align: left;\"><span style=\"color: #333333;\"><span style=\"color: #000000;\">Crise \u00e9cologique, environnementale et sociale&#8230; Comment ne pas devenir pauvre, exclu.e ou m\u00eame criminel.le climatique ?<\/span><\/span><\/p>\n<p style=\"text-align: left;\"><span style=\"color: #333333;\"><span style=\"color: #000000;\">Et la chaleur humaine\u00a0?! N&rsquo;est-on pas si nombreux\/ses \u00e0 en demander ? A en manquer ? Pourquoi nous acharnons-nous \u00e0 caresser obsessionnellement les \u00e9crans de nos smartphones, ou les lettres froides et carr\u00e9es de nos claviers ?<\/span><\/span><\/p>\n<h2 style=\"text-align: left;\"><span style=\"color: #99cc00;\">Comment sortir de la torpeur ?<\/span><\/h2>\n<p style=\"text-align: left;\">Ce que je d\u00e9sire faire passer ici, c&rsquo;est un coup de gueule de bienveillance. Cela peut sembler paradoxal de m\u00e9langer col\u00e8re et bonne volont\u00e9 mais je suis convaincu que c&rsquo;est un peu ce genre de coups de gueule qui ont pouss\u00e9 certain\u2027e\u2027s d&rsquo;entre nous \u00e0 retourner faire pousser leur espoir de jeunesse en se r\u00e9appropriant l&rsquo;espace public \u00e0 coup de bacs de l\u00e9gumes ou \u00e0 revivre des \u00e9changes innocents entre voisin\u2027e\u2027s, ami\u2027e\u2027s ou anonymes crois\u00e9\u2027e\u2027s sur un salon du bio ou lors d&rsquo;un march\u00e9 local. C&rsquo;est la d\u00e9sormais c\u00e9l\u00e8bre Pamela Warhurst qui, dans sa petite ville de Todmorden (Yorkshire), a lanc\u00e9 le mouvement des Incredible Edible, connu aujourd&rsquo;hui en France comme le mouvement des Incroyables Comestibles.<\/p>\n<p style=\"text-align: left;\">Mme Warhurst, malgr\u00e9 sa volont\u00e9 de se faire passer pour une citoyenne comme les autres, ayant soudain d\u00e9cid\u00e9 de sortir de son tourment pour mettre s\u00e9rieusement les mains \u00e0 la p\u00e2te (c&rsquo;est ce qu&rsquo;elle d\u00e9crit dans son livre qu&rsquo;elle consacre \u00e0 son mouvement), est en r\u00e9alit\u00e9 une militante acharn\u00e9e pour la cause environnementale. Elle a d&rsquo;abord travaill\u00e9 pour <a href=\"https:\/\/www.gov.uk\/government\/organisations\/natural-england\" target=\"_blank\" rel=\"noopener\"><span style=\"text-decoration: underline;\"><strong><em>Natural England<\/em><\/strong><\/span><\/a>, une ONG anglaise charg\u00e9e d&rsquo;assurer la protection de l&rsquo;environnement sur l&rsquo;Ile. Aujourd&rsquo;hui pr\u00e9sidente de <em>Incredible Edible<\/em>, elle si\u00e8ge \u00e9galement \u00e0 la <a href=\"https:\/\/fr.wikipedia.org\/wiki\/Commission_des_for%C3%AAts_du_Royaume-Uni\" target=\"_blank\" rel=\"noopener\"><span style=\"text-decoration: underline;\"><em><strong>Forestery Commission<\/strong><\/em><\/span><\/a>, autre ONG charg\u00e9e de la protection de l&rsquo;environnement en Angleterre et en \u00c9cosse.<\/p>\n<p style=\"text-align: left;\">Autant dire qu&rsquo;en mati\u00e8re d&rsquo;environnement, Madame Warhurst n&rsquo;est pas la derni\u00e8re au courant. L&rsquo;activiste sexag\u00e9naire a bien des choses \u00e0 nous apprendre. Dans sa petite ville de 15 000 habitants, elle a fortement contribu\u00e9 \u00e0 la propagation de ce qu&rsquo;elle a fi\u00e8rement appel\u00e9 <em>les jardins propagandes<\/em> (<span style=\"text-decoration: underline;\"><strong><em><a href=\"https:\/\/www.youtube.com\/watch?v=wRSWDqgGSTs\" target=\"_blank\" rel=\"noopener\">bac \u00e0 partager<\/a><\/em><\/strong><\/span><em><a href=\"https:\/\/www.youtube.com\/watch?v=wRSWDqgGSTs\" target=\"_blank\" rel=\"noopener\">)<\/a><\/em>. Dans la ville de Totmorden, on les retrouve partout, ces jardins: <strong>dans les cimeti\u00e8res, sur les b\u00e2timents publics, sur les trottoirs, en face du commissariat&#8230;<\/strong> Bref, l&rsquo;activiste a en quelque sorte fait du r\u00eave hippie une r\u00e9alit\u00e9 en rempla\u00e7ant le projet d&rsquo;une r\u00e9volution ensanglant\u00e9e par une explosion de fleurs et de v\u00e9g\u00e9taux (les substances psychotropes en moins).<\/p>\n<h2 style=\"text-align: left;\"><span style=\"text-decoration: underline; color: #99cc00;\">Un langage universel pour l&rsquo;action citoyenne<\/span><\/h2>\n<p style=\"text-align: left;\"><a href=\"https:\/\/www.ted.com\/talks\/pam_warhurst_how_we_can_eat_our_landscapes?language=fr\" target=\"_blank\" rel=\"noopener\"><span style=\"text-decoration: underline;\"><strong>Dans sa conf\u00e9rence TED<\/strong><\/span><\/a>, Pamela Warhust parle avec conviction de <em>r\u00e9volution<\/em>. Si son \u00e9loquence peut ressembler \u00e0 celle d&rsquo;un Steve Job, sa r\u00e9volution \u00e0 elle, propose autre chose que la loi du plus passionn\u00e9 pouvant contr\u00f4ler la vie des autres :<br \/>\n\u00ab\u00a0<em>Peut-on trouver un langage universel, qui n&rsquo;est pas d\u00e9pendant de l&rsquo;\u00e2ge, du revenu ou de la culture, qui aide les gens \u00e0 trouver eux-m\u00eames une nouvelle fa\u00e7on de vivre, \u00e0 voir leur environnement diff\u00e9remment, \u00e0 r\u00e9fl\u00e9chir \u00e0 l&rsquo;utilisation de leur ressources diff\u00e9remment, interagir diff\u00e9remment ? Pouvons-nous trouver ce langage et le r\u00e9pliquer ? La r\u00e9ponse est oui, et c&rsquo;est la nourriture<\/em>\u00ab\u00a0<\/p>\n<p style=\"text-align: left;\">Mes cher.e.s ami.e.s, vous voil\u00e0 donc brief\u00e9.e.s \u00e0 la mission citoyenne qui vous sortira peut-\u00eatre de votre tourment passif. Il ne vous reste qu&rsquo;\u00e0 assembler en face de chez vous quatre planches en un carr\u00e9 sur\u00e9lev\u00e9, y semer quelques-une de vos vari\u00e9t\u00e9s de tomates ou de concombres pr\u00e9f\u00e9r\u00e9es et d&rsquo;aller sonner chez vos voisins pour leur annoncer l&rsquo;arriv\u00e9e prochaine de l\u00e9gumes \u00e0 partager, sortis tout droit du terroir pr\u00e9cieux qu&rsquo;est devenu votre quartier.<\/p>\n<p style=\"text-align: left;\">Vous aurez alors r\u00e9gl\u00e9 \u00e0 la fois votre probl\u00e8me d&rsquo;addiction aux r\u00e9seaux sociaux et vous commencerez \u00e0 contribuer \u00e0 un monde plus beau, juste et \u00e9quitable ! D&rsquo;avance, toutes mes f\u00e9licitations !<\/p>\n<p style=\"text-align: left;\"><strong>___<\/strong><\/p>\n<p style=\"text-align: left;\" align=\"RIGHT\"><strong>Olivier Martens<br \/>\n<\/strong><\/p>\n<p style=\"text-align: left;\" align=\"RIGHT\"><span style=\"color: #808080;\">Les Incroyables comestibles sont<\/span> <a href=\"http:\/\/www.lameuse.be\/1324\/article\/2015-07-02\/liege-les-incroyables-comestibles-installent-des-potagers-en-libre-service-dans\" target=\"_blank\" rel=\"noopener\"><span style=\"text-decoration: underline;\"><strong>\u00e0 Li\u00e8ge<\/strong><\/span><\/a>\u00a0<span style=\"color: #808080;\">et \u00e0<\/span> <a href=\"https:\/\/www.youtube.com\/watch?v=-lEWdn1VzFE\" target=\"_blank\" rel=\"noopener\"><span style=\"text-decoration: underline;\"><strong>Sautour<\/strong><\/span><\/a><span style=\"color: #808080;\">, pr\u00e8s de Philippeville<\/span><\/p>\n","protected":false},"excerpt":{"rendered":"<p>Alors que le ciel des nouvelles mondiales s&rsquo;assombrit, il est normal que certain.e.s citoyen.ne.s s&rsquo;interrogent&#8230;<\/p>\n","protected":false},"author":11,"featured_media":5157,"comment_status":"closed","ping_status":"open","sticky":false,"template":"","format":"image","meta":[],"categories":[128],"tags":[39,45,44],"acf":[],"yoast_head":"<!-- This site is optimized with the Yoast SEO plugin v20.1 - https:\/\/yoast.com\/wordpress\/plugins\/seo\/ -->\n<title>Les Incroyables Comestibles ou l&#039;incroyable coup de gueule citoyen - Jump<\/title>\n<meta name=\"robots\" content=\"index, follow, max-snippet:-1, max-image-preview:large, max-video-preview:-1\" \/>\n<link rel=\"canonical\" href=\"https:\/\/www.ecoloj.be\/goforclimatejustice\/jump\/incroyablecoupdegueulecitoyen\/\" \/>\n<meta property=\"og:locale\" content=\"fr_FR\" \/>\n<meta property=\"og:type\" content=\"article\" \/>\n<meta property=\"og:title\" content=\"Les Incroyables Comestibles ou l&#039;incroyable coup de gueule citoyen - Jump\" \/>\n<meta property=\"og:description\" content=\"Alors que le ciel des nouvelles mondiales s&rsquo;assombrit, il est normal que certain.e.s citoyen.ne.s s&rsquo;interrogent&#8230;\" \/>\n<meta property=\"og:url\" content=\"https:\/\/www.ecoloj.be\/goforclimatejustice\/jump\/incroyablecoupdegueulecitoyen\/\" \/>\n<meta property=\"og:site_name\" content=\"Jump\" \/>\n<meta property=\"article:publisher\" content=\"https:\/\/www.facebook.com\/ecolojfederal\" \/>\n<meta property=\"article:published_time\" content=\"2016-10-05T15:10:15+00:00\" \/>\n<meta property=\"article:modified_time\" content=\"2022-11-18T14:54:32+00:00\" \/>\n<meta property=\"og:image\" content=\"https:\/\/www.ecoloj.be\/goforclimatejustice\/jump\/wp-content\/uploads\/sites\/3\/2016\/10\/182.jpg\" \/>\n\t<meta property=\"og:image:width\" content=\"1200\" \/>\n\t<meta property=\"og:image:height\" content=\"627\" \/>\n\t<meta property=\"og:image:type\" content=\"image\/jpeg\" \/>\n<meta name=\"author\" content=\"Olivier Martens\" \/>\n<meta name=\"twitter:card\" content=\"summary_large_image\" \/>\n<meta name=\"twitter:creator\" content=\"@ecoloj\" \/>\n<meta name=\"twitter:site\" content=\"@ecoloj\" \/>\n<meta name=\"twitter:label1\" content=\"\u00c9crit par\" \/>\n\t<meta name=\"twitter:data1\" content=\"Olivier Martens\" \/>\n\t<meta name=\"twitter:label2\" content=\"Dur\u00e9e de lecture estim\u00e9e\" \/>\n\t<meta name=\"twitter:data2\" content=\"3 minutes\" \/>\n<script type=\"application\/ld+json\" class=\"yoast-schema-graph\">{\"@context\":\"https:\/\/schema.org\",\"@graph\":[{\"@type\":\"WebPage\",\"@id\":\"https:\/\/www.ecoloj.be\/goforclimatejustice\/jump\/incroyablecoupdegueulecitoyen\/\",\"url\":\"https:\/\/www.ecoloj.be\/goforclimatejustice\/jump\/incroyablecoupdegueulecitoyen\/\",\"name\":\"Les Incroyables Comestibles ou l'incroyable coup de gueule citoyen - Jump\",\"isPartOf\":{\"@id\":\"http:\/\/www.ecoloj.be\/goforclimatejustice\/jump\/#website\"},\"datePublished\":\"2016-10-05T15:10:15+00:00\",\"dateModified\":\"2022-11-18T14:54:32+00:00\",\"author\":{\"@id\":\"http:\/\/www.ecoloj.be\/goforclimatejustice\/jump\/#\/schema\/person\/883a1496e512979533e627bbfa30b421\"},\"breadcrumb\":{\"@id\":\"https:\/\/www.ecoloj.be\/goforclimatejustice\/jump\/incroyablecoupdegueulecitoyen\/#breadcrumb\"},\"inLanguage\":\"fr-FR\",\"potentialAction\":[{\"@type\":\"ReadAction\",\"target\":[\"https:\/\/www.ecoloj.be\/goforclimatejustice\/jump\/incroyablecoupdegueulecitoyen\/\"]}]},{\"@type\":\"BreadcrumbList\",\"@id\":\"https:\/\/www.ecoloj.be\/goforclimatejustice\/jump\/incroyablecoupdegueulecitoyen\/#breadcrumb\",\"itemListElement\":[{\"@type\":\"ListItem\",\"position\":1,\"name\":\"Accueil\",\"item\":\"https:\/\/www.ecoloj.be\/goforclimatejustice\/jump\/\"},{\"@type\":\"ListItem\",\"position\":2,\"name\":\"Les Incroyables Comestibles ou l&rsquo;incroyable coup de gueule citoyen\"}]},{\"@type\":\"WebSite\",\"@id\":\"http:\/\/www.ecoloj.be\/goforclimatejustice\/jump\/#website\",\"url\":\"http:\/\/www.ecoloj.be\/goforclimatejustice\/jump\/\",\"name\":\"Jump\",\"description\":\"le magazine d&#039;\u00e9colo j\",\"potentialAction\":[{\"@type\":\"SearchAction\",\"target\":{\"@type\":\"EntryPoint\",\"urlTemplate\":\"http:\/\/www.ecoloj.be\/goforclimatejustice\/jump\/?s={search_term_string}\"},\"query-input\":\"required name=search_term_string\"}],\"inLanguage\":\"fr-FR\"},{\"@type\":\"Person\",\"@id\":\"http:\/\/www.ecoloj.be\/goforclimatejustice\/jump\/#\/schema\/person\/883a1496e512979533e627bbfa30b421\",\"name\":\"Olivier Martens\",\"image\":{\"@type\":\"ImageObject\",\"inLanguage\":\"fr-FR\",\"@id\":\"http:\/\/www.ecoloj.be\/goforclimatejustice\/jump\/#\/schema\/person\/image\/\",\"url\":\"https:\/\/secure.gravatar.com\/avatar\/7b8ec37e8e53bf5c01ee574088a00a6e?s=96&d=mm&r=g\",\"contentUrl\":\"https:\/\/secure.gravatar.com\/avatar\/7b8ec37e8e53bf5c01ee574088a00a6e?s=96&d=mm&r=g\",\"caption\":\"Olivier Martens\"},\"url\":\"https:\/\/www.ecoloj.be\/goforclimatejustice\/jump\/author\/oliviermartens\/\"}]}<\/script>\n<!-- \/ Yoast SEO plugin. -->","yoast_head_json":{"title":"Les Incroyables Comestibles ou l'incroyable coup de gueule citoyen - Jump","robots":{"index":"index","follow":"follow","max-snippet":"max-snippet:-1","max-image-preview":"max-image-preview:large","max-video-preview":"max-video-preview:-1"},"canonical":"https:\/\/www.ecoloj.be\/goforclimatejustice\/jump\/incroyablecoupdegueulecitoyen\/","og_locale":"fr_FR","og_type":"article","og_title":"Les Incroyables Comestibles ou l'incroyable coup de gueule citoyen - Jump","og_description":"Alors que le ciel des nouvelles mondiales s&rsquo;assombrit, il est normal que certain.e.s citoyen.ne.s s&rsquo;interrogent&#8230;","og_url":"https:\/\/www.ecoloj.be\/goforclimatejustice\/jump\/incroyablecoupdegueulecitoyen\/","og_site_name":"Jump","article_publisher":"https:\/\/www.facebook.com\/ecolojfederal","article_published_time":"2016-10-05T15:10:15+00:00","article_modified_time":"2022-11-18T14:54:32+00:00","og_image":[{"width":1200,"height":627,"url":"https:\/\/www.ecoloj.be\/goforclimatejustice\/jump\/wp-content\/uploads\/sites\/3\/2016\/10\/182.jpg","type":"image\/jpeg"}],"author":"Olivier Martens","twitter_card":"summary_large_image","twitter_creator":"@ecoloj","twitter_site":"@ecoloj","twitter_misc":{"\u00c9crit par":"Olivier Martens","Dur\u00e9e de lecture estim\u00e9e":"3 minutes"},"schema":{"@context":"https:\/\/schema.org","@graph":[{"@type":"WebPage","@id":"https:\/\/www.ecoloj.be\/goforclimatejustice\/jump\/incroyablecoupdegueulecitoyen\/","url":"https:\/\/www.ecoloj.be\/goforclimatejustice\/jump\/incroyablecoupdegueulecitoyen\/","name":"Les Incroyables Comestibles ou l'incroyable coup de gueule citoyen - Jump","isPartOf":{"@id":"http:\/\/www.ecoloj.be\/goforclimatejustice\/jump\/#website"},"datePublished":"2016-10-05T15:10:15+00:00","dateModified":"2022-11-18T14:54:32+00:00","author":{"@id":"http:\/\/www.ecoloj.be\/goforclimatejustice\/jump\/#\/schema\/person\/883a1496e512979533e627bbfa30b421"},"breadcrumb":{"@id":"https:\/\/www.ecoloj.be\/goforclimatejustice\/jump\/incroyablecoupdegueulecitoyen\/#breadcrumb"},"inLanguage":"fr-FR","potentialAction":[{"@type":"ReadAction","target":["https:\/\/www.ecoloj.be\/goforclimatejustice\/jump\/incroyablecoupdegueulecitoyen\/"]}]},{"@type":"BreadcrumbList","@id":"https:\/\/www.ecoloj.be\/goforclimatejustice\/jump\/incroyablecoupdegueulecitoyen\/#breadcrumb","itemListElement":[{"@type":"ListItem","position":1,"name":"Accueil","item":"https:\/\/www.ecoloj.be\/goforclimatejustice\/jump\/"},{"@type":"ListItem","position":2,"name":"Les Incroyables Comestibles ou l&rsquo;incroyable coup de gueule citoyen"}]},{"@type":"WebSite","@id":"http:\/\/www.ecoloj.be\/goforclimatejustice\/jump\/#website","url":"http:\/\/www.ecoloj.be\/goforclimatejustice\/jump\/","name":"Jump","description":"le magazine d&#039;\u00e9colo j","potentialAction":[{"@type":"SearchAction","target":{"@type":"EntryPoint","urlTemplate":"http:\/\/www.ecoloj.be\/goforclimatejustice\/jump\/?s={search_term_string}"},"query-input":"required name=search_term_string"}],"inLanguage":"fr-FR"},{"@type":"Person","@id":"http:\/\/www.ecoloj.be\/goforclimatejustice\/jump\/#\/schema\/person\/883a1496e512979533e627bbfa30b421","name":"Olivier Martens","image":{"@type":"ImageObject","inLanguage":"fr-FR","@id":"http:\/\/www.ecoloj.be\/goforclimatejustice\/jump\/#\/schema\/person\/image\/","url":"https:\/\/secure.gravatar.com\/avatar\/7b8ec37e8e53bf5c01ee574088a00a6e?s=96&d=mm&r=g","contentUrl":"https:\/\/secure.gravatar.com\/avatar\/7b8ec37e8e53bf5c01ee574088a00a6e?s=96&d=mm&r=g","caption":"Olivier Martens"},"url":"https:\/\/www.ecoloj.be\/goforclimatejustice\/jump\/author\/oliviermartens\/"}]}},"_links":{"self":[{"href":"https:\/\/www.ecoloj.be\/goforclimatejustice\/jump\/wp-json\/wp\/v2\/posts\/1595"}],"collection":[{"href":"https:\/\/www.ecoloj.be\/goforclimatejustice\/jump\/wp-json\/wp\/v2\/posts"}],"about":[{"href":"https:\/\/www.ecoloj.be\/goforclimatejustice\/jump\/wp-json\/wp\/v2\/types\/post"}],"author":[{"embeddable":true,"href":"https:\/\/www.ecoloj.be\/goforclimatejustice\/jump\/wp-json\/wp\/v2\/users\/11"}],"replies":[{"embeddable":true,"href":"https:\/\/www.ecoloj.be\/goforclimatejustice\/jump\/wp-json\/wp\/v2\/comments?post=1595"}],"version-history":[{"count":10,"href":"https:\/\/www.ecoloj.be\/goforclimatejustice\/jump\/wp-json\/wp\/v2\/posts\/1595\/revisions"}],"predecessor-version":[{"id":5165,"href":"https:\/\/www.ecoloj.be\/goforclimatejustice\/jump\/wp-json\/wp\/v2\/posts\/1595\/revisions\/5165"}],"wp:featuredmedia":[{"embeddable":true,"href":"https:\/\/www.ecoloj.be\/goforclimatejustice\/jump\/wp-json\/wp\/v2\/media\/5157"}],"wp:attachment":[{"href":"https:\/\/www.ecoloj.be\/goforclimatejustice\/jump\/wp-json\/wp\/v2\/media?parent=1595"}],"wp:term":[{"taxonomy":"category","embeddable":true,"href":"https:\/\/www.ecoloj.be\/goforclimatejustice\/jump\/wp-json\/wp\/v2\/categories?post=1595"},{"taxonomy":"post_tag","embeddable":true,"href":"https:\/\/www.ecoloj.be\/goforclimatejustice\/jump\/wp-json\/wp\/v2\/tags?post=1595"}],"curies":[{"name":"wp","href":"https:\/\/api.w.org\/{rel}","templated":true}]}}