{"id":1655,"date":"2016-09-23T14:50:33","date_gmt":"2016-09-23T13:50:33","guid":{"rendered":"http:\/\/www.ecoloj.be\/goforclimatejustice\/jump\/?p=1655"},"modified":"2022-11-23T10:23:41","modified_gmt":"2022-11-23T09:23:41","slug":"destructionmassive","status":"publish","type":"post","link":"https:\/\/www.ecoloj.be\/goforclimatejustice\/jump\/destructionmassive\/","title":{"rendered":"LIRE : Destruction massive\u00a0: G\u00e9opolitique de la faim"},"content":{"rendered":"<p style=\"text-align: left;\"><span style=\"color: #333333;\"><strong>\u00ab\u00a0Chaque enfant qui meurt<\/strong> de faim dans le monde est un enfant assassin\u00e9\u00a0\u00bb<br \/>\n<\/span><\/p>\n<p><!--more--><\/p>\n<p style=\"text-align: left;\"><span style=\"color: #333333;\">C\u2019est la conclusion que tire <a href=\"https:\/\/fr.wikipedia.org\/wiki\/Jean_Ziegler\" target=\"_blank\" rel=\"noopener\"><span style=\"text-decoration: underline;\">J. Ziegler<\/span><\/a> de ses 8 ann\u00e9es pass\u00e9es \u00e0 l\u2019ONU en tant que rapporteur sp\u00e9cial pour le droit \u00e0 l\u2019alimentation.<br \/>\n<\/span><\/p>\n<p style=\"text-align: left;\"><span style=\"color: #333333;\">Aujourd\u2019hui, il n\u2019y a plus aucune raison objective qui explique que des personnes meurent de faim. En effet, les ressources alimentaires actuelles permettraient de nourrir deux fois la population mondiale.<br \/>\n<\/span><\/p>\n<p style=\"text-align: left;\"><span style=\"color: #333333;\">Pourtant, toutes les 5 secondes, un enfant de moins de 10 ans meurt de faim, environ 37000 personnes meurent par jour et presque 7 milliards sont gravement sous-aliment\u00e9s.<br \/>\n<\/span><\/p>\n<h2 style=\"text-align: left;\"><span style=\"color: #333333;\"><span style=\"text-decoration: underline; color: #99cc00;\">Quelles en sont les causes\u00a0?<\/span><br \/>\n<\/span><\/h2>\n<p style=\"text-align: left;\"><span style=\"color: #333333;\">Pour <a href=\"https:\/\/fr.wikipedia.org\/wiki\/Jean_Ziegler\" target=\"_blank\" rel=\"noopener\"><span style=\"text-decoration: underline;\">J. Ziegler<\/span><\/a>, les causes sont multiples\u00a0: il y a tout d\u2019abord, la sp\u00e9culation sur les mati\u00e8res premi\u00e8res qui cr\u00e9e une augmentation des prix ayant pour cons\u00e9quence, de ne plus permettre l\u2019acc\u00e8s \u00e0 l\u2019alimentation de base aux populations les plus pauvres.<br \/>\nEnsuite, l\u2019auteur d\u00e9montre que les subventions \u00e0 l\u2019exportation accord\u00e9es aux agriculteurs occidentaux (<a href=\"https:\/\/fr.wikipedia.org\/wiki\/Dumping_social\" target=\"_blank\" rel=\"noopener\"><span style=\"text-decoration: underline;\">Dumping social<\/span><\/a>), leurs permettent de vendre leurs produits \u00e0 des prix peu \u00e9lev\u00e9s et que ces derniers, une fois sur les march\u00e9s africains, tuent par une concurrence d\u00e9loyale, le march\u00e9 local.<br \/>\nLa dette quant \u00e0 elle \u00e9crase les pays les plus pauvres les emp\u00eachant de palier \u00e0 l\u2019insuffisance de technologies et d\u2019infrastructures n\u00e9cessaires \u00e0 l\u2019agriculture (tracteurs, engrais, semences s\u00e9lectionn\u00e9es\u2026).<br \/>\n<\/span><\/p>\n<p style=\"text-align: left;\"><span style=\"color: #333333;\">Enfin, J. Ziegler insuffle l\u2019espoir\u00a0: un peu partout dans les pays du Sud, se cr\u00e9e une solidarit\u00e9 et une r\u00e9sistance paysanne. L\u2019ordre mondial \u00e9tabli peut \u00eatre modifi\u00e9 par la cr\u00e9ation d\u2019un front commun de solidarit\u00e9 entre les pays du sud et la soci\u00e9t\u00e9 civile des pays occidentaux.<br \/>\n<\/span><\/p>\n<p style=\"text-align: left;\"><span style=\"color: #333333;\">Un livre \u00e0 lire absolument pour ceux et celles qui veulent comprendre l\u2019\u00e9chec des mesures mises en place pour \u00e9radiquer la faim et prendre conscience des int\u00e9r\u00eats et enjeux qui sous-tendent le probl\u00e8me de la faim dans le monde.<\/span><\/p>\n<p style=\"text-align: left;\">___<\/p>\n<p style=\"text-align: left;\"><strong>Sandrine Silberstein<\/strong><\/p>\n<p>___<\/p>\n<blockquote>\n<p style=\"text-align: left;\"><span style=\"text-decoration: underline; color: #808080;\">Biographie de l\u2019auteur<\/span><br \/>\n<span style=\"color: #808080;\"> Jean Ziegler est un \u00e9crivain, un homme politique et un sociologue n\u00e9 \u00e0 Thoune en Suisse.<\/span><br \/>\n<span style=\"color: #808080;\"> Il poss\u00e8de un doctorat en droit et en sociologie.<\/span><br \/>\n<span style=\"color: #808080;\"> Il a \u00e9t\u00e9 rapporteur sp\u00e9cial \u00e0 l\u2019<a href=\"https:\/\/fr.wikipedia.org\/wiki\/Organisation_des_Nations_unies\" target=\"_blank\" rel=\"noopener\"><span style=\"text-decoration: underline;\">ONU<\/span><\/a> pour le droit l\u2019alimentation.<\/span><br \/>\n<span style=\"color: #808080;\"> Il a \u00e9crit plusieurs livres dont certains ont eut un succ\u00e8s mondial tels que\u00a0:<\/span><br \/>\n<span style=\"color: #808080;\"><span style=\"text-decoration: underline;\"> <a href=\"http:\/\/www.seuil.com\/ouvrage\/la-suisse-lave-plus-blanc-jean-ziegler\/9782020115971\" target=\"_blank\" rel=\"noopener\">La Suisse lave plus blanc<\/a><\/span>, <span style=\"text-decoration: underline;\"><a href=\"http:\/\/Les Seigneurs du crime : les nouvelles mafias contre la d\u00e9mocratie\" target=\"_blank\" rel=\"noopener\">Les Seigneurs du crime : les nouvelles mafias contre la d\u00e9mocratie<\/a><\/span>,<\/span><br \/>\n<span style=\"color: #808080;\"><span style=\"text-decoration: underline;\"> <a href=\"http:\/\/www.fayard.fr\/lempire-de-la-honte-9782213623993\" target=\"_blank\" rel=\"noopener\">L\u2019Empire de la honte<\/a><\/span>,\u2026<\/span><\/p>\n<\/blockquote>\n","protected":false},"excerpt":{"rendered":"<p>\u00ab\u00a0Chaque enfant qui meurt de faim dans le monde est un enfant assassin\u00e9\u00a0\u00bb<\/p>\n","protected":false},"author":53,"featured_media":4821,"comment_status":"closed","ping_status":"open","sticky":false,"template":"","format":"image","meta":[],"categories":[11],"tags":[39,31,29,145],"acf":[],"yoast_head":"<!-- This site is optimized with the Yoast SEO plugin v20.1 - https:\/\/yoast.com\/wordpress\/plugins\/seo\/ -->\n<title>LIRE : Destruction massive\u00a0: G\u00e9opolitique de la faim - Jump<\/title>\n<meta name=\"robots\" content=\"index, follow, max-snippet:-1, max-image-preview:large, max-video-preview:-1\" \/>\n<link rel=\"canonical\" href=\"https:\/\/www.ecoloj.be\/goforclimatejustice\/jump\/destructionmassive\/\" \/>\n<meta property=\"og:locale\" content=\"fr_FR\" \/>\n<meta property=\"og:type\" content=\"article\" \/>\n<meta property=\"og:title\" content=\"LIRE : Destruction massive\u00a0: G\u00e9opolitique de la faim - Jump\" \/>\n<meta property=\"og:description\" content=\"\u00ab\u00a0Chaque enfant qui meurt de faim dans le monde est un enfant assassin\u00e9\u00a0\u00bb\" \/>\n<meta property=\"og:url\" content=\"https:\/\/www.ecoloj.be\/goforclimatejustice\/jump\/destructionmassive\/\" \/>\n<meta property=\"og:site_name\" content=\"Jump\" \/>\n<meta property=\"article:publisher\" content=\"https:\/\/www.facebook.com\/ecolojfederal\" \/>\n<meta property=\"article:published_time\" content=\"2016-09-23T13:50:33+00:00\" \/>\n<meta property=\"article:modified_time\" content=\"2022-11-23T09:23:41+00:00\" \/>\n<meta property=\"og:image\" content=\"https:\/\/www.ecoloj.be\/goforclimatejustice\/jump\/wp-content\/uploads\/sites\/3\/2016\/09\/images-jump-articles45.jpg\" \/>\n\t<meta property=\"og:image:width\" content=\"1200\" \/>\n\t<meta property=\"og:image:height\" content=\"627\" \/>\n\t<meta property=\"og:image:type\" content=\"image\/jpeg\" \/>\n<meta name=\"author\" content=\"Sandrine Silberstein\" \/>\n<meta name=\"twitter:card\" content=\"summary_large_image\" \/>\n<meta name=\"twitter:creator\" content=\"@ecoloj\" \/>\n<meta name=\"twitter:site\" content=\"@ecoloj\" \/>\n<meta name=\"twitter:label1\" content=\"\u00c9crit par\" \/>\n\t<meta name=\"twitter:data1\" content=\"Sandrine Silberstein\" \/>\n\t<meta name=\"twitter:label2\" content=\"Dur\u00e9e de lecture estim\u00e9e\" \/>\n\t<meta name=\"twitter:data2\" content=\"2 minutes\" \/>\n<script type=\"application\/ld+json\" class=\"yoast-schema-graph\">{\"@context\":\"https:\/\/schema.org\",\"@graph\":[{\"@type\":\"WebPage\",\"@id\":\"https:\/\/www.ecoloj.be\/goforclimatejustice\/jump\/destructionmassive\/\",\"url\":\"https:\/\/www.ecoloj.be\/goforclimatejustice\/jump\/destructionmassive\/\",\"name\":\"LIRE : Destruction massive\u00a0: G\u00e9opolitique de la faim - Jump\",\"isPartOf\":{\"@id\":\"http:\/\/www.ecoloj.be\/goforclimatejustice\/jump\/#website\"},\"datePublished\":\"2016-09-23T13:50:33+00:00\",\"dateModified\":\"2022-11-23T09:23:41+00:00\",\"author\":{\"@id\":\"http:\/\/www.ecoloj.be\/goforclimatejustice\/jump\/#\/schema\/person\/9c101bfe93edec82a975647ee5b44e77\"},\"breadcrumb\":{\"@id\":\"https:\/\/www.ecoloj.be\/goforclimatejustice\/jump\/destructionmassive\/#breadcrumb\"},\"inLanguage\":\"fr-FR\",\"potentialAction\":[{\"@type\":\"ReadAction\",\"target\":[\"https:\/\/www.ecoloj.be\/goforclimatejustice\/jump\/destructionmassive\/\"]}]},{\"@type\":\"BreadcrumbList\",\"@id\":\"https:\/\/www.ecoloj.be\/goforclimatejustice\/jump\/destructionmassive\/#breadcrumb\",\"itemListElement\":[{\"@type\":\"ListItem\",\"position\":1,\"name\":\"Accueil\",\"item\":\"https:\/\/www.ecoloj.be\/goforclimatejustice\/jump\/\"},{\"@type\":\"ListItem\",\"position\":2,\"name\":\"LIRE : Destruction massive\u00a0: G\u00e9opolitique de la faim\"}]},{\"@type\":\"WebSite\",\"@id\":\"http:\/\/www.ecoloj.be\/goforclimatejustice\/jump\/#website\",\"url\":\"http:\/\/www.ecoloj.be\/goforclimatejustice\/jump\/\",\"name\":\"Jump\",\"description\":\"le magazine d&#039;\u00e9colo j\",\"potentialAction\":[{\"@type\":\"SearchAction\",\"target\":{\"@type\":\"EntryPoint\",\"urlTemplate\":\"http:\/\/www.ecoloj.be\/goforclimatejustice\/jump\/?s={search_term_string}\"},\"query-input\":\"required name=search_term_string\"}],\"inLanguage\":\"fr-FR\"},{\"@type\":\"Person\",\"@id\":\"http:\/\/www.ecoloj.be\/goforclimatejustice\/jump\/#\/schema\/person\/9c101bfe93edec82a975647ee5b44e77\",\"name\":\"Sandrine Silberstein\",\"image\":{\"@type\":\"ImageObject\",\"inLanguage\":\"fr-FR\",\"@id\":\"http:\/\/www.ecoloj.be\/goforclimatejustice\/jump\/#\/schema\/person\/image\/\",\"url\":\"https:\/\/secure.gravatar.com\/avatar\/7f7910f0bc573c701ead20f223027f27?s=96&d=mm&r=g\",\"contentUrl\":\"https:\/\/secure.gravatar.com\/avatar\/7f7910f0bc573c701ead20f223027f27?s=96&d=mm&r=g\",\"caption\":\"Sandrine Silberstein\"},\"url\":\"https:\/\/www.ecoloj.be\/goforclimatejustice\/jump\/author\/sandrinesilberstein\/\"}]}<\/script>\n<!-- \/ Yoast SEO plugin. -->","yoast_head_json":{"title":"LIRE : Destruction massive\u00a0: G\u00e9opolitique de la faim - Jump","robots":{"index":"index","follow":"follow","max-snippet":"max-snippet:-1","max-image-preview":"max-image-preview:large","max-video-preview":"max-video-preview:-1"},"canonical":"https:\/\/www.ecoloj.be\/goforclimatejustice\/jump\/destructionmassive\/","og_locale":"fr_FR","og_type":"article","og_title":"LIRE : Destruction massive\u00a0: G\u00e9opolitique de la faim - Jump","og_description":"\u00ab\u00a0Chaque enfant qui meurt de faim dans le monde est un enfant assassin\u00e9\u00a0\u00bb","og_url":"https:\/\/www.ecoloj.be\/goforclimatejustice\/jump\/destructionmassive\/","og_site_name":"Jump","article_publisher":"https:\/\/www.facebook.com\/ecolojfederal","article_published_time":"2016-09-23T13:50:33+00:00","article_modified_time":"2022-11-23T09:23:41+00:00","og_image":[{"width":1200,"height":627,"url":"https:\/\/www.ecoloj.be\/goforclimatejustice\/jump\/wp-content\/uploads\/sites\/3\/2016\/09\/images-jump-articles45.jpg","type":"image\/jpeg"}],"author":"Sandrine Silberstein","twitter_card":"summary_large_image","twitter_creator":"@ecoloj","twitter_site":"@ecoloj","twitter_misc":{"\u00c9crit par":"Sandrine Silberstein","Dur\u00e9e de lecture estim\u00e9e":"2 minutes"},"schema":{"@context":"https:\/\/schema.org","@graph":[{"@type":"WebPage","@id":"https:\/\/www.ecoloj.be\/goforclimatejustice\/jump\/destructionmassive\/","url":"https:\/\/www.ecoloj.be\/goforclimatejustice\/jump\/destructionmassive\/","name":"LIRE : Destruction massive\u00a0: G\u00e9opolitique de la faim - Jump","isPartOf":{"@id":"http:\/\/www.ecoloj.be\/goforclimatejustice\/jump\/#website"},"datePublished":"2016-09-23T13:50:33+00:00","dateModified":"2022-11-23T09:23:41+00:00","author":{"@id":"http:\/\/www.ecoloj.be\/goforclimatejustice\/jump\/#\/schema\/person\/9c101bfe93edec82a975647ee5b44e77"},"breadcrumb":{"@id":"https:\/\/www.ecoloj.be\/goforclimatejustice\/jump\/destructionmassive\/#breadcrumb"},"inLanguage":"fr-FR","potentialAction":[{"@type":"ReadAction","target":["https:\/\/www.ecoloj.be\/goforclimatejustice\/jump\/destructionmassive\/"]}]},{"@type":"BreadcrumbList","@id":"https:\/\/www.ecoloj.be\/goforclimatejustice\/jump\/destructionmassive\/#breadcrumb","itemListElement":[{"@type":"ListItem","position":1,"name":"Accueil","item":"https:\/\/www.ecoloj.be\/goforclimatejustice\/jump\/"},{"@type":"ListItem","position":2,"name":"LIRE : Destruction massive\u00a0: G\u00e9opolitique de la faim"}]},{"@type":"WebSite","@id":"http:\/\/www.ecoloj.be\/goforclimatejustice\/jump\/#website","url":"http:\/\/www.ecoloj.be\/goforclimatejustice\/jump\/","name":"Jump","description":"le magazine d&#039;\u00e9colo j","potentialAction":[{"@type":"SearchAction","target":{"@type":"EntryPoint","urlTemplate":"http:\/\/www.ecoloj.be\/goforclimatejustice\/jump\/?s={search_term_string}"},"query-input":"required name=search_term_string"}],"inLanguage":"fr-FR"},{"@type":"Person","@id":"http:\/\/www.ecoloj.be\/goforclimatejustice\/jump\/#\/schema\/person\/9c101bfe93edec82a975647ee5b44e77","name":"Sandrine Silberstein","image":{"@type":"ImageObject","inLanguage":"fr-FR","@id":"http:\/\/www.ecoloj.be\/goforclimatejustice\/jump\/#\/schema\/person\/image\/","url":"https:\/\/secure.gravatar.com\/avatar\/7f7910f0bc573c701ead20f223027f27?s=96&d=mm&r=g","contentUrl":"https:\/\/secure.gravatar.com\/avatar\/7f7910f0bc573c701ead20f223027f27?s=96&d=mm&r=g","caption":"Sandrine Silberstein"},"url":"https:\/\/www.ecoloj.be\/goforclimatejustice\/jump\/author\/sandrinesilberstein\/"}]}},"_links":{"self":[{"href":"https:\/\/www.ecoloj.be\/goforclimatejustice\/jump\/wp-json\/wp\/v2\/posts\/1655"}],"collection":[{"href":"https:\/\/www.ecoloj.be\/goforclimatejustice\/jump\/wp-json\/wp\/v2\/posts"}],"about":[{"href":"https:\/\/www.ecoloj.be\/goforclimatejustice\/jump\/wp-json\/wp\/v2\/types\/post"}],"author":[{"embeddable":true,"href":"https:\/\/www.ecoloj.be\/goforclimatejustice\/jump\/wp-json\/wp\/v2\/users\/53"}],"replies":[{"embeddable":true,"href":"https:\/\/www.ecoloj.be\/goforclimatejustice\/jump\/wp-json\/wp\/v2\/comments?post=1655"}],"version-history":[{"count":8,"href":"https:\/\/www.ecoloj.be\/goforclimatejustice\/jump\/wp-json\/wp\/v2\/posts\/1655\/revisions"}],"predecessor-version":[{"id":4864,"href":"https:\/\/www.ecoloj.be\/goforclimatejustice\/jump\/wp-json\/wp\/v2\/posts\/1655\/revisions\/4864"}],"wp:featuredmedia":[{"embeddable":true,"href":"https:\/\/www.ecoloj.be\/goforclimatejustice\/jump\/wp-json\/wp\/v2\/media\/4821"}],"wp:attachment":[{"href":"https:\/\/www.ecoloj.be\/goforclimatejustice\/jump\/wp-json\/wp\/v2\/media?parent=1655"}],"wp:term":[{"taxonomy":"category","embeddable":true,"href":"https:\/\/www.ecoloj.be\/goforclimatejustice\/jump\/wp-json\/wp\/v2\/categories?post=1655"},{"taxonomy":"post_tag","embeddable":true,"href":"https:\/\/www.ecoloj.be\/goforclimatejustice\/jump\/wp-json\/wp\/v2\/tags?post=1655"}],"curies":[{"name":"wp","href":"https:\/\/api.w.org\/{rel}","templated":true}]}}