{"id":1761,"date":"2016-10-10T14:59:54","date_gmt":"2016-10-10T13:59:54","guid":{"rendered":"http:\/\/www.ecoloj.be\/goforclimatejustice\/jump\/?p=1761"},"modified":"2022-07-29T17:55:05","modified_gmt":"2022-07-29T16:55:05","slug":"voirnourrir-lhumanite-cest-un-metier","status":"publish","type":"post","link":"https:\/\/www.ecoloj.be\/goforclimatejustice\/jump\/voirnourrir-lhumanite-cest-un-metier\/","title":{"rendered":"VOIR : Nourrir l&rsquo;humanit\u00e9 c&rsquo;est un m\u00e9tier"},"content":{"rendered":"<p style=\"text-align: justify;\"><strong>Nourrir l&rsquo;humanit\u00e9 c&rsquo;est un m\u00e9tier<\/strong>, c&rsquo;est du \u00ab\u00a0<span class=\"color_11\">Th\u00e9\u00e2tre documentaire au c\u0153ur de notre agriculture\u00a0\u00bb\u200b\u200b. Interview de Charles Culot de la <span style=\"text-decoration: underline;\"><a href=\"http:\/\/www.artetca.com\" target=\"_blank\" rel=\"noopener\">Compagnie Art &amp; t\u00e7a<\/a><\/span>&#8230;<\/span><\/p>\n<p><!--more--><\/p>\n<h2 style=\"text-align: justify;\"><span style=\"color: #99cc00;\">L- Peux-tu vous pr\u00e9senter, toi et la compagnie\u00a0? <\/span><\/h2>\n<p style=\"text-align: justify; padding-left: 30px;\">C- Je m&rsquo;appelle Charles Culot, j&rsquo;ai 26 ans et je suis originaire des Ardennes, mes parents y sont agriculteurs et produisent du fromage de brebis. Je suis parti en ville, \u00e0 Li\u00e8ge, o\u00f9 j&rsquo;ai \u00e9t\u00e9 form\u00e9 \u00e0 l\u2019<a href=\"http:\/\/esact.over-blog.net\/\" target=\"_blank\" rel=\"noopener\"><span style=\"text-decoration: underline;\">\u00e9cole Sup\u00e9rieure d&rsquo;Acteurs de Li\u00e8ge (ESACT)<\/span><\/a> d&rsquo;o\u00f9 je suis sorti il y a 4 ans maintenant. En parall\u00e8le, je fais aussi du cin\u00e9ma, bien que mon activit\u00e9 principale soit au sein de <a href=\"http:\/\/www.artetca.com\" target=\"_blank\" rel=\"noopener\"><span style=\"text-decoration: underline;\">la compagnie Art &amp; t\u00e7a<\/span><\/a>.<\/p>\n<p style=\"text-align: justify; padding-left: 30px;\">Nous avons cr\u00e9\u00e9 la compagnie avec trois amis, David Daubresse, Alexis Garcia et Camille Grange, tous r\u00e9unis autour d&rsquo;un m\u00eame projet artistique : tenir un propos engag\u00e9 sur le monde actuel, raconter des histoires \u00e0 partir de l\u2019Histoire.<br \/>\nJusqu&rsquo;\u00e0 pr\u00e9sent nous avons d\u00e9j\u00e0 port\u00e9 trois spectacles tous mont\u00e9s avec la volont\u00e9 d&rsquo;en faire un tremplin au d\u00e9bat, \u00e0 l&rsquo;\u00e9change, et de servir d&rsquo;outil p\u00e9dagogique pour les \u00e9coles par exemple.<\/p>\n<p>Le premier, \u00e9labor\u00e9 en lien avec <a href=\"http:\/\/www.arsenic2.org\/\" target=\"_blank\" rel=\"noopener\"><span style=\"text-decoration: underline;\">la compagnie Arsenic2<\/span><\/a>, Gr\u00e8ve 60, grande fresque historique sur La grande gr\u00e9ve de 60, parle de l&rsquo;\u00e9lan de solidarit\u00e9 qui a amen\u00e9 pr\u00e8s d&rsquo;un million de personnes dans les rues pour d\u00e9noncer les lois d&rsquo;aust\u00e9rit\u00e9, un peu comme aujourd&rsquo;hui, si ce n&rsquo;est qu&rsquo;\u00e0 l&rsquo;\u00e9poque la population fait tomber le gouvernement en descendant dans la rue.<\/p>\n<p>Le deuxi\u00e8me spectacle, Entre r\u00eave et poussi\u00e8re, nous parle d&rsquo;une fille de dix ans oppress\u00e9e par la concurrence \u00e0 l&rsquo;\u00e9cole et pose la question \u00ab\u00a0quelle \u00e9cole voulons-nous pour demain\u00a0?\u00a0\u00bb.<\/p>\n<p>Et enfin, Nourrir l&rsquo;humanit\u00e9 c&rsquo;est un m\u00e9tier, spectacle qui, lui, aborde la disparition des petites fermes familiales \u00e0 travers les t\u00e9moignages des agriculteurs belges et fran\u00e7ais. Actuellement, un dernier spectacle est en pr\u00e9paration qui abordera, lui, la question de la pauvret\u00e9, du sans-abrisme, et l\u00e0 une r\u00e9flexion d\u2019un sujet plus large, \u00e0 savoir l\u2019appauvrissement g\u00e9n\u00e9ral d\u2019une grande partie de la population engendr\u00e9 par ce qui est appel\u00e9 l\u2019\u00c9tat Social Actif.<\/p>\n<h2 style=\"text-align: justify;\"><span style=\"color: #99cc00;\">L- Peux-tu me parler plus en d\u00e9tail de la pi\u00e8ce \u00ab\u00a0Nourrir l&rsquo;humanit\u00e9 c&rsquo;est un m\u00e9tier\u00a0\u00bb\u00a0? De sa gen\u00e8se \u00e0 aujourd&rsquo;hui, comment se porte-t-elle\u00a0? <\/span><\/h2>\n<p style=\"text-align: justify; padding-left: 30px;\">C- C&rsquo;est d&rsquo;un exercice de fin d&rsquo;\u00e9tudes sous forme de carte blanche qu&rsquo;est n\u00e9 le projet. L\u2019objectif \u00e9tait de r\u00e9aliser une \u0153uvre artistique qui vous soit propre et n\u00e9cessaire de faire \u00e0 tout prix aujourd&rsquo;hui. Apr\u00e8s avoir beaucoup r\u00e9fl\u00e9chi, j&rsquo;ai commenc\u00e9 \u00e0 r\u00e9colter des t\u00e9moignages d&rsquo;une ferme \u00e0 l&rsquo;autre, autour de chez moi d&rsquo;abord, partout en Wallonie et en France finalement. Afin de bien conna\u00eetre notre sujet, notre d\u00e9marche s&rsquo;apparente au travail d&rsquo;un journaliste qui cumule les t\u00e9moignages aupr\u00e8s d&rsquo;experts du v\u00e9cu, de syndicalistes, d&rsquo;\u00e9conomistes, &#8230; Un tel processus de cr\u00e9ation de spectacle nous prend entre 2 et 3 ans.<\/p>\n<p style=\"text-align: justify; padding-left: 30px;\">La pi\u00e8ce se porte toujours bien, apr\u00e8s pr\u00e8s de 200 repr\u00e9sentations, on continue de jouer en Belgique et en France et nous avons fait sur-titrer la pi\u00e8ce en N\u00e9erlandais pour tourner en Flandre \u00e9galement. R\u00e9cemment reconnue pi\u00e8ce d&rsquo;utilit\u00e9 publique par les Services Publics F\u00e9d\u00e9ration Bruxelles (SPFB), \u00ab\u00a0Nourrir l&rsquo;humanit\u00e9 c&rsquo;est un m\u00e9tier\u00a0\u00bb prend encore de l&rsquo;essor.<\/p>\n<p style=\"text-align: justify; padding-left: 30px;\">Nous proposons toujours deux formes de repr\u00e9sentations, une forme tout terrain pour laquelle nous avons tous les mat\u00e9riels n\u00e9cessaires qui nous permet de jouer dans des cadres tr\u00e8s divers (salle de village, amphi-universitaire, ferme,\u2026) et de porter la parole des agriculteurs vers un plus large public qui ne va pas forc\u00e9ment au th\u00e9\u00e2tre. La deuxi\u00e8me forme, plus artistique, est adapt\u00e9e aux sc\u00e8nes de plus grande envergure et, bien que le fond soit le m\u00eame, propose une mise en sc\u00e8ne plus th\u00e9\u00e2tralis\u00e9e. On s&rsquo;applique \u00e9galement \u00e0 l&rsquo;adapter \u00e0 la pi\u00e8ce et la mettons r\u00e9guli\u00e8rement \u00e0 jour.<\/p>\n<p style=\"text-align: justify; padding-left: 30px;\">Un gros \u00e9v\u00e9nement est en pr\u00e9paration \u00e0 Li\u00e8ge \u00e0 la <a href=\"http:\/\/www.citemiroir.be\/\" target=\"_blank\" rel=\"noopener\"><span style=\"text-decoration: underline;\">Cit\u00e9 Miroir<\/span><\/a> pour mars 2017, plusieurs repr\u00e9sentations scolaires et tout public seront propos\u00e9es et suivies de d\u00e9bats avec l\u2019intervention de diff\u00e9rentes figures politiques. Un bel \u00e9v\u00e9nement donc pour revenir jouer \u00e0 Li\u00e8ge\u00a0! A suivre sur notre site.<\/p>\n<h2 style=\"text-align: justify;\"><span style=\"color: #99cc00;\">L- Est-ce que ce sont vos racines familiales qui ont motiv\u00e9 le choix du sujet de votre premi\u00e8re pi\u00e8ce\u00a0?<\/span><\/h2>\n<p style=\"text-align: justify; padding-left: 30px;\">C- C&rsquo;est dans le contexte de la crise du lait de 2011 et beaucoup de choses gravitant autour de moi \u00e0 l\u2019\u00e9poque que mon choix s&rsquo;est dessin\u00e9. Ma famille faisant du circuit court et de la transformation, ils \u00e9taient moins en prise directe avec les prix du march\u00e9, ils ne subissaient pas de plein fouet la d\u00e9r\u00e9gulation et la sp\u00e9culation alimentaire. Il y a eu dans la r\u00e9gion de nombreux suicides, des producteurs de lait qui stoppaient leurs activit\u00e9s, j&rsquo;ai senti qu&rsquo;il fallait que je parle de \u00e7a.<\/p>\n<h2 style=\"text-align: justify;\"><span style=\"color: #99cc00;\">L-\u00a0 C&rsquo;est long 2 \u00e0 3 ans, pourquoi avez-vous besoin d&rsquo;autant de pr\u00e9paration ? <\/span><\/h2>\n<p style=\"text-align: justify; padding-left: 30px;\">C- Notre d\u00e9marche de cr\u00e9ation prend du temps\u00a0, la 1\u00e8re partie de notre travail est de se saisir d\u2019un sujet et d\u2019en \u00e9tudier un maximum de facettes.<br \/>\nPour ce faire nous avons deux cat\u00e9gories de sources\u00a0:<br \/>\nCelles que nous appelons les sources expertes. Celles-ci repr\u00e9sentent tout ce qui a pu \u00eatre \u00e9crit et film\u00e9 sur le sujet trait\u00e9\u00a0: \u00e9tudes, compte-rendu, articles de presse, \u00e9missions tv, documentaires, reportages.<br \/>\nMais aussi bien-s\u00fbr des interviews que nous r\u00e9alisons nous-m\u00eames aupr\u00e8s d\u2019experts associatifs, syndicaux, politiques.<br \/>\nC\u2019est aussi par les interviews, qui correspondent \u00e0 notre travail de terrain, que nous abordons nos autres sources, que nous appelons les t\u00e9moins du v\u00e9cu, les experts du vivant. C\u2019est avec leurs paroles que nous abordons le c\u00f4t\u00e9 humain et sensible de nos spectacles.<\/p>\n<p style=\"text-align: justify; padding-left: 30px;\">La 2i\u00e8me partie de notre travail, est de r\u00e9unir toutes les informations recueillies, de les trier par th\u00e9matique et par information.<br \/>\nEnsemble nous discutons de ce qui nous semble important de transmettre, de ce qui nous a touch\u00e9 et de ce qui pourrait faire \u00ab\u00a0Th\u00e9\u00e2tre\u00a0\u00bb.<\/p>\n<p style=\"text-align: justify; padding-left: 30px;\">La 3i\u00e8me partie, la partie finale est la p\u00e9riode de cr\u00e9ation en soi. C\u2019est le moment o\u00f9 nous confrontons au plateau nos diff\u00e9rentes id\u00e9es. Depuis 4 ans, nous avons exerc\u00e9, construit, invent\u00e9 de nombreux outils th\u00e9\u00e2traux au service du th\u00e9\u00e2tre documentaire. Et c\u2019est bien par un m\u00e9lange de ces formes au service de l\u2019Histoire que nous cr\u00e9ons nos pi\u00e8ces.<\/p>\n<h2 style=\"text-align: justify;\"><span style=\"color: #99cc00;\">L- Pour de nombreuses troupes, les com\u00e9diens sont \u00e9galement auteurs et metteurs en sc\u00e8ne, avec tout le travail que cela implique. Comment faites-vous pour g\u00e9rer ces diff\u00e9rentes casquettes\u00a0? <\/span><\/h2>\n<p style=\"text-align: justify; padding-left: 30px;\">C- Ici on ne vient pas vous chercher; les compagnies d&rsquo;acteurs-cr\u00e9ateurs doivent cr\u00e9er des dossiers, g\u00e9rer des boites mail, remplir toutes sortes d\u2019appels \u00e0 projet. C\u2019est un autre m\u00e9tier mais il faut le faire pour voir aboutir nos projets. Entre travail b\u00e9n\u00e9vole et recherche d&#8217;emploi pour l&rsquo;ONEM, il faut \u00eatre flexible. Si on pouvait se concentrer uniquement sur le travail artistique et de recherche d\u00e9j\u00e0 tr\u00e8s cons\u00e9quent et se d\u00e9charger d&rsquo;une partie administrative importante, \u00e7a nous ferait \u00e9norm\u00e9ment de bien.<\/p>\n<p style=\"text-align: justify; padding-left: 30px;\">Ma journ\u00e9e type\u00a0: passer quelques heures \u00e0 r\u00e9pondre \u00e0 mes mails, passer quelques appels, cr\u00e9er des dossiers de demandes de subsides, \u00eatre attentif aux appels \u00e0 projets, g\u00e9rer la comptabilit\u00e9, et surtout \u00e9crire\u00a0! \u00c9crire, r\u00e9\u00e9crire, s&rsquo;informer, revoir, etc.<\/p>\n<h2 style=\"text-align: justify;\"><span style=\"color: #99cc00;\">L- Vous restez malgr\u00e9 tout une bande d&rsquo;amis qui montez sur les planches pour jouer ensemble ou la r\u00e9alit\u00e9 de terrain prend un angle tout autre ?<\/span><\/h2>\n<p style=\"text-align: justify; padding-left: 30px;\">C- On reste \u00e9videment une bande de copains, oui\u00a0! Bien qu&rsquo;on ait tous des parcours en parall\u00e8le, on est une \u00e9quipe et on ne pourrait pas y arriver si on ne se soutenait pas mutuellement.<\/p>\n<h2 style=\"text-align: justify;\"><span style=\"color: #99cc00;\">L- Au regard des cr\u00e9ations que vous proposez, on est pas bien loin du th\u00e9\u00e2tre d&rsquo;action\u00a0? <\/span><\/h2>\n<p style=\"text-align: justify; padding-left: 30px;\">C- \u00c7a n&rsquo;est pas du tout la m\u00eame chose que du th\u00e9\u00e2tre action ou du th\u00e9\u00e2tre forum, il s\u2019agit de th\u00e9\u00e2tre documentaire. Le document d\u2019une r\u00e9alit\u00e9 paysanne, celle d\u2019une partie de notre population aujourd\u2019hui en voie d\u2019extinction.\u00a0 A partir des t\u00e9moignages recueillis pendant deux ans par l\u2019\u00e9quipe artistique, nous tentons de rendre compte d\u2019une r\u00e9alit\u00e9 objective, celle de leur situation totalement m\u00e9connue. Il s\u2019agit d\u2019une aventure, celle de deux jeunes artistes partis \u00e0 la rencontre de leur patrimoine, voulant comprendre et t\u00e9moigner de l\u2019histoire de ceux qui nous nourrissent, ceux qui nourrissent l\u2019Humanit\u00e9 : les agriculteurs. Il n&rsquo;y a pas la participation du public comme dans le th\u00e9\u00e2tre forum, le d\u00e9bat vient apr\u00e8s la pi\u00e8ce.<\/p>\n<h2 style=\"text-align: justify;\"><span style=\"color: #99cc00;\">L- On d\u00e9c\u00e8le dans vos pi\u00e8ces un certain penchant militant, vous avez toujours vu dans le th\u00e9\u00e2tre la possibilit\u00e9 de v\u00e9hiculer des revendications\u00a0?<\/span><\/h2>\n<p style=\"text-align: justify; padding-left: 30px;\">C- Au d\u00e9part non, j&rsquo;ai commenc\u00e9 comme beaucoup de com\u00e9diens d\u00e9butants, par ego. Le jeu m&rsquo;amusait, j&rsquo;avais envie de me montrer un petit peu. Lors des \u00e9tudes au conservatoire de Li\u00e8ge, je me suis rendu compte que le th\u00e9\u00e2tre n&rsquo;\u00e9tais pas forc\u00e9ment ce que je croyais, d&rsquo;autant plus que c&rsquo;est une \u00e9cole qui invite ses \u00e9tudiants \u00e0 r\u00e9fl\u00e9chir sur les raisons qui nous poussent \u00e0 faire du th\u00e9\u00e2tre. Une parole forte de Bertolt Brecht qui dit\u00a0: \u00ab\u00a0Dans un monde o\u00f9 il y a autant d&rsquo;injustice, avoir le temps de s&rsquo;extasier sur la beaut\u00e9 des arbres est presque un crime.\u00a0\u00bb Ma vision du th\u00e9\u00e2tre militant s&rsquo;est forg\u00e9e lorsque j&rsquo;ai pris conscience que le bien-\u00eatre dont je jouis aujourd&rsquo;hui est le fruit des luttes des g\u00e9n\u00e9rations pass\u00e9es et que nous sommes en train de les perdre, ces acquis\u00a0! La notion du th\u00e9\u00e2tre militant, engageant, ou peu importe comme on d\u00e9cide de l&rsquo;appeler, est venue assez tard chez moi donc, mais j&rsquo;y ai compl\u00e8tement trouv\u00e9 ma voie. M\u00eame si parfois, je ne cracherais pas sur un moment de cin\u00e9ma de temps en temps, juste en tant qu&rsquo;acteur, sans me pr\u00e9occuper du reste, uniquement mon personnage, ma prestation,\u2026<\/p>\n<h2 style=\"text-align: justify;\"><span style=\"color: #99cc00;\">L- Un mot \u00e0 adresser \u00e0 ce militant qui sommeille en nous\u00a0? <\/span><\/h2>\n<p style=\"text-align: justify; padding-left: 30px;\">C- Je dis toujours qu&rsquo;il n&rsquo;y a pas qu&rsquo;une solution pour faire \u00e9voluer les choses. Faire du th\u00e9\u00e2tre, oui\u00a0! Parler autour de nous, oui\u00a0! Consommer autrement, oui\u00a0! Voter, oui\u00a0! Chacun \u00e0 sa part \u00e0 faire et pour paraphraser Bertolt Brecht encore une fois\u00a0: \u00ab\u00a0Celui qui lutte perdra peut-\u00eatre, celui qui ne lutte pas a d\u00e9j\u00e0 perdu.\u00a0\u00bb<\/p>\n<p>___<\/p>\n<p style=\"text-align: justify; padding-left: 30px;\"><strong>Interview r\u00e9alis\u00e9e par Laura Mahieu<\/strong><\/p>\n","protected":false},"excerpt":{"rendered":"<p>Nourrir l&rsquo;humanit\u00e9 c&rsquo;est un m\u00e9tier, c&rsquo;est du \u00ab\u00a0Th\u00e9\u00e2tre documentaire au c\u0153ur de notre agriculture\u00a0\u00bb\u200b\u200b. Interview de Charles Culot de la Compagnie Art &amp; t\u00e7a&#8230;<\/p>\n","protected":false},"author":42,"featured_media":4814,"comment_status":"closed","ping_status":"open","sticky":false,"template":"","format":"image","meta":[],"categories":[11],"tags":[39],"acf":[],"yoast_head":"<!-- This site is optimized with the Yoast SEO plugin v20.1 - https:\/\/yoast.com\/wordpress\/plugins\/seo\/ -->\n<title>VOIR : Nourrir l&#039;humanit\u00e9 c&#039;est un m\u00e9tier - Jump<\/title>\n<meta name=\"robots\" content=\"index, follow, max-snippet:-1, max-image-preview:large, max-video-preview:-1\" \/>\n<link rel=\"canonical\" href=\"https:\/\/www.ecoloj.be\/goforclimatejustice\/jump\/voirnourrir-lhumanite-cest-un-metier\/\" \/>\n<meta property=\"og:locale\" content=\"fr_FR\" \/>\n<meta property=\"og:type\" content=\"article\" \/>\n<meta property=\"og:title\" content=\"VOIR : Nourrir l&#039;humanit\u00e9 c&#039;est un m\u00e9tier - Jump\" \/>\n<meta property=\"og:description\" content=\"Nourrir l&rsquo;humanit\u00e9 c&rsquo;est un m\u00e9tier, c&rsquo;est du \u00ab\u00a0Th\u00e9\u00e2tre documentaire au c\u0153ur de notre agriculture\u00a0\u00bb\u200b\u200b. Interview de Charles Culot de la Compagnie Art &amp; t\u00e7a&#8230;\" \/>\n<meta property=\"og:url\" content=\"https:\/\/www.ecoloj.be\/goforclimatejustice\/jump\/voirnourrir-lhumanite-cest-un-metier\/\" \/>\n<meta property=\"og:site_name\" content=\"Jump\" \/>\n<meta property=\"article:publisher\" content=\"https:\/\/www.facebook.com\/ecolojfederal\" \/>\n<meta property=\"article:published_time\" content=\"2016-10-10T13:59:54+00:00\" \/>\n<meta property=\"article:modified_time\" content=\"2022-07-29T16:55:05+00:00\" \/>\n<meta property=\"og:image\" content=\"https:\/\/www.ecoloj.be\/goforclimatejustice\/jump\/wp-content\/uploads\/sites\/3\/2016\/10\/images-jump-articles41.jpg\" \/>\n\t<meta property=\"og:image:width\" content=\"1200\" \/>\n\t<meta property=\"og:image:height\" content=\"627\" \/>\n\t<meta property=\"og:image:type\" content=\"image\/jpeg\" \/>\n<meta name=\"author\" content=\"Laura Mahieu\" \/>\n<meta name=\"twitter:card\" content=\"summary_large_image\" \/>\n<meta name=\"twitter:creator\" content=\"@ecoloj\" \/>\n<meta name=\"twitter:site\" content=\"@ecoloj\" \/>\n<meta name=\"twitter:label1\" content=\"\u00c9crit par\" \/>\n\t<meta name=\"twitter:data1\" content=\"Laura Mahieu\" \/>\n\t<meta name=\"twitter:label2\" content=\"Dur\u00e9e de lecture estim\u00e9e\" \/>\n\t<meta name=\"twitter:data2\" content=\"9 minutes\" \/>\n<script type=\"application\/ld+json\" class=\"yoast-schema-graph\">{\"@context\":\"https:\/\/schema.org\",\"@graph\":[{\"@type\":\"WebPage\",\"@id\":\"https:\/\/www.ecoloj.be\/goforclimatejustice\/jump\/voirnourrir-lhumanite-cest-un-metier\/\",\"url\":\"https:\/\/www.ecoloj.be\/goforclimatejustice\/jump\/voirnourrir-lhumanite-cest-un-metier\/\",\"name\":\"VOIR : Nourrir l'humanit\u00e9 c'est un m\u00e9tier - Jump\",\"isPartOf\":{\"@id\":\"http:\/\/www.ecoloj.be\/goforclimatejustice\/jump\/#website\"},\"datePublished\":\"2016-10-10T13:59:54+00:00\",\"dateModified\":\"2022-07-29T16:55:05+00:00\",\"author\":{\"@id\":\"http:\/\/www.ecoloj.be\/goforclimatejustice\/jump\/#\/schema\/person\/79c76dc14d107bbc9b6564bff42194cb\"},\"breadcrumb\":{\"@id\":\"https:\/\/www.ecoloj.be\/goforclimatejustice\/jump\/voirnourrir-lhumanite-cest-un-metier\/#breadcrumb\"},\"inLanguage\":\"fr-FR\",\"potentialAction\":[{\"@type\":\"ReadAction\",\"target\":[\"https:\/\/www.ecoloj.be\/goforclimatejustice\/jump\/voirnourrir-lhumanite-cest-un-metier\/\"]}]},{\"@type\":\"BreadcrumbList\",\"@id\":\"https:\/\/www.ecoloj.be\/goforclimatejustice\/jump\/voirnourrir-lhumanite-cest-un-metier\/#breadcrumb\",\"itemListElement\":[{\"@type\":\"ListItem\",\"position\":1,\"name\":\"Accueil\",\"item\":\"https:\/\/www.ecoloj.be\/goforclimatejustice\/jump\/\"},{\"@type\":\"ListItem\",\"position\":2,\"name\":\"VOIR : Nourrir l&rsquo;humanit\u00e9 c&rsquo;est un m\u00e9tier\"}]},{\"@type\":\"WebSite\",\"@id\":\"http:\/\/www.ecoloj.be\/goforclimatejustice\/jump\/#website\",\"url\":\"http:\/\/www.ecoloj.be\/goforclimatejustice\/jump\/\",\"name\":\"Jump\",\"description\":\"le magazine d&#039;\u00e9colo j\",\"potentialAction\":[{\"@type\":\"SearchAction\",\"target\":{\"@type\":\"EntryPoint\",\"urlTemplate\":\"http:\/\/www.ecoloj.be\/goforclimatejustice\/jump\/?s={search_term_string}\"},\"query-input\":\"required name=search_term_string\"}],\"inLanguage\":\"fr-FR\"},{\"@type\":\"Person\",\"@id\":\"http:\/\/www.ecoloj.be\/goforclimatejustice\/jump\/#\/schema\/person\/79c76dc14d107bbc9b6564bff42194cb\",\"name\":\"Laura Mahieu\",\"image\":{\"@type\":\"ImageObject\",\"inLanguage\":\"fr-FR\",\"@id\":\"http:\/\/www.ecoloj.be\/goforclimatejustice\/jump\/#\/schema\/person\/image\/\",\"url\":\"https:\/\/secure.gravatar.com\/avatar\/4ec63489afd0f7539152b782bacde81c?s=96&d=mm&r=g\",\"contentUrl\":\"https:\/\/secure.gravatar.com\/avatar\/4ec63489afd0f7539152b782bacde81c?s=96&d=mm&r=g\",\"caption\":\"Laura Mahieu\"},\"url\":\"https:\/\/www.ecoloj.be\/goforclimatejustice\/jump\/author\/lauramahieu\/\"}]}<\/script>\n<!-- \/ Yoast SEO plugin. -->","yoast_head_json":{"title":"VOIR : Nourrir l'humanit\u00e9 c'est un m\u00e9tier - Jump","robots":{"index":"index","follow":"follow","max-snippet":"max-snippet:-1","max-image-preview":"max-image-preview:large","max-video-preview":"max-video-preview:-1"},"canonical":"https:\/\/www.ecoloj.be\/goforclimatejustice\/jump\/voirnourrir-lhumanite-cest-un-metier\/","og_locale":"fr_FR","og_type":"article","og_title":"VOIR : Nourrir l'humanit\u00e9 c'est un m\u00e9tier - Jump","og_description":"Nourrir l&rsquo;humanit\u00e9 c&rsquo;est un m\u00e9tier, c&rsquo;est du \u00ab\u00a0Th\u00e9\u00e2tre documentaire au c\u0153ur de notre agriculture\u00a0\u00bb\u200b\u200b. Interview de Charles Culot de la Compagnie Art &amp; t\u00e7a&#8230;","og_url":"https:\/\/www.ecoloj.be\/goforclimatejustice\/jump\/voirnourrir-lhumanite-cest-un-metier\/","og_site_name":"Jump","article_publisher":"https:\/\/www.facebook.com\/ecolojfederal","article_published_time":"2016-10-10T13:59:54+00:00","article_modified_time":"2022-07-29T16:55:05+00:00","og_image":[{"width":1200,"height":627,"url":"https:\/\/www.ecoloj.be\/goforclimatejustice\/jump\/wp-content\/uploads\/sites\/3\/2016\/10\/images-jump-articles41.jpg","type":"image\/jpeg"}],"author":"Laura Mahieu","twitter_card":"summary_large_image","twitter_creator":"@ecoloj","twitter_site":"@ecoloj","twitter_misc":{"\u00c9crit par":"Laura Mahieu","Dur\u00e9e de lecture estim\u00e9e":"9 minutes"},"schema":{"@context":"https:\/\/schema.org","@graph":[{"@type":"WebPage","@id":"https:\/\/www.ecoloj.be\/goforclimatejustice\/jump\/voirnourrir-lhumanite-cest-un-metier\/","url":"https:\/\/www.ecoloj.be\/goforclimatejustice\/jump\/voirnourrir-lhumanite-cest-un-metier\/","name":"VOIR : Nourrir l'humanit\u00e9 c'est un m\u00e9tier - Jump","isPartOf":{"@id":"http:\/\/www.ecoloj.be\/goforclimatejustice\/jump\/#website"},"datePublished":"2016-10-10T13:59:54+00:00","dateModified":"2022-07-29T16:55:05+00:00","author":{"@id":"http:\/\/www.ecoloj.be\/goforclimatejustice\/jump\/#\/schema\/person\/79c76dc14d107bbc9b6564bff42194cb"},"breadcrumb":{"@id":"https:\/\/www.ecoloj.be\/goforclimatejustice\/jump\/voirnourrir-lhumanite-cest-un-metier\/#breadcrumb"},"inLanguage":"fr-FR","potentialAction":[{"@type":"ReadAction","target":["https:\/\/www.ecoloj.be\/goforclimatejustice\/jump\/voirnourrir-lhumanite-cest-un-metier\/"]}]},{"@type":"BreadcrumbList","@id":"https:\/\/www.ecoloj.be\/goforclimatejustice\/jump\/voirnourrir-lhumanite-cest-un-metier\/#breadcrumb","itemListElement":[{"@type":"ListItem","position":1,"name":"Accueil","item":"https:\/\/www.ecoloj.be\/goforclimatejustice\/jump\/"},{"@type":"ListItem","position":2,"name":"VOIR : Nourrir l&rsquo;humanit\u00e9 c&rsquo;est un m\u00e9tier"}]},{"@type":"WebSite","@id":"http:\/\/www.ecoloj.be\/goforclimatejustice\/jump\/#website","url":"http:\/\/www.ecoloj.be\/goforclimatejustice\/jump\/","name":"Jump","description":"le magazine d&#039;\u00e9colo j","potentialAction":[{"@type":"SearchAction","target":{"@type":"EntryPoint","urlTemplate":"http:\/\/www.ecoloj.be\/goforclimatejustice\/jump\/?s={search_term_string}"},"query-input":"required name=search_term_string"}],"inLanguage":"fr-FR"},{"@type":"Person","@id":"http:\/\/www.ecoloj.be\/goforclimatejustice\/jump\/#\/schema\/person\/79c76dc14d107bbc9b6564bff42194cb","name":"Laura Mahieu","image":{"@type":"ImageObject","inLanguage":"fr-FR","@id":"http:\/\/www.ecoloj.be\/goforclimatejustice\/jump\/#\/schema\/person\/image\/","url":"https:\/\/secure.gravatar.com\/avatar\/4ec63489afd0f7539152b782bacde81c?s=96&d=mm&r=g","contentUrl":"https:\/\/secure.gravatar.com\/avatar\/4ec63489afd0f7539152b782bacde81c?s=96&d=mm&r=g","caption":"Laura Mahieu"},"url":"https:\/\/www.ecoloj.be\/goforclimatejustice\/jump\/author\/lauramahieu\/"}]}},"_links":{"self":[{"href":"https:\/\/www.ecoloj.be\/goforclimatejustice\/jump\/wp-json\/wp\/v2\/posts\/1761"}],"collection":[{"href":"https:\/\/www.ecoloj.be\/goforclimatejustice\/jump\/wp-json\/wp\/v2\/posts"}],"about":[{"href":"https:\/\/www.ecoloj.be\/goforclimatejustice\/jump\/wp-json\/wp\/v2\/types\/post"}],"author":[{"embeddable":true,"href":"https:\/\/www.ecoloj.be\/goforclimatejustice\/jump\/wp-json\/wp\/v2\/users\/42"}],"replies":[{"embeddable":true,"href":"https:\/\/www.ecoloj.be\/goforclimatejustice\/jump\/wp-json\/wp\/v2\/comments?post=1761"}],"version-history":[{"count":15,"href":"https:\/\/www.ecoloj.be\/goforclimatejustice\/jump\/wp-json\/wp\/v2\/posts\/1761\/revisions"}],"predecessor-version":[{"id":4817,"href":"https:\/\/www.ecoloj.be\/goforclimatejustice\/jump\/wp-json\/wp\/v2\/posts\/1761\/revisions\/4817"}],"wp:featuredmedia":[{"embeddable":true,"href":"https:\/\/www.ecoloj.be\/goforclimatejustice\/jump\/wp-json\/wp\/v2\/media\/4814"}],"wp:attachment":[{"href":"https:\/\/www.ecoloj.be\/goforclimatejustice\/jump\/wp-json\/wp\/v2\/media?parent=1761"}],"wp:term":[{"taxonomy":"category","embeddable":true,"href":"https:\/\/www.ecoloj.be\/goforclimatejustice\/jump\/wp-json\/wp\/v2\/categories?post=1761"},{"taxonomy":"post_tag","embeddable":true,"href":"https:\/\/www.ecoloj.be\/goforclimatejustice\/jump\/wp-json\/wp\/v2\/tags?post=1761"}],"curies":[{"name":"wp","href":"https:\/\/api.w.org\/{rel}","templated":true}]}}