{"id":2391,"date":"2017-06-09T11:26:37","date_gmt":"2017-06-09T10:26:37","guid":{"rendered":"http:\/\/www.ecoloj.be\/goforclimatejustice\/jump\/?p=2391"},"modified":"2022-11-23T10:22:53","modified_gmt":"2022-11-23T09:22:53","slug":"lire-8-bd-sur-les-questions-de-genre-a-devorer-sans-tarder","status":"publish","type":"post","link":"https:\/\/www.ecoloj.be\/goforclimatejustice\/jump\/lire-8-bd-sur-les-questions-de-genre-a-devorer-sans-tarder\/","title":{"rendered":"LIRE : 8 BD sur les questions de genre \u00e0 d\u00e9vorer sans tarder !"},"content":{"rendered":"<p><strong>8 BD<\/strong> sur les questions de genre \u00e0 d\u00e9vorer sans tarder !<\/p>\n<p><!--more--><\/p>\n<ol>\n<li>\n<h2 style=\"text-align: left;\"><span lang=\"nl-BE\" style=\"color: #99cc00;\">DesSeins &#8211; Dargaud<\/span><\/h2>\n<\/li>\n<\/ol>\n<h2 style=\"padding-left: 60px; text-align: left;\"><span lang=\"nl-BE\"><img decoding=\"async\" loading=\"lazy\" class=\"alignleft wp-image-2394\" src=\"http:\/\/www.ecoloj.be\/goforclimatejustice\/jump\/wp-content\/uploads\/sites\/3\/2017\/06\/desseins.png\" alt=\"desseins\" width=\"100\" height=\"100\" \/><\/span><\/h2>\n<p style=\"padding-left: 60px; text-align: left;\"><span lang=\"nl-BE\">C\u2019est cette BD de <strong>Olivier Pont<\/strong> qui a r\u00e9veill\u00e9 en moi l\u2019amour pour la Bande-Dessin\u00e9e qui s\u2019\u00e9tait \u00e9teint apr\u00e8s ma passion pour <a href=\"http:\/\/www.dupuis.com\/seriebd\/tamara\/555\" target=\"_blank\" rel=\"noopener\"><span style=\"text-decoration: underline;\"><em><strong>Tamara<\/strong> <\/em><\/span><\/a>et<span style=\"text-decoration: underline;\"><strong><em> <a href=\"http:\/\/www.lesnombrils.com\/\" target=\"_blank\" rel=\"noopener\">les Nombrils<\/a><\/em><\/strong><\/span>. Le dessin est magnifique mais ce sont surtout les histoires qui m\u2019ont s\u00e9duites. L\u2019auteur a trouv\u00e9 la mani\u00e8re la plus juste d\u2019allier image et texte pour nous transporter dans <strong>les tranches de vies de femmes passionnantes et si diff\u00e9rentes<\/strong>. Le concept de f\u00e9minit\u00e9 \u00e0 quoi tient-il ? Existe-t-il seulement une d\u00e9finition absolue ? <\/span><\/p>\n<p style=\"padding-left: 60px; text-align: left;\"><span lang=\"nl-BE\">Cette \u0153uvre lie sensibilit\u00e9 et r\u00e9alisme pour tenter de r\u00e9pondre \u00e0 ces questions. <\/span><\/p>\n<p>&nbsp;<\/p>\n<hr \/>\n<ol style=\"text-align: left;\" start=\"2\">\n<li>\n<h2><span lang=\"nl-BE\" style=\"color: #99cc00;\">Gar\u00e7on manqu\u00e9 \u2013 \u00e7a et l\u00e0<\/span><\/h2>\n<\/li>\n<\/ol>\n<p style=\"padding-left: 60px; text-align: left;\"><span lang=\"nl-BE\"><img decoding=\"async\" loading=\"lazy\" class=\"alignleft wp-image-2399\" src=\"http:\/\/www.ecoloj.be\/goforclimatejustice\/jump\/wp-content\/uploads\/sites\/3\/2017\/06\/garconmanque.png\" alt=\"garconmanque\" width=\"100\" height=\"100\" \/>Depuis toute petite, Liz Prince navigue entre l\u2019univers \u201cdes filles\u201d qu\u2019elle d\u00e9teste et celui \u201cdes gar\u00e7ons\u201d qu\u2019elle appr\u00e9cie mais dans lequel elle est souvent consid\u00e9r\u00e9e comme ill\u00e9gitime. Elle partage son v\u00e9cu, ses difficult\u00e9s et son parcours pour d\u00e9finir son identit\u00e9 propre, en dehors des cadres genr\u00e9s impos\u00e9s par la soci\u00e9t\u00e9. <\/span><\/p>\n<p style=\"padding-left: 60px; text-align: left;\"><span lang=\"nl-BE\"><strong>Cette BD autobiographique raconte l\u2019histoire d\u2019un gar\u00e7on manqu\u00e9<\/strong>. <\/span><\/p>\n<p>&nbsp;<\/p>\n<hr \/>\n<ol style=\"text-align: left;\" start=\"3\">\n<li>\n<h2><span style=\"color: #99cc00;\">\u201c<span lang=\"nl-BE\">Le f\u00e9minisme en 7 slogans et citations\u201d \u2013 la petite B\u00e9d\u00e9th\u00e8que des savoirs <\/span><\/span><\/h2>\n<\/li>\n<\/ol>\n<p style=\"padding-left: 90px; text-align: left;\"><span lang=\"nl-BE\"><img decoding=\"async\" loading=\"lazy\" class=\"alignleft wp-image-2400\" src=\"http:\/\/www.ecoloj.be\/goforclimatejustice\/jump\/wp-content\/uploads\/sites\/3\/2017\/06\/feminisme.png\" alt=\"feminisme\" width=\"100\" height=\"100\" \/>Si tu veux en savoir plus sur le f\u00e9minisme de mani\u00e8re ludique, je ne peux que te conseiller cette BD ! A travers des slogans et grands \u00e9v\u00e8nements, <strong>Anne-Charlotte Husson<\/strong> et <strong>Thomas Mathieu<\/strong> retracent les grandes \u00e9tapes et les concepts cl\u00e9s de ce combat. <\/span><\/p>\n<p style=\"padding-left: 90px; text-align: left;\"><span lang=\"nl-BE\"><strong>Une petite bible du f\u00e9minisme illustr\u00e9 !<\/strong> <\/span><\/p>\n<p>&nbsp;<\/p>\n<hr \/>\n<ol style=\"text-align: left;\" start=\"4\">\n<li>\n<h2><span lang=\"nl-BE\" style=\"color: #99cc00;\">Les culott\u00e9es \u2013 Galimard<\/span><\/h2>\n<\/li>\n<\/ol>\n<p style=\"padding-left: 90px; text-align: left;\"><span lang=\"nl-BE\"><img decoding=\"async\" loading=\"lazy\" class=\"alignleft wp-image-2401\" src=\"http:\/\/www.ecoloj.be\/goforclimatejustice\/jump\/wp-content\/uploads\/sites\/3\/2017\/06\/culotees.png\" alt=\"culotees\" width=\"100\" height=\"100\" \/><strong>Incontournable !<\/strong> <strong>P\u00e9n\u00e9lope Bagieu<\/strong> retrace la vie de <strong>grandes femmes qui ont marqu\u00e9 l\u2019Histoire<\/strong> mais qui sont malheureusement oubli\u00e9es des manuels scolaires et de la m\u00e9moire collective. Portrait apr\u00e8s portrait, elle nous rappelle les destin\u00e9es de ces femmes qui font ce qu\u2019elles veulent ! <\/span><\/p>\n<p style=\"padding-left: 90px; text-align: left;\"><span lang=\"nl-BE\">J\u2019ai trouv\u00e9 ces deux tomes<strong> terriblement inspirants !<\/strong> <\/span><\/p>\n<p>&nbsp;<\/p>\n<hr \/>\n<ol style=\"text-align: left;\" start=\"5\">\n<li>\n<h2><span lang=\"nl-BE\" style=\"color: #99cc00;\">Commando Culotte &#8211; Ankama<\/span><\/h2>\n<\/li>\n<\/ol>\n<p style=\"padding-left: 90px; text-align: left;\"><span lang=\"nl-BE\"><img decoding=\"async\" loading=\"lazy\" class=\"alignleft wp-image-2406\" src=\"http:\/\/www.ecoloj.be\/goforclimatejustice\/jump\/wp-content\/uploads\/sites\/3\/2017\/06\/culotte.png\" alt=\"culotte\" width=\"100\" height=\"100\" \/><strong>Mirion Malle<\/strong> ne te racontera pas d\u2019histoires dans cette BD. Elle te propose plut\u00f4t des <strong>analyses<\/strong> des produits de la culture populaire<strong> d\u2019un point de vue f\u00e9ministe<\/strong> : <em>Harry Potter<\/em>, <em>Game of Throne<\/em>, <em>American Pie<\/em> mais aussi les ph\u00e9nom\u00e8nes tels que la \u201c<em>friendzone<\/em>\u201d ou les personnages f\u00e9minins forts. <\/span><\/p>\n<p style=\"padding-left: 90px; text-align: left;\"><span lang=\"nl-BE\">C\u2019est dr\u00f4le et en m\u00eame temps \u00e7a te permet de <strong>consommer tes s\u00e9ries et films pr\u00e9f\u00e9r\u00e9 avec bien plus d\u2019esprit critique !<\/strong> <\/span><\/p>\n<p>&nbsp;<\/p>\n<hr \/>\n<ol style=\"text-align: left;\" start=\"6\">\n<li>\n<h2><span lang=\"nl-BE\" style=\"color: #99cc00;\">Le Bleu est une Couleur Chaude et Corps Sonores \u2013 Gl\u00e9nat BD<\/span><\/h2>\n<\/li>\n<\/ol>\n<p style=\"padding-left: 90px; text-align: left;\"><span lang=\"nl-BE\"><img decoding=\"async\" loading=\"lazy\" class=\"alignleft wp-image-2402\" src=\"http:\/\/www.ecoloj.be\/goforclimatejustice\/jump\/wp-content\/uploads\/sites\/3\/2017\/06\/bleu.png\" alt=\"bleu\" width=\"100\" height=\"100\" \/><img decoding=\"async\" loading=\"lazy\" class=\"alignleft wp-image-2405\" src=\"http:\/\/www.ecoloj.be\/goforclimatejustice\/jump\/wp-content\/uploads\/sites\/3\/2017\/06\/corps.png\" alt=\"corps\" width=\"100\" height=\"100\" \/>Je te recommande tr\u00e8s tr\u00e8s chaudement ces deux BD de la merveilleuse <strong>Julie Maroh<\/strong>. <em>Le Bleu est une Couleur Chaude<\/em>, c\u2019est l\u2019\u0153uvre qui a inspir\u00e9 <em>La Vie d\u2019Ad\u00e8le<\/em>, mais honn\u00eatement, c\u2019est au moins mille fois mieux que le film, plus intense et plus complexe. On y d\u00e9couvre <strong>l\u2019histoire d\u2019amour entre Ema et Cl\u00e9mentine<\/strong>. C\u2019est touchant, c\u2019est beau et \u00e7a aborde avec justesse le sujet de l\u2019homosexualit\u00e9. <\/span><\/p>\n<p style=\"padding-left: 90px; text-align: left;\"><span lang=\"nl-BE\">Par la suite, l\u2019autrice \u00e0 r\u00e9alis\u00e9 <strong>un recueil de nouvelles<\/strong>, <em>Corps Sonores<\/em>. Elle y raconte des rencontres amoureuses diff\u00e9rentes de celles qu\u2019on peut lire habituellement. Transexualit\u00e9, polyamour, homosexualit\u00e9, handicap\u2026 ces <strong>amours souvent invisibilis\u00e9s<\/strong> sont <strong>cont\u00e9s avec d\u00e9licatesse<\/strong>.<\/span><\/p>\n<hr \/>\n<ol style=\"text-align: left;\" start=\"7\">\n<li>\n<h2><span lang=\"nl-BE\" style=\"color: #99cc00;\">Bitch Planet \u2013 Glenat<\/span><\/h2>\n<\/li>\n<\/ol>\n<p style=\"padding-left: 90px; text-align: left;\"><span lang=\"nl-BE\"><em><img decoding=\"async\" loading=\"lazy\" class=\"alignleft wp-image-2403\" src=\"http:\/\/www.ecoloj.be\/goforclimatejustice\/jump\/wp-content\/uploads\/sites\/3\/2017\/06\/bitch.png\" alt=\"bitch\" width=\"100\" height=\"100\" \/>Bitch Planet<\/em> de <strong>Sue DeConnick<\/strong> et <strong>Valentine De Landro<\/strong> a cr\u00e9\u00e9 un v\u00e9ritable ph\u00e9nom\u00e8ne aux \u00c9tats-Unis. Le pitch : dans un futur ou le monde est (encore plus) gouvern\u00e9 par le diktat des hommes, toutes les femmes qui ne correspondent pas parfaitement \u00e0 l\u2019id\u00e9al f\u00e9minin sont envoy\u00e9es sur <em>Bitch Planet<\/em> pour \u00eatre \u201cr\u00e9\u00e9duqu\u00e9es\u201d et redevenir \u201cconformes\u201d. <\/span><\/p>\n<p style=\"padding-left: 90px; text-align: left;\"><span lang=\"nl-BE\">Cette dystopie est un peu violente mais elle <strong>traduit \u00e9tonnamment bien les enjeux du sexisme, du consum\u00e9risme et les injustices de notre monde actuel<\/strong>.<\/span><\/p>\n<p>&nbsp;<\/p>\n<hr \/>\n<ol style=\"text-align: left;\" start=\"8\">\n<li>\n<h2><span lang=\"nl-BE\" style=\"color: #99cc00;\">Miss Marvel \u2013 Panini France<\/span><\/h2>\n<\/li>\n<\/ol>\n<p style=\"padding-left: 90px; text-align: left;\"><span lang=\"nl-BE\"><img decoding=\"async\" loading=\"lazy\" class=\"alignleft wp-image-2404\" src=\"http:\/\/www.ecoloj.be\/goforclimatejustice\/jump\/wp-content\/uploads\/sites\/3\/2017\/06\/marvel.png\" alt=\"marvel\" width=\"100\" height=\"100\" \/>Marre de <em>Iron Man<\/em>, <em>Hulk<\/em>, <em>Spiderman<\/em> et <em>Wolverine <\/em>? Envie de superh\u00e9ros un peu diff\u00e9rents, et pourquoi pas, d\u2019une femme pour une fois ? Wilson, Alphonsa et Herring vont surement te combler avec Kamalan Khan, cette jeune nana de confession musulmane qui se d\u00e9couvre des pouvoirs extraordinaires. <\/span><\/p>\n<p style=\"padding-left: 90px; text-align: left;\"><span lang=\"nl-BE\"><strong>Un nouveau mod\u00e8le de superh\u00e9ro<\/strong> qui pourrait faire r\u00eaver ta ni\u00e8ce, ta petite soeur et m\u00eame toi ! <\/span><\/p>\n<p>&nbsp;<\/p>\n<p>___<\/p>\n<p style=\"text-align: left;\"><strong>Mana<br \/>\n<\/strong><\/p>\n","protected":false},"excerpt":{"rendered":"<p>8 BD sur les questions de genre \u00e0 d\u00e9vorer sans tarder !<\/p>\n","protected":false},"author":75,"featured_media":4921,"comment_status":"closed","ping_status":"open","sticky":false,"template":"","format":"image","meta":[],"categories":[11],"tags":[85,81,145],"acf":[],"yoast_head":"<!-- This site is optimized with the Yoast SEO plugin v20.1 - https:\/\/yoast.com\/wordpress\/plugins\/seo\/ -->\n<title>LIRE : 8 BD sur les questions de genre \u00e0 d\u00e9vorer sans tarder ! - Jump<\/title>\n<meta name=\"robots\" content=\"index, follow, max-snippet:-1, max-image-preview:large, max-video-preview:-1\" \/>\n<link rel=\"canonical\" href=\"https:\/\/www.ecoloj.be\/goforclimatejustice\/jump\/lire-8-bd-sur-les-questions-de-genre-a-devorer-sans-tarder\/\" \/>\n<meta property=\"og:locale\" content=\"fr_FR\" \/>\n<meta property=\"og:type\" content=\"article\" \/>\n<meta property=\"og:title\" content=\"LIRE : 8 BD sur les questions de genre \u00e0 d\u00e9vorer sans tarder ! - Jump\" \/>\n<meta property=\"og:description\" content=\"8 BD sur les questions de genre \u00e0 d\u00e9vorer sans tarder !\" \/>\n<meta property=\"og:url\" content=\"https:\/\/www.ecoloj.be\/goforclimatejustice\/jump\/lire-8-bd-sur-les-questions-de-genre-a-devorer-sans-tarder\/\" \/>\n<meta property=\"og:site_name\" content=\"Jump\" \/>\n<meta property=\"article:publisher\" content=\"https:\/\/www.facebook.com\/ecolojfederal\" \/>\n<meta property=\"article:published_time\" content=\"2017-06-09T10:26:37+00:00\" \/>\n<meta property=\"article:modified_time\" content=\"2022-11-23T09:22:53+00:00\" \/>\n<meta property=\"og:image\" content=\"https:\/\/www.ecoloj.be\/goforclimatejustice\/jump\/wp-content\/uploads\/sites\/3\/2017\/06\/images-jump-articles82.jpg\" \/>\n\t<meta property=\"og:image:width\" content=\"1200\" \/>\n\t<meta property=\"og:image:height\" content=\"627\" \/>\n\t<meta property=\"og:image:type\" content=\"image\/jpeg\" \/>\n<meta name=\"author\" content=\"Mana\" \/>\n<meta name=\"twitter:card\" content=\"summary_large_image\" \/>\n<meta name=\"twitter:creator\" content=\"@ecoloj\" \/>\n<meta name=\"twitter:site\" content=\"@ecoloj\" \/>\n<meta name=\"twitter:label1\" content=\"\u00c9crit par\" \/>\n\t<meta name=\"twitter:data1\" content=\"Mana\" \/>\n\t<meta name=\"twitter:label2\" content=\"Dur\u00e9e de lecture estim\u00e9e\" \/>\n\t<meta name=\"twitter:data2\" content=\"4 minutes\" \/>\n<script type=\"application\/ld+json\" class=\"yoast-schema-graph\">{\"@context\":\"https:\/\/schema.org\",\"@graph\":[{\"@type\":\"WebPage\",\"@id\":\"https:\/\/www.ecoloj.be\/goforclimatejustice\/jump\/lire-8-bd-sur-les-questions-de-genre-a-devorer-sans-tarder\/\",\"url\":\"https:\/\/www.ecoloj.be\/goforclimatejustice\/jump\/lire-8-bd-sur-les-questions-de-genre-a-devorer-sans-tarder\/\",\"name\":\"LIRE : 8 BD sur les questions de genre \u00e0 d\u00e9vorer sans tarder ! - Jump\",\"isPartOf\":{\"@id\":\"http:\/\/www.ecoloj.be\/goforclimatejustice\/jump\/#website\"},\"datePublished\":\"2017-06-09T10:26:37+00:00\",\"dateModified\":\"2022-11-23T09:22:53+00:00\",\"author\":{\"@id\":\"http:\/\/www.ecoloj.be\/goforclimatejustice\/jump\/#\/schema\/person\/125d91149142ac093dd006cc11704e14\"},\"breadcrumb\":{\"@id\":\"https:\/\/www.ecoloj.be\/goforclimatejustice\/jump\/lire-8-bd-sur-les-questions-de-genre-a-devorer-sans-tarder\/#breadcrumb\"},\"inLanguage\":\"fr-FR\",\"potentialAction\":[{\"@type\":\"ReadAction\",\"target\":[\"https:\/\/www.ecoloj.be\/goforclimatejustice\/jump\/lire-8-bd-sur-les-questions-de-genre-a-devorer-sans-tarder\/\"]}]},{\"@type\":\"BreadcrumbList\",\"@id\":\"https:\/\/www.ecoloj.be\/goforclimatejustice\/jump\/lire-8-bd-sur-les-questions-de-genre-a-devorer-sans-tarder\/#breadcrumb\",\"itemListElement\":[{\"@type\":\"ListItem\",\"position\":1,\"name\":\"Accueil\",\"item\":\"https:\/\/www.ecoloj.be\/goforclimatejustice\/jump\/\"},{\"@type\":\"ListItem\",\"position\":2,\"name\":\"LIRE : 8 BD sur les questions de genre \u00e0 d\u00e9vorer sans tarder !\"}]},{\"@type\":\"WebSite\",\"@id\":\"http:\/\/www.ecoloj.be\/goforclimatejustice\/jump\/#website\",\"url\":\"http:\/\/www.ecoloj.be\/goforclimatejustice\/jump\/\",\"name\":\"Jump\",\"description\":\"le magazine d&#039;\u00e9colo j\",\"potentialAction\":[{\"@type\":\"SearchAction\",\"target\":{\"@type\":\"EntryPoint\",\"urlTemplate\":\"http:\/\/www.ecoloj.be\/goforclimatejustice\/jump\/?s={search_term_string}\"},\"query-input\":\"required name=search_term_string\"}],\"inLanguage\":\"fr-FR\"},{\"@type\":\"Person\",\"@id\":\"http:\/\/www.ecoloj.be\/goforclimatejustice\/jump\/#\/schema\/person\/125d91149142ac093dd006cc11704e14\",\"name\":\"Mana\",\"image\":{\"@type\":\"ImageObject\",\"inLanguage\":\"fr-FR\",\"@id\":\"http:\/\/www.ecoloj.be\/goforclimatejustice\/jump\/#\/schema\/person\/image\/\",\"url\":\"https:\/\/secure.gravatar.com\/avatar\/7c630d735c41f383590c72cd48541fc9?s=96&d=mm&r=g\",\"contentUrl\":\"https:\/\/secure.gravatar.com\/avatar\/7c630d735c41f383590c72cd48541fc9?s=96&d=mm&r=g\",\"caption\":\"Mana\"},\"url\":\"https:\/\/www.ecoloj.be\/goforclimatejustice\/jump\/author\/mana\/\"}]}<\/script>\n<!-- \/ Yoast SEO plugin. -->","yoast_head_json":{"title":"LIRE : 8 BD sur les questions de genre \u00e0 d\u00e9vorer sans tarder ! - Jump","robots":{"index":"index","follow":"follow","max-snippet":"max-snippet:-1","max-image-preview":"max-image-preview:large","max-video-preview":"max-video-preview:-1"},"canonical":"https:\/\/www.ecoloj.be\/goforclimatejustice\/jump\/lire-8-bd-sur-les-questions-de-genre-a-devorer-sans-tarder\/","og_locale":"fr_FR","og_type":"article","og_title":"LIRE : 8 BD sur les questions de genre \u00e0 d\u00e9vorer sans tarder ! - Jump","og_description":"8 BD sur les questions de genre \u00e0 d\u00e9vorer sans tarder !","og_url":"https:\/\/www.ecoloj.be\/goforclimatejustice\/jump\/lire-8-bd-sur-les-questions-de-genre-a-devorer-sans-tarder\/","og_site_name":"Jump","article_publisher":"https:\/\/www.facebook.com\/ecolojfederal","article_published_time":"2017-06-09T10:26:37+00:00","article_modified_time":"2022-11-23T09:22:53+00:00","og_image":[{"width":1200,"height":627,"url":"https:\/\/www.ecoloj.be\/goforclimatejustice\/jump\/wp-content\/uploads\/sites\/3\/2017\/06\/images-jump-articles82.jpg","type":"image\/jpeg"}],"author":"Mana","twitter_card":"summary_large_image","twitter_creator":"@ecoloj","twitter_site":"@ecoloj","twitter_misc":{"\u00c9crit par":"Mana","Dur\u00e9e de lecture estim\u00e9e":"4 minutes"},"schema":{"@context":"https:\/\/schema.org","@graph":[{"@type":"WebPage","@id":"https:\/\/www.ecoloj.be\/goforclimatejustice\/jump\/lire-8-bd-sur-les-questions-de-genre-a-devorer-sans-tarder\/","url":"https:\/\/www.ecoloj.be\/goforclimatejustice\/jump\/lire-8-bd-sur-les-questions-de-genre-a-devorer-sans-tarder\/","name":"LIRE : 8 BD sur les questions de genre \u00e0 d\u00e9vorer sans tarder ! - Jump","isPartOf":{"@id":"http:\/\/www.ecoloj.be\/goforclimatejustice\/jump\/#website"},"datePublished":"2017-06-09T10:26:37+00:00","dateModified":"2022-11-23T09:22:53+00:00","author":{"@id":"http:\/\/www.ecoloj.be\/goforclimatejustice\/jump\/#\/schema\/person\/125d91149142ac093dd006cc11704e14"},"breadcrumb":{"@id":"https:\/\/www.ecoloj.be\/goforclimatejustice\/jump\/lire-8-bd-sur-les-questions-de-genre-a-devorer-sans-tarder\/#breadcrumb"},"inLanguage":"fr-FR","potentialAction":[{"@type":"ReadAction","target":["https:\/\/www.ecoloj.be\/goforclimatejustice\/jump\/lire-8-bd-sur-les-questions-de-genre-a-devorer-sans-tarder\/"]}]},{"@type":"BreadcrumbList","@id":"https:\/\/www.ecoloj.be\/goforclimatejustice\/jump\/lire-8-bd-sur-les-questions-de-genre-a-devorer-sans-tarder\/#breadcrumb","itemListElement":[{"@type":"ListItem","position":1,"name":"Accueil","item":"https:\/\/www.ecoloj.be\/goforclimatejustice\/jump\/"},{"@type":"ListItem","position":2,"name":"LIRE : 8 BD sur les questions de genre \u00e0 d\u00e9vorer sans tarder !"}]},{"@type":"WebSite","@id":"http:\/\/www.ecoloj.be\/goforclimatejustice\/jump\/#website","url":"http:\/\/www.ecoloj.be\/goforclimatejustice\/jump\/","name":"Jump","description":"le magazine d&#039;\u00e9colo j","potentialAction":[{"@type":"SearchAction","target":{"@type":"EntryPoint","urlTemplate":"http:\/\/www.ecoloj.be\/goforclimatejustice\/jump\/?s={search_term_string}"},"query-input":"required name=search_term_string"}],"inLanguage":"fr-FR"},{"@type":"Person","@id":"http:\/\/www.ecoloj.be\/goforclimatejustice\/jump\/#\/schema\/person\/125d91149142ac093dd006cc11704e14","name":"Mana","image":{"@type":"ImageObject","inLanguage":"fr-FR","@id":"http:\/\/www.ecoloj.be\/goforclimatejustice\/jump\/#\/schema\/person\/image\/","url":"https:\/\/secure.gravatar.com\/avatar\/7c630d735c41f383590c72cd48541fc9?s=96&d=mm&r=g","contentUrl":"https:\/\/secure.gravatar.com\/avatar\/7c630d735c41f383590c72cd48541fc9?s=96&d=mm&r=g","caption":"Mana"},"url":"https:\/\/www.ecoloj.be\/goforclimatejustice\/jump\/author\/mana\/"}]}},"_links":{"self":[{"href":"https:\/\/www.ecoloj.be\/goforclimatejustice\/jump\/wp-json\/wp\/v2\/posts\/2391"}],"collection":[{"href":"https:\/\/www.ecoloj.be\/goforclimatejustice\/jump\/wp-json\/wp\/v2\/posts"}],"about":[{"href":"https:\/\/www.ecoloj.be\/goforclimatejustice\/jump\/wp-json\/wp\/v2\/types\/post"}],"author":[{"embeddable":true,"href":"https:\/\/www.ecoloj.be\/goforclimatejustice\/jump\/wp-json\/wp\/v2\/users\/75"}],"replies":[{"embeddable":true,"href":"https:\/\/www.ecoloj.be\/goforclimatejustice\/jump\/wp-json\/wp\/v2\/comments?post=2391"}],"version-history":[{"count":14,"href":"https:\/\/www.ecoloj.be\/goforclimatejustice\/jump\/wp-json\/wp\/v2\/posts\/2391\/revisions"}],"predecessor-version":[{"id":4788,"href":"https:\/\/www.ecoloj.be\/goforclimatejustice\/jump\/wp-json\/wp\/v2\/posts\/2391\/revisions\/4788"}],"wp:featuredmedia":[{"embeddable":true,"href":"https:\/\/www.ecoloj.be\/goforclimatejustice\/jump\/wp-json\/wp\/v2\/media\/4921"}],"wp:attachment":[{"href":"https:\/\/www.ecoloj.be\/goforclimatejustice\/jump\/wp-json\/wp\/v2\/media?parent=2391"}],"wp:term":[{"taxonomy":"category","embeddable":true,"href":"https:\/\/www.ecoloj.be\/goforclimatejustice\/jump\/wp-json\/wp\/v2\/categories?post=2391"},{"taxonomy":"post_tag","embeddable":true,"href":"https:\/\/www.ecoloj.be\/goforclimatejustice\/jump\/wp-json\/wp\/v2\/tags?post=2391"}],"curies":[{"name":"wp","href":"https:\/\/api.w.org\/{rel}","templated":true}]}}