{"id":2706,"date":"2017-12-03T16:45:59","date_gmt":"2017-12-03T15:45:59","guid":{"rendered":"http:\/\/www.ecoloj.be\/goforclimatejustice\/jump\/?p=2706"},"modified":"2022-11-23T10:46:03","modified_gmt":"2022-11-23T09:46:03","slug":"palestine-lor-bleu-ne-porte-bien-nom-palestine","status":"publish","type":"post","link":"https:\/\/www.ecoloj.be\/goforclimatejustice\/jump\/palestine-lor-bleu-ne-porte-bien-nom-palestine\/","title":{"rendered":"L\u2019or bleu ne porte que trop bien son nom en Palestine"},"content":{"rendered":"<p><strong>Rarement au centre des d\u00e9bats<\/strong>, les restrictions d\u2019acc\u00e8s \u00e0 l\u2019eau impos\u00e9es par Isra\u00ebl \u00e0 la Palestine sont l\u2019une des formes les plus insidieuses de l\u2019occupation,<\/p>\n<p><!--more--><\/p>\n<p>malgr\u00e9 les obligations que se doit de remplir l\u2019occupant isra\u00e9lien en vertu du droit international humanitaire.<\/p>\n<p>Le manque d\u2019eau chronique est apparu au grand jour plusieurs fois durant notre voyage en Cisjordanie et en particulier dans la Vall\u00e9e du Jourdain, o\u00f9 les zones verdoyantes isra\u00e9liennes c\u00f4toient les terres arides et d\u00e9sol\u00e9es palestiniennes.<\/p>\n<h2><span style=\"color: #99cc00;\">D\u2019apr\u00e8s Amnesty International, la consommation d\u2019eau journali\u00e8re des Palestinien.ne.s en Cisjordanie s\u2019\u00e9l\u00e8ve \u00e0 70 l\/pers<\/span><\/h2>\n<p>C&rsquo;est donc 30 litres de moins que les 100l pr\u00e9conis\u00e9s par l\u2019OMS et 4 fois moins que celle des colons de la r\u00e9gion (environ 300). Avec une telle consommation, impossible de subvenir \u00e0 tous les besoins ni de permettre \u00e0 l\u2019agriculture de fleurir. Les probl\u00e8mes des Palestinien.ne.s sont multiples : d\u2019abord, l\u2019acc\u00e8s aux nappes phr\u00e9atiques est tr\u00e8s in\u00e9quitable puisque les Isra\u00e9lien.ne.s s\u2019accaparent 80% de l\u2019eau de ces nappes. En zone C, la zone de la Cisjordanie sous administration isra\u00e9lienne (60% de la Cisjordanie), les Palestinien.ne.s doivent en outre demander l\u2019autorisation aux autorit\u00e9s isra\u00e9liennes pour construire ou r\u00e9parer des infrastructures, qu\u2019elles n\u2019accordent que dans 3% des cas. Par cons\u00e9quent, les Palestinien.ne.s doivent se r\u00e9soudre soit \u00e0 acheter de l\u2019eau \u00e0 un prix exorbitant issue des r\u00e9serves accapar\u00e9es par Isra\u00ebl, soit \u00e0 construire ou \u00e0 r\u00e9nover sans autorisation. Malheureusement, les infrastructures construites de la sorte, parfois financ\u00e9es par l\u2019aide humanitaire internationale, sont bien souvent d\u00e9truites : 205 infrastructures palestiniennes, dont des citernes et des r\u00e9servoirs d\u2019eau, ont subi ce sort rien qu\u2019entre 2011 et 2013.<\/p>\n<h2><span style=\"color: #99cc00;\">Une r\u00e9silience \u00e0 toute \u00e9preuve<\/span><\/h2>\n<p>Face \u00e0 ces probl\u00e8mes qui touchent autant la Cisjordanie que Gaza (o\u00f9 95% de l\u2019eau courante est impropre \u00e0 la consommation), les Palestinien.ne.s que nous avons rencontr\u00e9.e.s font preuve d\u2019une r\u00e9silience \u00e0 toute \u00e9preuve. Malgr\u00e9 tous les efforts consentis par Isra\u00ebl pour les chasser des territoires occup\u00e9s, iels r\u00e9parent et construisent sans rel\u00e2che ces infrastructures indispensables \u00e0 leur survie, d\u00e9termin\u00e9.e.s \u00e0 ne jamais quitter leurs terres. Il est temps que cette r\u00e9sistance porte ses fruits, et que la Palestine puisse enfin vivre dignement et jouir de tous les droits de la personne, bafou\u00e9s depuis si longtemps dans cette r\u00e9gion.<\/p>\n<p>___<\/p>\n<p><strong>Lucas Bernaerts<br \/>\n<\/strong><\/p>\n","protected":false},"excerpt":{"rendered":"<p>Rarement au centre des d\u00e9bats, les restrictions d\u2019acc\u00e8s \u00e0 l\u2019eau impos\u00e9es par Isra\u00ebl \u00e0 la Palestine sont l\u2019une des formes les plus insidieuses de l\u2019occupation,<\/p>\n","protected":false},"author":37,"featured_media":5088,"comment_status":"closed","ping_status":"open","sticky":false,"template":"","format":"image","meta":[],"categories":[125],"tags":[65,92],"acf":[],"yoast_head":"<!-- This site is optimized with the Yoast SEO plugin v20.1 - https:\/\/yoast.com\/wordpress\/plugins\/seo\/ -->\n<title>L\u2019or bleu ne porte que trop bien son nom en Palestine - Jump<\/title>\n<meta name=\"robots\" content=\"index, follow, max-snippet:-1, max-image-preview:large, max-video-preview:-1\" \/>\n<link rel=\"canonical\" href=\"https:\/\/www.ecoloj.be\/goforclimatejustice\/jump\/palestine-lor-bleu-ne-porte-bien-nom-palestine\/\" \/>\n<meta property=\"og:locale\" content=\"fr_FR\" \/>\n<meta property=\"og:type\" content=\"article\" \/>\n<meta property=\"og:title\" content=\"L\u2019or bleu ne porte que trop bien son nom en Palestine - Jump\" \/>\n<meta property=\"og:description\" content=\"Rarement au centre des d\u00e9bats, les restrictions d\u2019acc\u00e8s \u00e0 l\u2019eau impos\u00e9es par Isra\u00ebl \u00e0 la Palestine sont l\u2019une des formes les plus insidieuses de l\u2019occupation,\" \/>\n<meta property=\"og:url\" content=\"https:\/\/www.ecoloj.be\/goforclimatejustice\/jump\/palestine-lor-bleu-ne-porte-bien-nom-palestine\/\" \/>\n<meta property=\"og:site_name\" content=\"Jump\" \/>\n<meta property=\"article:publisher\" content=\"https:\/\/www.facebook.com\/ecolojfederal\" \/>\n<meta property=\"article:published_time\" content=\"2017-12-03T15:45:59+00:00\" \/>\n<meta property=\"article:modified_time\" content=\"2022-11-23T09:46:03+00:00\" \/>\n<meta property=\"og:image\" content=\"https:\/\/www.ecoloj.be\/goforclimatejustice\/jump\/wp-content\/uploads\/sites\/3\/2017\/12\/images-jump-articles116.jpg\" \/>\n\t<meta property=\"og:image:width\" content=\"1200\" \/>\n\t<meta property=\"og:image:height\" content=\"627\" \/>\n\t<meta property=\"og:image:type\" content=\"image\/jpeg\" \/>\n<meta name=\"author\" content=\"Lucas Bernaerts\" \/>\n<meta name=\"twitter:card\" content=\"summary_large_image\" \/>\n<meta name=\"twitter:creator\" content=\"@ecoloj\" \/>\n<meta name=\"twitter:site\" content=\"@ecoloj\" \/>\n<meta name=\"twitter:label1\" content=\"\u00c9crit par\" \/>\n\t<meta name=\"twitter:data1\" content=\"Lucas Bernaerts\" \/>\n\t<meta name=\"twitter:label2\" content=\"Dur\u00e9e de lecture estim\u00e9e\" \/>\n\t<meta name=\"twitter:data2\" content=\"2 minutes\" \/>\n<script type=\"application\/ld+json\" class=\"yoast-schema-graph\">{\"@context\":\"https:\/\/schema.org\",\"@graph\":[{\"@type\":\"WebPage\",\"@id\":\"https:\/\/www.ecoloj.be\/goforclimatejustice\/jump\/palestine-lor-bleu-ne-porte-bien-nom-palestine\/\",\"url\":\"https:\/\/www.ecoloj.be\/goforclimatejustice\/jump\/palestine-lor-bleu-ne-porte-bien-nom-palestine\/\",\"name\":\"L\u2019or bleu ne porte que trop bien son nom en Palestine - Jump\",\"isPartOf\":{\"@id\":\"http:\/\/www.ecoloj.be\/goforclimatejustice\/jump\/#website\"},\"datePublished\":\"2017-12-03T15:45:59+00:00\",\"dateModified\":\"2022-11-23T09:46:03+00:00\",\"author\":{\"@id\":\"http:\/\/www.ecoloj.be\/goforclimatejustice\/jump\/#\/schema\/person\/164b5a822ca7a3ca5f414d5ba6823e4c\"},\"breadcrumb\":{\"@id\":\"https:\/\/www.ecoloj.be\/goforclimatejustice\/jump\/palestine-lor-bleu-ne-porte-bien-nom-palestine\/#breadcrumb\"},\"inLanguage\":\"fr-FR\",\"potentialAction\":[{\"@type\":\"ReadAction\",\"target\":[\"https:\/\/www.ecoloj.be\/goforclimatejustice\/jump\/palestine-lor-bleu-ne-porte-bien-nom-palestine\/\"]}]},{\"@type\":\"BreadcrumbList\",\"@id\":\"https:\/\/www.ecoloj.be\/goforclimatejustice\/jump\/palestine-lor-bleu-ne-porte-bien-nom-palestine\/#breadcrumb\",\"itemListElement\":[{\"@type\":\"ListItem\",\"position\":1,\"name\":\"Accueil\",\"item\":\"https:\/\/www.ecoloj.be\/goforclimatejustice\/jump\/\"},{\"@type\":\"ListItem\",\"position\":2,\"name\":\"L\u2019or bleu ne porte que trop bien son nom en Palestine\"}]},{\"@type\":\"WebSite\",\"@id\":\"http:\/\/www.ecoloj.be\/goforclimatejustice\/jump\/#website\",\"url\":\"http:\/\/www.ecoloj.be\/goforclimatejustice\/jump\/\",\"name\":\"Jump\",\"description\":\"le magazine d&#039;\u00e9colo j\",\"potentialAction\":[{\"@type\":\"SearchAction\",\"target\":{\"@type\":\"EntryPoint\",\"urlTemplate\":\"http:\/\/www.ecoloj.be\/goforclimatejustice\/jump\/?s={search_term_string}\"},\"query-input\":\"required name=search_term_string\"}],\"inLanguage\":\"fr-FR\"},{\"@type\":\"Person\",\"@id\":\"http:\/\/www.ecoloj.be\/goforclimatejustice\/jump\/#\/schema\/person\/164b5a822ca7a3ca5f414d5ba6823e4c\",\"name\":\"Lucas Bernaerts\",\"image\":{\"@type\":\"ImageObject\",\"inLanguage\":\"fr-FR\",\"@id\":\"http:\/\/www.ecoloj.be\/goforclimatejustice\/jump\/#\/schema\/person\/image\/\",\"url\":\"https:\/\/secure.gravatar.com\/avatar\/f9d6680356f7684c01ef1fa2ba45da2a?s=96&d=mm&r=g\",\"contentUrl\":\"https:\/\/secure.gravatar.com\/avatar\/f9d6680356f7684c01ef1fa2ba45da2a?s=96&d=mm&r=g\",\"caption\":\"Lucas Bernaerts\"},\"url\":\"https:\/\/www.ecoloj.be\/goforclimatejustice\/jump\/author\/lucasbernaerts\/\"}]}<\/script>\n<!-- \/ Yoast SEO plugin. -->","yoast_head_json":{"title":"L\u2019or bleu ne porte que trop bien son nom en Palestine - Jump","robots":{"index":"index","follow":"follow","max-snippet":"max-snippet:-1","max-image-preview":"max-image-preview:large","max-video-preview":"max-video-preview:-1"},"canonical":"https:\/\/www.ecoloj.be\/goforclimatejustice\/jump\/palestine-lor-bleu-ne-porte-bien-nom-palestine\/","og_locale":"fr_FR","og_type":"article","og_title":"L\u2019or bleu ne porte que trop bien son nom en Palestine - Jump","og_description":"Rarement au centre des d\u00e9bats, les restrictions d\u2019acc\u00e8s \u00e0 l\u2019eau impos\u00e9es par Isra\u00ebl \u00e0 la Palestine sont l\u2019une des formes les plus insidieuses de l\u2019occupation,","og_url":"https:\/\/www.ecoloj.be\/goforclimatejustice\/jump\/palestine-lor-bleu-ne-porte-bien-nom-palestine\/","og_site_name":"Jump","article_publisher":"https:\/\/www.facebook.com\/ecolojfederal","article_published_time":"2017-12-03T15:45:59+00:00","article_modified_time":"2022-11-23T09:46:03+00:00","og_image":[{"width":1200,"height":627,"url":"https:\/\/www.ecoloj.be\/goforclimatejustice\/jump\/wp-content\/uploads\/sites\/3\/2017\/12\/images-jump-articles116.jpg","type":"image\/jpeg"}],"author":"Lucas Bernaerts","twitter_card":"summary_large_image","twitter_creator":"@ecoloj","twitter_site":"@ecoloj","twitter_misc":{"\u00c9crit par":"Lucas Bernaerts","Dur\u00e9e de lecture estim\u00e9e":"2 minutes"},"schema":{"@context":"https:\/\/schema.org","@graph":[{"@type":"WebPage","@id":"https:\/\/www.ecoloj.be\/goforclimatejustice\/jump\/palestine-lor-bleu-ne-porte-bien-nom-palestine\/","url":"https:\/\/www.ecoloj.be\/goforclimatejustice\/jump\/palestine-lor-bleu-ne-porte-bien-nom-palestine\/","name":"L\u2019or bleu ne porte que trop bien son nom en Palestine - Jump","isPartOf":{"@id":"http:\/\/www.ecoloj.be\/goforclimatejustice\/jump\/#website"},"datePublished":"2017-12-03T15:45:59+00:00","dateModified":"2022-11-23T09:46:03+00:00","author":{"@id":"http:\/\/www.ecoloj.be\/goforclimatejustice\/jump\/#\/schema\/person\/164b5a822ca7a3ca5f414d5ba6823e4c"},"breadcrumb":{"@id":"https:\/\/www.ecoloj.be\/goforclimatejustice\/jump\/palestine-lor-bleu-ne-porte-bien-nom-palestine\/#breadcrumb"},"inLanguage":"fr-FR","potentialAction":[{"@type":"ReadAction","target":["https:\/\/www.ecoloj.be\/goforclimatejustice\/jump\/palestine-lor-bleu-ne-porte-bien-nom-palestine\/"]}]},{"@type":"BreadcrumbList","@id":"https:\/\/www.ecoloj.be\/goforclimatejustice\/jump\/palestine-lor-bleu-ne-porte-bien-nom-palestine\/#breadcrumb","itemListElement":[{"@type":"ListItem","position":1,"name":"Accueil","item":"https:\/\/www.ecoloj.be\/goforclimatejustice\/jump\/"},{"@type":"ListItem","position":2,"name":"L\u2019or bleu ne porte que trop bien son nom en Palestine"}]},{"@type":"WebSite","@id":"http:\/\/www.ecoloj.be\/goforclimatejustice\/jump\/#website","url":"http:\/\/www.ecoloj.be\/goforclimatejustice\/jump\/","name":"Jump","description":"le magazine d&#039;\u00e9colo j","potentialAction":[{"@type":"SearchAction","target":{"@type":"EntryPoint","urlTemplate":"http:\/\/www.ecoloj.be\/goforclimatejustice\/jump\/?s={search_term_string}"},"query-input":"required name=search_term_string"}],"inLanguage":"fr-FR"},{"@type":"Person","@id":"http:\/\/www.ecoloj.be\/goforclimatejustice\/jump\/#\/schema\/person\/164b5a822ca7a3ca5f414d5ba6823e4c","name":"Lucas Bernaerts","image":{"@type":"ImageObject","inLanguage":"fr-FR","@id":"http:\/\/www.ecoloj.be\/goforclimatejustice\/jump\/#\/schema\/person\/image\/","url":"https:\/\/secure.gravatar.com\/avatar\/f9d6680356f7684c01ef1fa2ba45da2a?s=96&d=mm&r=g","contentUrl":"https:\/\/secure.gravatar.com\/avatar\/f9d6680356f7684c01ef1fa2ba45da2a?s=96&d=mm&r=g","caption":"Lucas Bernaerts"},"url":"https:\/\/www.ecoloj.be\/goforclimatejustice\/jump\/author\/lucasbernaerts\/"}]}},"_links":{"self":[{"href":"https:\/\/www.ecoloj.be\/goforclimatejustice\/jump\/wp-json\/wp\/v2\/posts\/2706"}],"collection":[{"href":"https:\/\/www.ecoloj.be\/goforclimatejustice\/jump\/wp-json\/wp\/v2\/posts"}],"about":[{"href":"https:\/\/www.ecoloj.be\/goforclimatejustice\/jump\/wp-json\/wp\/v2\/types\/post"}],"author":[{"embeddable":true,"href":"https:\/\/www.ecoloj.be\/goforclimatejustice\/jump\/wp-json\/wp\/v2\/users\/37"}],"replies":[{"embeddable":true,"href":"https:\/\/www.ecoloj.be\/goforclimatejustice\/jump\/wp-json\/wp\/v2\/comments?post=2706"}],"version-history":[{"count":5,"href":"https:\/\/www.ecoloj.be\/goforclimatejustice\/jump\/wp-json\/wp\/v2\/posts\/2706\/revisions"}],"predecessor-version":[{"id":5090,"href":"https:\/\/www.ecoloj.be\/goforclimatejustice\/jump\/wp-json\/wp\/v2\/posts\/2706\/revisions\/5090"}],"wp:featuredmedia":[{"embeddable":true,"href":"https:\/\/www.ecoloj.be\/goforclimatejustice\/jump\/wp-json\/wp\/v2\/media\/5088"}],"wp:attachment":[{"href":"https:\/\/www.ecoloj.be\/goforclimatejustice\/jump\/wp-json\/wp\/v2\/media?parent=2706"}],"wp:term":[{"taxonomy":"category","embeddable":true,"href":"https:\/\/www.ecoloj.be\/goforclimatejustice\/jump\/wp-json\/wp\/v2\/categories?post=2706"},{"taxonomy":"post_tag","embeddable":true,"href":"https:\/\/www.ecoloj.be\/goforclimatejustice\/jump\/wp-json\/wp\/v2\/tags?post=2706"}],"curies":[{"name":"wp","href":"https:\/\/api.w.org\/{rel}","templated":true}]}}