{"id":2720,"date":"2017-12-07T11:02:27","date_gmt":"2017-12-07T10:02:27","guid":{"rendered":"http:\/\/www.ecoloj.be\/goforclimatejustice\/jump\/?p=2720"},"modified":"2022-11-23T10:07:49","modified_gmt":"2022-11-23T09:07:49","slug":"faire-rejoins-selflove-gang","status":"publish","type":"post","link":"https:\/\/www.ecoloj.be\/goforclimatejustice\/jump\/faire-rejoins-selflove-gang\/","title":{"rendered":"FAIRE : Rejoins le SelfLove Gang !"},"content":{"rendered":"<p style=\"text-align: left;\"><strong>Pourquoi le GT f\u00e9minisme + ?<\/strong> Nous avons cr\u00e9\u00e9 le groupe de travail cet \u00e9t\u00e9 pour r\u00e9fl\u00e9chir ensemble \u00e0 diverses th\u00e9matiques f\u00e9ministes et envisager des actions militantes, de sensibilisation, des partenariats avec d\u2019autres associations\u2026<\/p>\n<p><!--more--><\/p>\n<h2 style=\"text-align: left;\"><span style=\"color: #99cc00;\">Pourquoi f\u00e9minisme \u00ab + \u00bb ?<\/span><\/h2>\n<p style=\"text-align: left;\">\u00ab + \u00bb car nous refusons de nous cantonner \u00e0 un f\u00e9minisme blanc, h\u00e9t\u00e9ronorm\u00e9 et bourgeois, qui ne prendrait pas en compte beaucoup de personnes ne correspondant pas \u00e0 ces normes : nous revendiquons un f\u00e9minisme inclusif !<br \/>\nAinsi, nous avons \u00e0 coeur l\u2019intersectionnalit\u00e9. Cela signifie que nous voulons donner la parole aux personnes qui subissent le patriarcat : queer, femmes, non-binaires,&#8230; mais aussi d\u00e9fendre celleux qui vivent d\u2019autres discriminations telles que le racisme, l&rsquo;homophobie, la pr\u00e9carit\u00e9, la grossophobie, etc.<\/p>\n<h2 style=\"text-align: left;\"><span style=\"color: #99cc00;\">Nos objectifs ?<\/span><\/h2>\n<p style=\"text-align: left;\">Ne me lib\u00e8re pas, je m\u2019en charge.<\/p>\n<p style=\"text-align: left;\">A long terme, nous voulons cr\u00e9er un r\u00e9seau de personnes qui puissent \u00e9changer, s\u2019instruire mutuellement, et qui s\u2019organisent dans une lutte pour nos droits !<\/p>\n<h2 style=\"text-align: left;\"><span style=\"color: #99cc00;\">Pourquoi la non-mixit\u00e9 ?<\/span><\/h2>\n<p style=\"text-align: left;\">L&rsquo;avantage principal de la non-mixit\u00e9 est de cr\u00e9er un espace <em>safe<\/em> o\u00f9 les personnes qui subissent des oppressions pourront s&rsquo;exprimer librement sans que leur parole soit remise en cause. De plus, cela permet de parler avec des personnes qui peuvent directement comprendre ce que nous vivons sans devoir s&rsquo;atteler \u00e0 beaucoup de p\u00e9dagogie. La non-mixit\u00e9 est un instrument qui permet \u00e0 cette lutte d&rsquo;\u00eatre autonome.<\/p>\n<p style=\"text-align: left;\">En effet, si des hommes sont pr\u00e9sents, il sera plus compliqu\u00e9 de parler des probl\u00e8mes qui leur sont li\u00e9s. Au-del\u00e0 des sujets sensibles, la non-mixit\u00e9 permet d&rsquo;aborder les th\u00e9matiques ch\u00e8res aux membres du groupe sans se voir <em><a href=\"https:\/\/fr.wikipedia.org\/wiki\/Mansplaining\" target=\"_blank\" rel=\"noopener\">mansplainer<\/a><\/em> que non, cette th\u00e9matique-l\u00e0, ce n&rsquo;est pas primordial.<br \/>\nDe plus, les hommes &#8211; consciemment ou non &#8211; prennent plus facilement la parole, pour plus longtemps et interrompent r\u00e9guli\u00e8rement les femmes.<br \/>\nPour nous \u00e9manciper, nous avons besoin d\u2019espaces non-mixtes o\u00f9 nous pouvons nous concentrer sur nos luttes. Cela dit, certaines de nos activit\u00e9s seront ouvertes \u00e0 toutes et tous et nous invitons tout le monde \u00e0 soutenir nos luttes.<\/p>\n<h2 style=\"text-align: left;\"><span style=\"color: #99cc00;\">Nos id\u00e9es d\u2019actions ?<\/span><\/h2>\n<p style=\"text-align: left;\">Des autrices et des personnages historiques ainsi que des films \u00e0 mettre en avant chaque mois sur notre page. Des caf\u00e9s f\u00e9ministes \u00e0 travers la Wallonie et Bruxelles pour aborder des sujets tels que : la pr\u00e9carit\u00e9 des femmes, les r\u00e8gles, les f\u00e9minismes,&#8230;<\/p>\n<h2 style=\"text-align: left;\"><span style=\"color: #99cc00;\">Pourquoi nous rejoindre ?<\/span><\/h2>\n<p style=\"text-align: left;\">Si tu en as marre des in\u00e9galit\u00e9s et des clich\u00e9s sexistes, que tu veux rencontrer des jeunes dynamiques qui partagent tes convictions et faire partie du changement, alors rejoins-nous et <a href=\"https:\/\/www.facebook.com\/Selflove-gang-117536108926509\/\" target=\"_blank\" rel=\"noopener\">suis-nous sur Facebook<\/a>.<\/p>\n<p>___<\/p>\n<p style=\"text-align: left;\"><strong>Le GT F\u00e9minisme<\/strong><\/p>\n","protected":false},"excerpt":{"rendered":"<p>Pourquoi le GT f\u00e9minisme + ? Nous avons cr\u00e9\u00e9 le groupe de travail cet \u00e9t\u00e9 pour r\u00e9fl\u00e9chir ensemble \u00e0 diverses th\u00e9matiques f\u00e9ministes et envisager des actions militantes, de sensibilisation, des [&hellip;]<\/p>\n","protected":false},"author":79,"featured_media":4766,"comment_status":"closed","ping_status":"open","sticky":false,"template":"","format":"image","meta":[],"categories":[11],"tags":[31,81],"acf":[],"yoast_head":"<!-- This site is optimized with the Yoast SEO plugin v20.1 - https:\/\/yoast.com\/wordpress\/plugins\/seo\/ -->\n<title>FAIRE : Rejoins le SelfLove Gang ! - Jump<\/title>\n<meta name=\"robots\" content=\"index, follow, max-snippet:-1, max-image-preview:large, max-video-preview:-1\" \/>\n<link rel=\"canonical\" href=\"https:\/\/www.ecoloj.be\/goforclimatejustice\/jump\/faire-rejoins-selflove-gang\/\" \/>\n<meta property=\"og:locale\" content=\"fr_FR\" \/>\n<meta property=\"og:type\" content=\"article\" \/>\n<meta property=\"og:title\" content=\"FAIRE : Rejoins le SelfLove Gang ! - Jump\" \/>\n<meta property=\"og:description\" content=\"Pourquoi le GT f\u00e9minisme + ? Nous avons cr\u00e9\u00e9 le groupe de travail cet \u00e9t\u00e9 pour r\u00e9fl\u00e9chir ensemble \u00e0 diverses th\u00e9matiques f\u00e9ministes et envisager des actions militantes, de sensibilisation, des [&hellip;]\" \/>\n<meta property=\"og:url\" content=\"https:\/\/www.ecoloj.be\/goforclimatejustice\/jump\/faire-rejoins-selflove-gang\/\" \/>\n<meta property=\"og:site_name\" content=\"Jump\" \/>\n<meta property=\"article:publisher\" content=\"https:\/\/www.facebook.com\/ecolojfederal\" \/>\n<meta property=\"article:published_time\" content=\"2017-12-07T10:02:27+00:00\" \/>\n<meta property=\"article:modified_time\" content=\"2022-11-23T09:07:49+00:00\" \/>\n<meta property=\"og:image\" content=\"https:\/\/www.ecoloj.be\/goforclimatejustice\/jump\/wp-content\/uploads\/sites\/3\/2017\/12\/images-jump-articles28.jpg\" \/>\n\t<meta property=\"og:image:width\" content=\"1200\" \/>\n\t<meta property=\"og:image:height\" content=\"627\" \/>\n\t<meta property=\"og:image:type\" content=\"image\/jpeg\" \/>\n<meta name=\"author\" content=\"GT F\u00e9minisme\" \/>\n<meta name=\"twitter:card\" content=\"summary_large_image\" \/>\n<meta name=\"twitter:creator\" content=\"@ecoloj\" \/>\n<meta name=\"twitter:site\" content=\"@ecoloj\" \/>\n<meta name=\"twitter:label1\" content=\"\u00c9crit par\" \/>\n\t<meta name=\"twitter:data1\" content=\"GT F\u00e9minisme\" \/>\n\t<meta name=\"twitter:label2\" content=\"Dur\u00e9e de lecture estim\u00e9e\" \/>\n\t<meta name=\"twitter:data2\" content=\"2 minutes\" \/>\n<script type=\"application\/ld+json\" class=\"yoast-schema-graph\">{\"@context\":\"https:\/\/schema.org\",\"@graph\":[{\"@type\":\"WebPage\",\"@id\":\"https:\/\/www.ecoloj.be\/goforclimatejustice\/jump\/faire-rejoins-selflove-gang\/\",\"url\":\"https:\/\/www.ecoloj.be\/goforclimatejustice\/jump\/faire-rejoins-selflove-gang\/\",\"name\":\"FAIRE : Rejoins le SelfLove Gang ! - Jump\",\"isPartOf\":{\"@id\":\"http:\/\/www.ecoloj.be\/goforclimatejustice\/jump\/#website\"},\"datePublished\":\"2017-12-07T10:02:27+00:00\",\"dateModified\":\"2022-11-23T09:07:49+00:00\",\"author\":{\"@id\":\"http:\/\/www.ecoloj.be\/goforclimatejustice\/jump\/#\/schema\/person\/b1b078015675e4dd8f666a3c98d5e007\"},\"breadcrumb\":{\"@id\":\"https:\/\/www.ecoloj.be\/goforclimatejustice\/jump\/faire-rejoins-selflove-gang\/#breadcrumb\"},\"inLanguage\":\"fr-FR\",\"potentialAction\":[{\"@type\":\"ReadAction\",\"target\":[\"https:\/\/www.ecoloj.be\/goforclimatejustice\/jump\/faire-rejoins-selflove-gang\/\"]}]},{\"@type\":\"BreadcrumbList\",\"@id\":\"https:\/\/www.ecoloj.be\/goforclimatejustice\/jump\/faire-rejoins-selflove-gang\/#breadcrumb\",\"itemListElement\":[{\"@type\":\"ListItem\",\"position\":1,\"name\":\"Accueil\",\"item\":\"https:\/\/www.ecoloj.be\/goforclimatejustice\/jump\/\"},{\"@type\":\"ListItem\",\"position\":2,\"name\":\"FAIRE : Rejoins le SelfLove Gang !\"}]},{\"@type\":\"WebSite\",\"@id\":\"http:\/\/www.ecoloj.be\/goforclimatejustice\/jump\/#website\",\"url\":\"http:\/\/www.ecoloj.be\/goforclimatejustice\/jump\/\",\"name\":\"Jump\",\"description\":\"le magazine d&#039;\u00e9colo j\",\"potentialAction\":[{\"@type\":\"SearchAction\",\"target\":{\"@type\":\"EntryPoint\",\"urlTemplate\":\"http:\/\/www.ecoloj.be\/goforclimatejustice\/jump\/?s={search_term_string}\"},\"query-input\":\"required name=search_term_string\"}],\"inLanguage\":\"fr-FR\"},{\"@type\":\"Person\",\"@id\":\"http:\/\/www.ecoloj.be\/goforclimatejustice\/jump\/#\/schema\/person\/b1b078015675e4dd8f666a3c98d5e007\",\"name\":\"GT F\u00e9minisme\",\"image\":{\"@type\":\"ImageObject\",\"inLanguage\":\"fr-FR\",\"@id\":\"http:\/\/www.ecoloj.be\/goforclimatejustice\/jump\/#\/schema\/person\/image\/\",\"url\":\"https:\/\/secure.gravatar.com\/avatar\/5cb813615a9c7c0ae3685bbe01513571?s=96&d=mm&r=g\",\"contentUrl\":\"https:\/\/secure.gravatar.com\/avatar\/5cb813615a9c7c0ae3685bbe01513571?s=96&d=mm&r=g\",\"caption\":\"GT F\u00e9minisme\"},\"url\":\"https:\/\/www.ecoloj.be\/goforclimatejustice\/jump\/author\/gtfeminisme\/\"}]}<\/script>\n<!-- \/ Yoast SEO plugin. -->","yoast_head_json":{"title":"FAIRE : Rejoins le SelfLove Gang ! - Jump","robots":{"index":"index","follow":"follow","max-snippet":"max-snippet:-1","max-image-preview":"max-image-preview:large","max-video-preview":"max-video-preview:-1"},"canonical":"https:\/\/www.ecoloj.be\/goforclimatejustice\/jump\/faire-rejoins-selflove-gang\/","og_locale":"fr_FR","og_type":"article","og_title":"FAIRE : Rejoins le SelfLove Gang ! - Jump","og_description":"Pourquoi le GT f\u00e9minisme + ? Nous avons cr\u00e9\u00e9 le groupe de travail cet \u00e9t\u00e9 pour r\u00e9fl\u00e9chir ensemble \u00e0 diverses th\u00e9matiques f\u00e9ministes et envisager des actions militantes, de sensibilisation, des [&hellip;]","og_url":"https:\/\/www.ecoloj.be\/goforclimatejustice\/jump\/faire-rejoins-selflove-gang\/","og_site_name":"Jump","article_publisher":"https:\/\/www.facebook.com\/ecolojfederal","article_published_time":"2017-12-07T10:02:27+00:00","article_modified_time":"2022-11-23T09:07:49+00:00","og_image":[{"width":1200,"height":627,"url":"https:\/\/www.ecoloj.be\/goforclimatejustice\/jump\/wp-content\/uploads\/sites\/3\/2017\/12\/images-jump-articles28.jpg","type":"image\/jpeg"}],"author":"GT F\u00e9minisme","twitter_card":"summary_large_image","twitter_creator":"@ecoloj","twitter_site":"@ecoloj","twitter_misc":{"\u00c9crit par":"GT F\u00e9minisme","Dur\u00e9e de lecture estim\u00e9e":"2 minutes"},"schema":{"@context":"https:\/\/schema.org","@graph":[{"@type":"WebPage","@id":"https:\/\/www.ecoloj.be\/goforclimatejustice\/jump\/faire-rejoins-selflove-gang\/","url":"https:\/\/www.ecoloj.be\/goforclimatejustice\/jump\/faire-rejoins-selflove-gang\/","name":"FAIRE : Rejoins le SelfLove Gang ! - Jump","isPartOf":{"@id":"http:\/\/www.ecoloj.be\/goforclimatejustice\/jump\/#website"},"datePublished":"2017-12-07T10:02:27+00:00","dateModified":"2022-11-23T09:07:49+00:00","author":{"@id":"http:\/\/www.ecoloj.be\/goforclimatejustice\/jump\/#\/schema\/person\/b1b078015675e4dd8f666a3c98d5e007"},"breadcrumb":{"@id":"https:\/\/www.ecoloj.be\/goforclimatejustice\/jump\/faire-rejoins-selflove-gang\/#breadcrumb"},"inLanguage":"fr-FR","potentialAction":[{"@type":"ReadAction","target":["https:\/\/www.ecoloj.be\/goforclimatejustice\/jump\/faire-rejoins-selflove-gang\/"]}]},{"@type":"BreadcrumbList","@id":"https:\/\/www.ecoloj.be\/goforclimatejustice\/jump\/faire-rejoins-selflove-gang\/#breadcrumb","itemListElement":[{"@type":"ListItem","position":1,"name":"Accueil","item":"https:\/\/www.ecoloj.be\/goforclimatejustice\/jump\/"},{"@type":"ListItem","position":2,"name":"FAIRE : Rejoins le SelfLove Gang !"}]},{"@type":"WebSite","@id":"http:\/\/www.ecoloj.be\/goforclimatejustice\/jump\/#website","url":"http:\/\/www.ecoloj.be\/goforclimatejustice\/jump\/","name":"Jump","description":"le magazine d&#039;\u00e9colo j","potentialAction":[{"@type":"SearchAction","target":{"@type":"EntryPoint","urlTemplate":"http:\/\/www.ecoloj.be\/goforclimatejustice\/jump\/?s={search_term_string}"},"query-input":"required name=search_term_string"}],"inLanguage":"fr-FR"},{"@type":"Person","@id":"http:\/\/www.ecoloj.be\/goforclimatejustice\/jump\/#\/schema\/person\/b1b078015675e4dd8f666a3c98d5e007","name":"GT F\u00e9minisme","image":{"@type":"ImageObject","inLanguage":"fr-FR","@id":"http:\/\/www.ecoloj.be\/goforclimatejustice\/jump\/#\/schema\/person\/image\/","url":"https:\/\/secure.gravatar.com\/avatar\/5cb813615a9c7c0ae3685bbe01513571?s=96&d=mm&r=g","contentUrl":"https:\/\/secure.gravatar.com\/avatar\/5cb813615a9c7c0ae3685bbe01513571?s=96&d=mm&r=g","caption":"GT F\u00e9minisme"},"url":"https:\/\/www.ecoloj.be\/goforclimatejustice\/jump\/author\/gtfeminisme\/"}]}},"_links":{"self":[{"href":"https:\/\/www.ecoloj.be\/goforclimatejustice\/jump\/wp-json\/wp\/v2\/posts\/2720"}],"collection":[{"href":"https:\/\/www.ecoloj.be\/goforclimatejustice\/jump\/wp-json\/wp\/v2\/posts"}],"about":[{"href":"https:\/\/www.ecoloj.be\/goforclimatejustice\/jump\/wp-json\/wp\/v2\/types\/post"}],"author":[{"embeddable":true,"href":"https:\/\/www.ecoloj.be\/goforclimatejustice\/jump\/wp-json\/wp\/v2\/users\/79"}],"replies":[{"embeddable":true,"href":"https:\/\/www.ecoloj.be\/goforclimatejustice\/jump\/wp-json\/wp\/v2\/comments?post=2720"}],"version-history":[{"count":6,"href":"https:\/\/www.ecoloj.be\/goforclimatejustice\/jump\/wp-json\/wp\/v2\/posts\/2720\/revisions"}],"predecessor-version":[{"id":4778,"href":"https:\/\/www.ecoloj.be\/goforclimatejustice\/jump\/wp-json\/wp\/v2\/posts\/2720\/revisions\/4778"}],"wp:featuredmedia":[{"embeddable":true,"href":"https:\/\/www.ecoloj.be\/goforclimatejustice\/jump\/wp-json\/wp\/v2\/media\/4766"}],"wp:attachment":[{"href":"https:\/\/www.ecoloj.be\/goforclimatejustice\/jump\/wp-json\/wp\/v2\/media?parent=2720"}],"wp:term":[{"taxonomy":"category","embeddable":true,"href":"https:\/\/www.ecoloj.be\/goforclimatejustice\/jump\/wp-json\/wp\/v2\/categories?post=2720"},{"taxonomy":"post_tag","embeddable":true,"href":"https:\/\/www.ecoloj.be\/goforclimatejustice\/jump\/wp-json\/wp\/v2\/tags?post=2720"}],"curies":[{"name":"wp","href":"https:\/\/api.w.org\/{rel}","templated":true}]}}