{"id":3032,"date":"2019-05-26T13:22:59","date_gmt":"2019-05-26T12:22:59","guid":{"rendered":"http:\/\/www.ecoloj.be\/goforclimatejustice\/jump\/?p=3032"},"modified":"2022-11-18T17:20:54","modified_gmt":"2022-11-18T16:20:54","slug":"elections-jeunes-marche-climat","status":"publish","type":"post","link":"https:\/\/www.ecoloj.be\/goforclimatejustice\/jump\/elections-jeunes-marche-climat\/","title":{"rendered":"Les jeunes en marche pour le climat"},"content":{"rendered":"<p style=\"text-align: left;\"><strong>En Belgique comme partout ailleurs dans le monde<\/strong>, qu\u2019iels soient \u00e9l\u00e8ves en secondaire ou \u00e9tudiant\u00b7e\u00b7s universitaires, des milliers de jeunes ont r\u00e9pondu pr\u00e9sent\u00b7e\u00b7s dans les rues de Bruxelles depuis plusieurs semaines pour clamer haut et fort qu\u2019il est temps de lutter en faveur d\u2019un meilleur avenir.<\/p>\n<p><!--more--><\/p>\n<p style=\"text-align: left;\">Ensemble, iels luttent contre le changement climatique. Iels ne veulent plus entendre parler des hausses de temp\u00e9rature ou de la fonte des glaces. Pour elleux, \u00e7a suffit ! Iels tirent la <strong>sonnette d\u2019alarme<\/strong> pour un monde plus juste et durable.<\/p>\n<h2 style=\"text-align: left;\"><span style=\"color: #99cc00;\">Se r\u00e9unissant en g\u00e9n\u00e9ral un jour par semaine, les jeunes se rassemblent aux quatre coins du globe, laissant leur imagination cr\u00e9er des pancartes avec des messages \u00e0 la fois originaux et percutants<\/span><\/h2>\n<p style=\"text-align: left;\">C\u2019est<strong> mi-mars<\/strong> qu\u2019a eu lieu <strong>la plus en grande marche \u00e0 l\u2019\u00e9chelle mondiale jamais organis\u00e9e pour le climat<\/strong> : des rassemblements en masse ont \u00e9t\u00e9 d\u00e9nombr\u00e9s dans plus de <strong>2000 villes \u00e0 travers le monde<\/strong>.<\/p>\n<p style=\"text-align: left;\">Des mouvements tels que<em> Youth for climate<\/em> ou <em>Students for climate<\/em> ont \u00e9t\u00e9 lanc\u00e9s. \u00c0 l\u2019origine de ces mouvements de masse : une jeune su\u00e9doise de 16 ans du nom de<strong> Greta Thunberg<\/strong>. C\u2019est elle qui a initi\u00e9 les jeunes \u00e0 manifester durant les heures de cours, d\u2019abord dans son pays natal. Le mouvement s\u2019est ensuite propag\u00e9 en Europe pour enfin faire le tour du monde. Rien n\u2019arr\u00eate cette adolescente au caract\u00e8re bien tremp\u00e9. En effet, en allant au bout de ses convictions, elle a occup\u00e9 l\u2019espace m\u00e9diatique en Europe mais aussi \u00e0 l\u2019international et a \u00e9t\u00e9 invit\u00e9e au sein d\u2019institutions politiques comme ce fut le cas au parlement su\u00e9dois ou au parlement europ\u00e9en.<\/p>\n<p style=\"text-align: left;\">Et comme les r\u00e9seaux sociaux n\u2019\u00e9chappent pas \u00e0 cette g\u00e9n\u00e9ration, des hashtags ont vu le jour comme <strong>#ClaimForClimate<\/strong> ou <strong>#FridaysForFuture<\/strong> suivi du pays respectif afin de sensibiliser encore plus de personnes \u00e0 travers le monde.<\/p>\n<h2 style=\"text-align: left;\"><span style=\"color: #99cc00;\">Les anciennes g\u00e9n\u00e9rations mais aussi de nombreuses ONG ou ASBL ainsi que certaines c\u00e9l\u00e9brit\u00e9s n\u2019ont pas h\u00e9sit\u00e9 \u00e0 apporter leur soutien \u00e0 cette jeunesse consciente et responsable<\/span><\/h2>\n<p style=\"text-align: left;\">De m\u00eame,<strong> le milieu acad\u00e9mique<\/strong> a lui aussi fortement soutenu les \u00e9tudiant\u00b7e\u00b7s dans leurs mobilisations. Qu\u2019il s\u2019agisse de professeur\u00b7e\u00b7s ou de directeur\u00b7rice\u00b7s d\u2019\u00e9cole ou encore de recteur\u00b7rice\u00b7s d\u2019universit\u00e9s. Tou\u00b7te\u00b7s ont mis en avant les d\u00e9marches entreprises par leurs \u00e9tudiant\u00b7e\u00b7s allant parfois jusqu\u2019\u00e0 les soutenir sur le terrain. En effet, le changement climatique est un enjeu plan\u00e9taire et interg\u00e9n\u00e9rationnel.<\/p>\n<p style=\"text-align: left;\">Cependant, ce mouvement, qui a pris de l\u2019ampleur au fur et \u00e0 mesure des semaines, a soulev\u00e9<strong> quelques inqui\u00e9tudes dans le corps professionnel des \u00e9coles<\/strong>. En effet, les absences se sont multipli\u00e9es au sein de nombreux \u00e9tablissements, d\u00e9sertant les classes et laissant les enseignant\u00b7e\u00b7s seul\u00b7e\u00b7s face \u00e0 une minorit\u00e9 d\u2019\u00e9l\u00e8ves pr\u00e9sent\u00b7e\u00b7s. Il a donc fallu g\u00e9rer toutes ces absences mais aussi assurer la s\u00e9curit\u00e9 des \u00e9l\u00e8ves se rendant aux manifestations en leur demandant <strong>un accord parental<\/strong>.<\/p>\n<h2 style=\"text-align: left;\"><span style=\"color: #99cc00;\">La jeunesse est en marche. La vague verte est en marche. La r\u00e9volution est en marche<\/span><\/h2>\n<p style=\"text-align: left;\">Marche apr\u00e8s marche, plus rien ne les arr\u00eate, plus rien ne les fatigue. D\u00e9termin\u00e9\u00b7e\u00b7s et engag\u00e9\u00b7e\u00b7s, ces jeunes sont l\u2019espoir de demain. Soucieux\u00b7ses des d\u00e9g\u00e2ts humains et industriels caus\u00e9s \u00e0 la plan\u00e8te, iels viennent sauver celle-ci au travers de leurs manifestations mais aussi et surtout au travers de leurs actions quotidiennes. En effet,<strong> se mobiliser c\u2019est bien mais agir c\u2019est mieux<\/strong>. Conscient\u00b7e\u00b7s qu\u2019iels ne pourront pas tout changer elleux-m\u00eames, ces mouvements visent d\u2019abord \u00e0 conscientiser et responsabiliser un maximum de personnes allant du et de la citoyen\u00b7ne lambda \u00e0 l\u2019\u00e9lu\u00b7e politique. Et vous, avez-vous d\u00e9j\u00e0 mis en place ou r\u00e9fl\u00e9chi \u00e0 un geste \u00e9coresponsable ?<\/p>\n<h2 style=\"text-align: left;\"><span style=\"color: #99cc00;\">Si certain\u00b7e\u00b7s veulent encore assurer un environnement sain et vivable pour les ann\u00e9es avenir, d\u2019autres remettent en question le changement climatique<\/span><\/h2>\n<p style=\"text-align: left;\">Il s\u2019agit des<strong> climato-sceptiques<\/strong>. Ces dernier\u00b7e\u00b7s ont r\u00e9fut\u00e9 les recherches scientifiques montrant les ph\u00e9nom\u00e8nes gravissimes li\u00e9s au changement climatique. Il s\u2019agit essentiellement de grandes entreprises europ\u00e9ennes ou am\u00e9ricaines qui nient les effets du r\u00e9chauffement climatique et qui influencent certain\u00b7e\u00b7s parlementaires en les finan\u00e7ant ou en retardant certains processus l\u00e9gislatifs.<\/p>\n<p style=\"text-align: left;\">Il faut dire que ces climato-sceptiques sont en partie encourag\u00e9\u00b7e\u00b7s par des groupes d\u2019influence qui<strong> ne voient pas de raison de changer nos modes de production et de consommation<\/strong> afin de r\u00e9duire les effets n\u00e9fastes li\u00e9s aux d\u00e9r\u00e8glements climatiques. Les lobbys de grandes entreprises et industries (chimie et p\u00e9trochimie, agro-alimentaire, automobile, m\u00e9tallurgie, textile,..) n\u2019\u00e9chappent \u00e0 aucun pays dans le monde.<\/p>\n<p style=\"text-align: left;\">Au final, il s\u2019agit d\u2019une \u00e9lite qui fait frein \u00e0 l\u2019ensemble de l\u2019Humanit\u00e9. Les jeunes l\u2019ont bien compris et nombreux\u00b7ses sont ceux et celles qui luttent contre ces lobbies politiques et \u00e9conomiques.<\/p>\n<p style=\"text-align: left;\"><strong>Cette jeunesse est forte et ambitieuse<\/strong>. Qu\u2019elle continue de croire en elle et de r\u00eaver \u00e0 un autre monde comme dirait le c\u00e9l\u00e8bre groupe <em>T\u00e9l\u00e9phone<\/em>. Un monde meilleur o\u00f9 justice sociale rime avec justice climatique.<\/p>\n<p>___<\/p>\n<p style=\"text-align: left;\"><strong>Assia Bencer Alaoui<\/strong><\/p>\n","protected":false},"excerpt":{"rendered":"<p>En Belgique comme partout ailleurs dans le monde, qu\u2019iels soient \u00e9l\u00e8ves en secondaire ou \u00e9tudiant\u00b7e\u00b7s universitaires, des milliers de jeunes ont r\u00e9pondu pr\u00e9sent\u00b7e\u00b7s dans les rues de Bruxelles depuis plusieurs [&hellip;]<\/p>\n","protected":false},"author":84,"featured_media":4709,"comment_status":"closed","ping_status":"open","sticky":false,"template":"","format":"image","meta":[],"categories":[124],"tags":[88,44],"acf":[],"yoast_head":"<!-- This site is optimized with the Yoast SEO plugin v20.1 - https:\/\/yoast.com\/wordpress\/plugins\/seo\/ -->\n<title>Les jeunes en marche pour le climat - Jump<\/title>\n<meta name=\"robots\" content=\"index, follow, max-snippet:-1, max-image-preview:large, max-video-preview:-1\" \/>\n<link rel=\"canonical\" href=\"https:\/\/www.ecoloj.be\/goforclimatejustice\/jump\/elections-jeunes-marche-climat\/\" \/>\n<meta property=\"og:locale\" content=\"fr_FR\" \/>\n<meta property=\"og:type\" content=\"article\" \/>\n<meta property=\"og:title\" content=\"Les jeunes en marche pour le climat - Jump\" \/>\n<meta property=\"og:description\" content=\"En Belgique comme partout ailleurs dans le monde, qu\u2019iels soient \u00e9l\u00e8ves en secondaire ou \u00e9tudiant\u00b7e\u00b7s universitaires, des milliers de jeunes ont r\u00e9pondu pr\u00e9sent\u00b7e\u00b7s dans les rues de Bruxelles depuis plusieurs [&hellip;]\" \/>\n<meta property=\"og:url\" content=\"https:\/\/www.ecoloj.be\/goforclimatejustice\/jump\/elections-jeunes-marche-climat\/\" \/>\n<meta property=\"og:site_name\" content=\"Jump\" \/>\n<meta property=\"article:publisher\" content=\"https:\/\/www.facebook.com\/ecolojfederal\" \/>\n<meta property=\"article:published_time\" content=\"2019-05-26T12:22:59+00:00\" \/>\n<meta property=\"article:modified_time\" content=\"2022-11-18T16:20:54+00:00\" \/>\n<meta property=\"og:image\" content=\"https:\/\/www.ecoloj.be\/goforclimatejustice\/jump\/wp-content\/uploads\/sites\/3\/2019\/05\/images-jump-articles10.jpg\" \/>\n\t<meta property=\"og:image:width\" content=\"1200\" \/>\n\t<meta property=\"og:image:height\" content=\"627\" \/>\n\t<meta property=\"og:image:type\" content=\"image\/jpeg\" \/>\n<meta name=\"author\" content=\"Assia Bencer Alaoui\" \/>\n<meta name=\"twitter:card\" content=\"summary_large_image\" \/>\n<meta name=\"twitter:creator\" content=\"@ecoloj\" \/>\n<meta name=\"twitter:site\" content=\"@ecoloj\" \/>\n<meta name=\"twitter:label1\" content=\"\u00c9crit par\" \/>\n\t<meta name=\"twitter:data1\" content=\"Assia Bencer Alaoui\" \/>\n\t<meta name=\"twitter:label2\" content=\"Dur\u00e9e de lecture estim\u00e9e\" \/>\n\t<meta name=\"twitter:data2\" content=\"5 minutes\" \/>\n<script type=\"application\/ld+json\" class=\"yoast-schema-graph\">{\"@context\":\"https:\/\/schema.org\",\"@graph\":[{\"@type\":\"WebPage\",\"@id\":\"https:\/\/www.ecoloj.be\/goforclimatejustice\/jump\/elections-jeunes-marche-climat\/\",\"url\":\"https:\/\/www.ecoloj.be\/goforclimatejustice\/jump\/elections-jeunes-marche-climat\/\",\"name\":\"Les jeunes en marche pour le climat - Jump\",\"isPartOf\":{\"@id\":\"http:\/\/www.ecoloj.be\/goforclimatejustice\/jump\/#website\"},\"datePublished\":\"2019-05-26T12:22:59+00:00\",\"dateModified\":\"2022-11-18T16:20:54+00:00\",\"author\":{\"@id\":\"http:\/\/www.ecoloj.be\/goforclimatejustice\/jump\/#\/schema\/person\/2785f7590f746dc71d8d50569c6387fb\"},\"breadcrumb\":{\"@id\":\"https:\/\/www.ecoloj.be\/goforclimatejustice\/jump\/elections-jeunes-marche-climat\/#breadcrumb\"},\"inLanguage\":\"fr-FR\",\"potentialAction\":[{\"@type\":\"ReadAction\",\"target\":[\"https:\/\/www.ecoloj.be\/goforclimatejustice\/jump\/elections-jeunes-marche-climat\/\"]}]},{\"@type\":\"BreadcrumbList\",\"@id\":\"https:\/\/www.ecoloj.be\/goforclimatejustice\/jump\/elections-jeunes-marche-climat\/#breadcrumb\",\"itemListElement\":[{\"@type\":\"ListItem\",\"position\":1,\"name\":\"Accueil\",\"item\":\"https:\/\/www.ecoloj.be\/goforclimatejustice\/jump\/\"},{\"@type\":\"ListItem\",\"position\":2,\"name\":\"Les jeunes en marche pour le climat\"}]},{\"@type\":\"WebSite\",\"@id\":\"http:\/\/www.ecoloj.be\/goforclimatejustice\/jump\/#website\",\"url\":\"http:\/\/www.ecoloj.be\/goforclimatejustice\/jump\/\",\"name\":\"Jump\",\"description\":\"le magazine d&#039;\u00e9colo j\",\"potentialAction\":[{\"@type\":\"SearchAction\",\"target\":{\"@type\":\"EntryPoint\",\"urlTemplate\":\"http:\/\/www.ecoloj.be\/goforclimatejustice\/jump\/?s={search_term_string}\"},\"query-input\":\"required name=search_term_string\"}],\"inLanguage\":\"fr-FR\"},{\"@type\":\"Person\",\"@id\":\"http:\/\/www.ecoloj.be\/goforclimatejustice\/jump\/#\/schema\/person\/2785f7590f746dc71d8d50569c6387fb\",\"name\":\"Assia Bencer Alaoui\",\"image\":{\"@type\":\"ImageObject\",\"inLanguage\":\"fr-FR\",\"@id\":\"http:\/\/www.ecoloj.be\/goforclimatejustice\/jump\/#\/schema\/person\/image\/\",\"url\":\"https:\/\/secure.gravatar.com\/avatar\/37a4a02806633410429068ef076733e0?s=96&d=mm&r=g\",\"contentUrl\":\"https:\/\/secure.gravatar.com\/avatar\/37a4a02806633410429068ef076733e0?s=96&d=mm&r=g\",\"caption\":\"Assia Bencer Alaoui\"},\"url\":\"https:\/\/www.ecoloj.be\/goforclimatejustice\/jump\/author\/assiabenceralaoui\/\"}]}<\/script>\n<!-- \/ Yoast SEO plugin. -->","yoast_head_json":{"title":"Les jeunes en marche pour le climat - Jump","robots":{"index":"index","follow":"follow","max-snippet":"max-snippet:-1","max-image-preview":"max-image-preview:large","max-video-preview":"max-video-preview:-1"},"canonical":"https:\/\/www.ecoloj.be\/goforclimatejustice\/jump\/elections-jeunes-marche-climat\/","og_locale":"fr_FR","og_type":"article","og_title":"Les jeunes en marche pour le climat - Jump","og_description":"En Belgique comme partout ailleurs dans le monde, qu\u2019iels soient \u00e9l\u00e8ves en secondaire ou \u00e9tudiant\u00b7e\u00b7s universitaires, des milliers de jeunes ont r\u00e9pondu pr\u00e9sent\u00b7e\u00b7s dans les rues de Bruxelles depuis plusieurs [&hellip;]","og_url":"https:\/\/www.ecoloj.be\/goforclimatejustice\/jump\/elections-jeunes-marche-climat\/","og_site_name":"Jump","article_publisher":"https:\/\/www.facebook.com\/ecolojfederal","article_published_time":"2019-05-26T12:22:59+00:00","article_modified_time":"2022-11-18T16:20:54+00:00","og_image":[{"width":1200,"height":627,"url":"https:\/\/www.ecoloj.be\/goforclimatejustice\/jump\/wp-content\/uploads\/sites\/3\/2019\/05\/images-jump-articles10.jpg","type":"image\/jpeg"}],"author":"Assia Bencer Alaoui","twitter_card":"summary_large_image","twitter_creator":"@ecoloj","twitter_site":"@ecoloj","twitter_misc":{"\u00c9crit par":"Assia Bencer Alaoui","Dur\u00e9e de lecture estim\u00e9e":"5 minutes"},"schema":{"@context":"https:\/\/schema.org","@graph":[{"@type":"WebPage","@id":"https:\/\/www.ecoloj.be\/goforclimatejustice\/jump\/elections-jeunes-marche-climat\/","url":"https:\/\/www.ecoloj.be\/goforclimatejustice\/jump\/elections-jeunes-marche-climat\/","name":"Les jeunes en marche pour le climat - Jump","isPartOf":{"@id":"http:\/\/www.ecoloj.be\/goforclimatejustice\/jump\/#website"},"datePublished":"2019-05-26T12:22:59+00:00","dateModified":"2022-11-18T16:20:54+00:00","author":{"@id":"http:\/\/www.ecoloj.be\/goforclimatejustice\/jump\/#\/schema\/person\/2785f7590f746dc71d8d50569c6387fb"},"breadcrumb":{"@id":"https:\/\/www.ecoloj.be\/goforclimatejustice\/jump\/elections-jeunes-marche-climat\/#breadcrumb"},"inLanguage":"fr-FR","potentialAction":[{"@type":"ReadAction","target":["https:\/\/www.ecoloj.be\/goforclimatejustice\/jump\/elections-jeunes-marche-climat\/"]}]},{"@type":"BreadcrumbList","@id":"https:\/\/www.ecoloj.be\/goforclimatejustice\/jump\/elections-jeunes-marche-climat\/#breadcrumb","itemListElement":[{"@type":"ListItem","position":1,"name":"Accueil","item":"https:\/\/www.ecoloj.be\/goforclimatejustice\/jump\/"},{"@type":"ListItem","position":2,"name":"Les jeunes en marche pour le climat"}]},{"@type":"WebSite","@id":"http:\/\/www.ecoloj.be\/goforclimatejustice\/jump\/#website","url":"http:\/\/www.ecoloj.be\/goforclimatejustice\/jump\/","name":"Jump","description":"le magazine d&#039;\u00e9colo j","potentialAction":[{"@type":"SearchAction","target":{"@type":"EntryPoint","urlTemplate":"http:\/\/www.ecoloj.be\/goforclimatejustice\/jump\/?s={search_term_string}"},"query-input":"required name=search_term_string"}],"inLanguage":"fr-FR"},{"@type":"Person","@id":"http:\/\/www.ecoloj.be\/goforclimatejustice\/jump\/#\/schema\/person\/2785f7590f746dc71d8d50569c6387fb","name":"Assia Bencer Alaoui","image":{"@type":"ImageObject","inLanguage":"fr-FR","@id":"http:\/\/www.ecoloj.be\/goforclimatejustice\/jump\/#\/schema\/person\/image\/","url":"https:\/\/secure.gravatar.com\/avatar\/37a4a02806633410429068ef076733e0?s=96&d=mm&r=g","contentUrl":"https:\/\/secure.gravatar.com\/avatar\/37a4a02806633410429068ef076733e0?s=96&d=mm&r=g","caption":"Assia Bencer Alaoui"},"url":"https:\/\/www.ecoloj.be\/goforclimatejustice\/jump\/author\/assiabenceralaoui\/"}]}},"_links":{"self":[{"href":"https:\/\/www.ecoloj.be\/goforclimatejustice\/jump\/wp-json\/wp\/v2\/posts\/3032"}],"collection":[{"href":"https:\/\/www.ecoloj.be\/goforclimatejustice\/jump\/wp-json\/wp\/v2\/posts"}],"about":[{"href":"https:\/\/www.ecoloj.be\/goforclimatejustice\/jump\/wp-json\/wp\/v2\/types\/post"}],"author":[{"embeddable":true,"href":"https:\/\/www.ecoloj.be\/goforclimatejustice\/jump\/wp-json\/wp\/v2\/users\/84"}],"replies":[{"embeddable":true,"href":"https:\/\/www.ecoloj.be\/goforclimatejustice\/jump\/wp-json\/wp\/v2\/comments?post=3032"}],"version-history":[{"count":11,"href":"https:\/\/www.ecoloj.be\/goforclimatejustice\/jump\/wp-json\/wp\/v2\/posts\/3032\/revisions"}],"predecessor-version":[{"id":4710,"href":"https:\/\/www.ecoloj.be\/goforclimatejustice\/jump\/wp-json\/wp\/v2\/posts\/3032\/revisions\/4710"}],"wp:featuredmedia":[{"embeddable":true,"href":"https:\/\/www.ecoloj.be\/goforclimatejustice\/jump\/wp-json\/wp\/v2\/media\/4709"}],"wp:attachment":[{"href":"https:\/\/www.ecoloj.be\/goforclimatejustice\/jump\/wp-json\/wp\/v2\/media?parent=3032"}],"wp:term":[{"taxonomy":"category","embeddable":true,"href":"https:\/\/www.ecoloj.be\/goforclimatejustice\/jump\/wp-json\/wp\/v2\/categories?post=3032"},{"taxonomy":"post_tag","embeddable":true,"href":"https:\/\/www.ecoloj.be\/goforclimatejustice\/jump\/wp-json\/wp\/v2\/tags?post=3032"}],"curies":[{"name":"wp","href":"https:\/\/api.w.org\/{rel}","templated":true}]}}