{"id":3273,"date":"2019-12-07T15:47:10","date_gmt":"2019-12-07T14:47:10","guid":{"rendered":"http:\/\/www.ecoloj.be\/goforclimatejustice\/jump\/?p=3273"},"modified":"2022-07-28T21:19:39","modified_gmt":"2022-07-28T20:19:39","slug":"violences-ouvrir-yeux-dominations-construire-paix","status":"publish","type":"post","link":"https:\/\/www.ecoloj.be\/goforclimatejustice\/jump\/violences-ouvrir-yeux-dominations-construire-paix\/","title":{"rendered":"Ouvrir les yeux sur les dominations pour construire la paix ?"},"content":{"rendered":"<p><strong>Pour \u00e9lever les d\u00e9fenses de la paix<\/strong>, il est n\u00e9cessaire de d\u00e9construire les rouages de la domination qui g\u00e9n\u00e8re la violence.<\/p>\n<p><!--more--><\/p>\n<p>C\u2019est pour contribuer \u00e0 ce d\u00e9tricotage et lutter contre les causes profondes de la violence que la CNAPD sort deux nouveaux outils : une version actualis\u00e9e de son outil Logiques de domination.<\/p>\n<p style=\"text-align: left;\">Dominations logiques ? et Bienvenue sur Perfectus !, un nouveau jeu de soci\u00e9t\u00e9 pour questionner la domination.<\/p>\n<p style=\"text-align: left;\">\u0152uvrer \u00e0 \u00e9lever les d\u00e9fenses de la paix, c\u2019est besogner inlassablement \u00e0 d\u00e9construire la machinerie de la domination. Le langage qui performe des repr\u00e9sentations du monde est l\u2019un des rouages de ce m\u00e9canisme. Accordons-nous donc d\u2019abord sur le mot Paix. Pour l\u2019Assembl\u00e9e g\u00e9n\u00e9rale des Nations Unies, ce n\u2019est pas juste l\u2019absence de conflits mais un processus positif, dynamique, participatif qui favorise le dialogue et le r\u00e8glement des conflits dans un esprit de compr\u00e9hension mutuelle et de coop\u00e9ration. L\u2019objectif ainsi d\u00e9fini, le constat est cinglant. La r\u00e9alit\u00e9 que nous exp\u00e9rimentons tous les jours en est tr\u00e8s \u00e9loign\u00e9e.<\/p>\n<p style=\"text-align: left;\">Les rapports entre les personnes, entre les collectivit\u00e9s, entre les \u00e9tats restent largement caract\u00e9ris\u00e9s par la violence, bas\u00e9s sur la domination des un\u00b7e\u00b7s sur les autres. Parfois cette violence est directe et physique, souvent elle est plus subtile. Elle s\u2019exerce sur les personnes de mani\u00e8re insidieuse, usant petit \u00e0 petit les corps et les esprits et entravant les possibilit\u00e9s de satisfaire nos besoins de base. Une violence bien souvent invisible car per\u00e7ue comme ordinaire et renforc\u00e9e par la complexit\u00e9 de ses structures.<\/p>\n<h3 style=\"text-align: left;\"><span style=\"color: #99cc00;\">Si ce syst\u00e8me est aussi tenace, c\u2019est aussi et surtout que, plus ou moins consciemment, nous en sommes tou\u2027te\u2027s complices, dominant\u00b7e\u00b7s ou domin\u00e9\u00b7e\u00b7s<\/span><\/h3>\n<p style=\"text-align: left;\">Au 16\u00e8me si\u00e8cle, Etienne de la Bo\u00e9tie expliquait d\u00e9j\u00e0 cette r\u00e9alit\u00e9 par la servitude volontaire. Soumis\u00b7e par la peur de l\u2019ins\u00e9curit\u00e9 de la vie et la force de la coutume et gr\u00e2ce \u00e0 l\u2019int\u00e9riorisation du rapport de force, chaque personne int\u00e9riorisait puis finalement acceptait et d\u00e9fendait son statut de domin\u00e9\u00b7e. Au 20\u00e8me si\u00e8cle, Antonio Gramsci d\u00e9montrait ces processus d\u2019int\u00e9riorisation et de soumission par les outils de la culture h\u00e9g\u00e9monique. Les personnes domin\u00e9es le sont parce qu\u2019elles utilisent et subissent les cat\u00e9gories mentales qui servent \u00e0 leur propre domination. Pierre Bourdieu ne disait pas autre chose en posant les fondements de ce qu\u2019il d\u00e9signa comme la violence symbolique. Une violence qui prend les formes d\u2019une justification et d\u2019une l\u00e9gitimation de la violence inh\u00e9rente au syst\u00e8me donn\u00e9, per\u00e7ue comme n\u00e9cessaire et \u00e9vidente. Il y a int\u00e9riorisation de la domination et ainsi l\u00e9gitimation de la place occup\u00e9e dans un syst\u00e8me donn\u00e9. Cette violence est per\u00e7ue comme l\u00e9gitime car le principe de classement dans ce syst\u00e8me est lui-m\u00eame per\u00e7u comme tel.<\/p>\n<p style=\"text-align: left;\">Pour esp\u00e9rer construire les bases d\u2019une culture de paix v\u00e9ritable et durable, il faut exposer et d\u00e9construire ces rapports de domination afin d\u2019enrayer, et finalement d\u2019arr\u00eater, ces m\u00e9canismes de l\u00e9gitimation de l\u2019ordre social \u00e9tabli et violent. \u00e0 cette fin, il est essentiel d\u2019analyser le syst\u00e8me dans sa globalit\u00e9 et de questionner sa gen\u00e8se autant que son maintien et son \u00e9volution au regard de ces m\u00e9canismes d\u2019int\u00e9riorisation des normes sociales.<\/p>\n<p style=\"text-align: left;\"><strong>___<br \/>\n<\/strong><\/p>\n<p style=\"text-align: left; padding-left: 30px;\">La r\u00e9\u00e9dition de l\u2019outil Logiques de domination. Dominations logiques ? et la parution du jeu de soci\u00e9t\u00e9 Bienvenue sur Perfectus ! ont pour vocation de contribuer \u00e0 mieux comprendre ces dominations et les violences qu\u2019elles g\u00e9n\u00e8rent, permettent et perp\u00e9tuent. Il s\u2019agit de visibiliser certains de leurs rouages et engrenages, de d\u00e9celer les mots et les modes qui les sous-tendent. D\u00e9construire les dominations pour construire la culture de paix.<\/p>\n<p style=\"text-align: left; padding-left: 30px;\">Les deux outils sont disponibles sur demande aupr\u00e8s de la CNAPD \u00e0 l\u2019adresse suivante : info@cnapd.be. La nouvelle version de l\u2019outil Logiques de domination. Dominations logiques ? sera disponible gratuitement \u00e0 la fin de l\u2019ann\u00e9e 2019. Le jeu de soci\u00e9t\u00e9 Bienvenue sur Perfectus ! sera disponible d\u00e9but 2020. Il pourra \u00eatre command\u00e9 en pr\u00eat et\/ou dans le cadre d\u2019une animation dispens\u00e9e par l\u2019\u00e9quipe d\u2019animation de la CNAPD.<\/p>\n<p>___<\/p>\n<p><strong>Coralie Mampaey<\/strong><\/p>\n","protected":false},"excerpt":{"rendered":"<p>Pour \u00e9lever les d\u00e9fenses de la paix, il est n\u00e9cessaire de d\u00e9construire les rouages de la domination qui g\u00e9n\u00e8re la violence.<\/p>\n","protected":false},"author":24,"featured_media":4196,"comment_status":"closed","ping_status":"closed","sticky":false,"template":"","format":"image","meta":[],"categories":[115],"tags":[103],"acf":[],"yoast_head":"<!-- This site is optimized with the Yoast SEO plugin v20.1 - https:\/\/yoast.com\/wordpress\/plugins\/seo\/ -->\n<title>Ouvrir les yeux sur les dominations pour construire la paix ? - Jump<\/title>\n<meta name=\"robots\" content=\"index, follow, max-snippet:-1, max-image-preview:large, max-video-preview:-1\" \/>\n<link rel=\"canonical\" href=\"https:\/\/www.ecoloj.be\/goforclimatejustice\/jump\/violences-ouvrir-yeux-dominations-construire-paix\/\" \/>\n<meta property=\"og:locale\" content=\"fr_FR\" \/>\n<meta property=\"og:type\" content=\"article\" \/>\n<meta property=\"og:title\" content=\"Ouvrir les yeux sur les dominations pour construire la paix ? - Jump\" \/>\n<meta property=\"og:description\" content=\"Pour \u00e9lever les d\u00e9fenses de la paix, il est n\u00e9cessaire de d\u00e9construire les rouages de la domination qui g\u00e9n\u00e8re la violence.\" \/>\n<meta property=\"og:url\" content=\"https:\/\/www.ecoloj.be\/goforclimatejustice\/jump\/violences-ouvrir-yeux-dominations-construire-paix\/\" \/>\n<meta property=\"og:site_name\" content=\"Jump\" \/>\n<meta property=\"article:publisher\" content=\"https:\/\/www.facebook.com\/ecolojfederal\" \/>\n<meta property=\"article:published_time\" content=\"2019-12-07T14:47:10+00:00\" \/>\n<meta property=\"article:modified_time\" content=\"2022-07-28T20:19:39+00:00\" \/>\n<meta property=\"og:image\" content=\"https:\/\/www.ecoloj.be\/goforclimatejustice\/jump\/wp-content\/uploads\/sites\/3\/2019\/12\/images-jump-articles-6.jpg\" \/>\n\t<meta property=\"og:image:width\" content=\"1200\" \/>\n\t<meta property=\"og:image:height\" content=\"627\" \/>\n\t<meta property=\"og:image:type\" content=\"image\/jpeg\" \/>\n<meta name=\"author\" content=\"Coralie Mampaey\" \/>\n<meta name=\"twitter:card\" content=\"summary_large_image\" \/>\n<meta name=\"twitter:creator\" content=\"@ecoloj\" \/>\n<meta name=\"twitter:site\" content=\"@ecoloj\" \/>\n<meta name=\"twitter:label1\" content=\"\u00c9crit par\" \/>\n\t<meta name=\"twitter:data1\" content=\"Coralie Mampaey\" \/>\n\t<meta name=\"twitter:label2\" content=\"Dur\u00e9e de lecture estim\u00e9e\" \/>\n\t<meta name=\"twitter:data2\" content=\"4 minutes\" \/>\n<script type=\"application\/ld+json\" class=\"yoast-schema-graph\">{\"@context\":\"https:\/\/schema.org\",\"@graph\":[{\"@type\":\"WebPage\",\"@id\":\"https:\/\/www.ecoloj.be\/goforclimatejustice\/jump\/violences-ouvrir-yeux-dominations-construire-paix\/\",\"url\":\"https:\/\/www.ecoloj.be\/goforclimatejustice\/jump\/violences-ouvrir-yeux-dominations-construire-paix\/\",\"name\":\"Ouvrir les yeux sur les dominations pour construire la paix ? - Jump\",\"isPartOf\":{\"@id\":\"http:\/\/www.ecoloj.be\/goforclimatejustice\/jump\/#website\"},\"datePublished\":\"2019-12-07T14:47:10+00:00\",\"dateModified\":\"2022-07-28T20:19:39+00:00\",\"author\":{\"@id\":\"http:\/\/www.ecoloj.be\/goforclimatejustice\/jump\/#\/schema\/person\/009a167b41b70e8e9b43cd92954c689f\"},\"breadcrumb\":{\"@id\":\"https:\/\/www.ecoloj.be\/goforclimatejustice\/jump\/violences-ouvrir-yeux-dominations-construire-paix\/#breadcrumb\"},\"inLanguage\":\"fr-FR\",\"potentialAction\":[{\"@type\":\"ReadAction\",\"target\":[\"https:\/\/www.ecoloj.be\/goforclimatejustice\/jump\/violences-ouvrir-yeux-dominations-construire-paix\/\"]}]},{\"@type\":\"BreadcrumbList\",\"@id\":\"https:\/\/www.ecoloj.be\/goforclimatejustice\/jump\/violences-ouvrir-yeux-dominations-construire-paix\/#breadcrumb\",\"itemListElement\":[{\"@type\":\"ListItem\",\"position\":1,\"name\":\"Accueil\",\"item\":\"https:\/\/www.ecoloj.be\/goforclimatejustice\/jump\/\"},{\"@type\":\"ListItem\",\"position\":2,\"name\":\"Ouvrir les yeux sur les dominations pour construire la paix ?\"}]},{\"@type\":\"WebSite\",\"@id\":\"http:\/\/www.ecoloj.be\/goforclimatejustice\/jump\/#website\",\"url\":\"http:\/\/www.ecoloj.be\/goforclimatejustice\/jump\/\",\"name\":\"Jump\",\"description\":\"le magazine d&#039;\u00e9colo j\",\"potentialAction\":[{\"@type\":\"SearchAction\",\"target\":{\"@type\":\"EntryPoint\",\"urlTemplate\":\"http:\/\/www.ecoloj.be\/goforclimatejustice\/jump\/?s={search_term_string}\"},\"query-input\":\"required name=search_term_string\"}],\"inLanguage\":\"fr-FR\"},{\"@type\":\"Person\",\"@id\":\"http:\/\/www.ecoloj.be\/goforclimatejustice\/jump\/#\/schema\/person\/009a167b41b70e8e9b43cd92954c689f\",\"name\":\"Coralie Mampaey\",\"image\":{\"@type\":\"ImageObject\",\"inLanguage\":\"fr-FR\",\"@id\":\"http:\/\/www.ecoloj.be\/goforclimatejustice\/jump\/#\/schema\/person\/image\/\",\"url\":\"https:\/\/secure.gravatar.com\/avatar\/b3c8a95ed95be0d6a990aee0e1cdf571?s=96&d=mm&r=g\",\"contentUrl\":\"https:\/\/secure.gravatar.com\/avatar\/b3c8a95ed95be0d6a990aee0e1cdf571?s=96&d=mm&r=g\",\"caption\":\"Coralie Mampaey\"},\"url\":\"https:\/\/www.ecoloj.be\/goforclimatejustice\/jump\/author\/coraliemampaey\/\"}]}<\/script>\n<!-- \/ Yoast SEO plugin. -->","yoast_head_json":{"title":"Ouvrir les yeux sur les dominations pour construire la paix ? - Jump","robots":{"index":"index","follow":"follow","max-snippet":"max-snippet:-1","max-image-preview":"max-image-preview:large","max-video-preview":"max-video-preview:-1"},"canonical":"https:\/\/www.ecoloj.be\/goforclimatejustice\/jump\/violences-ouvrir-yeux-dominations-construire-paix\/","og_locale":"fr_FR","og_type":"article","og_title":"Ouvrir les yeux sur les dominations pour construire la paix ? - Jump","og_description":"Pour \u00e9lever les d\u00e9fenses de la paix, il est n\u00e9cessaire de d\u00e9construire les rouages de la domination qui g\u00e9n\u00e8re la violence.","og_url":"https:\/\/www.ecoloj.be\/goforclimatejustice\/jump\/violences-ouvrir-yeux-dominations-construire-paix\/","og_site_name":"Jump","article_publisher":"https:\/\/www.facebook.com\/ecolojfederal","article_published_time":"2019-12-07T14:47:10+00:00","article_modified_time":"2022-07-28T20:19:39+00:00","og_image":[{"width":1200,"height":627,"url":"https:\/\/www.ecoloj.be\/goforclimatejustice\/jump\/wp-content\/uploads\/sites\/3\/2019\/12\/images-jump-articles-6.jpg","type":"image\/jpeg"}],"author":"Coralie Mampaey","twitter_card":"summary_large_image","twitter_creator":"@ecoloj","twitter_site":"@ecoloj","twitter_misc":{"\u00c9crit par":"Coralie Mampaey","Dur\u00e9e de lecture estim\u00e9e":"4 minutes"},"schema":{"@context":"https:\/\/schema.org","@graph":[{"@type":"WebPage","@id":"https:\/\/www.ecoloj.be\/goforclimatejustice\/jump\/violences-ouvrir-yeux-dominations-construire-paix\/","url":"https:\/\/www.ecoloj.be\/goforclimatejustice\/jump\/violences-ouvrir-yeux-dominations-construire-paix\/","name":"Ouvrir les yeux sur les dominations pour construire la paix ? - Jump","isPartOf":{"@id":"http:\/\/www.ecoloj.be\/goforclimatejustice\/jump\/#website"},"datePublished":"2019-12-07T14:47:10+00:00","dateModified":"2022-07-28T20:19:39+00:00","author":{"@id":"http:\/\/www.ecoloj.be\/goforclimatejustice\/jump\/#\/schema\/person\/009a167b41b70e8e9b43cd92954c689f"},"breadcrumb":{"@id":"https:\/\/www.ecoloj.be\/goforclimatejustice\/jump\/violences-ouvrir-yeux-dominations-construire-paix\/#breadcrumb"},"inLanguage":"fr-FR","potentialAction":[{"@type":"ReadAction","target":["https:\/\/www.ecoloj.be\/goforclimatejustice\/jump\/violences-ouvrir-yeux-dominations-construire-paix\/"]}]},{"@type":"BreadcrumbList","@id":"https:\/\/www.ecoloj.be\/goforclimatejustice\/jump\/violences-ouvrir-yeux-dominations-construire-paix\/#breadcrumb","itemListElement":[{"@type":"ListItem","position":1,"name":"Accueil","item":"https:\/\/www.ecoloj.be\/goforclimatejustice\/jump\/"},{"@type":"ListItem","position":2,"name":"Ouvrir les yeux sur les dominations pour construire la paix ?"}]},{"@type":"WebSite","@id":"http:\/\/www.ecoloj.be\/goforclimatejustice\/jump\/#website","url":"http:\/\/www.ecoloj.be\/goforclimatejustice\/jump\/","name":"Jump","description":"le magazine d&#039;\u00e9colo j","potentialAction":[{"@type":"SearchAction","target":{"@type":"EntryPoint","urlTemplate":"http:\/\/www.ecoloj.be\/goforclimatejustice\/jump\/?s={search_term_string}"},"query-input":"required name=search_term_string"}],"inLanguage":"fr-FR"},{"@type":"Person","@id":"http:\/\/www.ecoloj.be\/goforclimatejustice\/jump\/#\/schema\/person\/009a167b41b70e8e9b43cd92954c689f","name":"Coralie Mampaey","image":{"@type":"ImageObject","inLanguage":"fr-FR","@id":"http:\/\/www.ecoloj.be\/goforclimatejustice\/jump\/#\/schema\/person\/image\/","url":"https:\/\/secure.gravatar.com\/avatar\/b3c8a95ed95be0d6a990aee0e1cdf571?s=96&d=mm&r=g","contentUrl":"https:\/\/secure.gravatar.com\/avatar\/b3c8a95ed95be0d6a990aee0e1cdf571?s=96&d=mm&r=g","caption":"Coralie Mampaey"},"url":"https:\/\/www.ecoloj.be\/goforclimatejustice\/jump\/author\/coraliemampaey\/"}]}},"_links":{"self":[{"href":"https:\/\/www.ecoloj.be\/goforclimatejustice\/jump\/wp-json\/wp\/v2\/posts\/3273"}],"collection":[{"href":"https:\/\/www.ecoloj.be\/goforclimatejustice\/jump\/wp-json\/wp\/v2\/posts"}],"about":[{"href":"https:\/\/www.ecoloj.be\/goforclimatejustice\/jump\/wp-json\/wp\/v2\/types\/post"}],"author":[{"embeddable":true,"href":"https:\/\/www.ecoloj.be\/goforclimatejustice\/jump\/wp-json\/wp\/v2\/users\/24"}],"replies":[{"embeddable":true,"href":"https:\/\/www.ecoloj.be\/goforclimatejustice\/jump\/wp-json\/wp\/v2\/comments?post=3273"}],"version-history":[{"count":12,"href":"https:\/\/www.ecoloj.be\/goforclimatejustice\/jump\/wp-json\/wp\/v2\/posts\/3273\/revisions"}],"predecessor-version":[{"id":4692,"href":"https:\/\/www.ecoloj.be\/goforclimatejustice\/jump\/wp-json\/wp\/v2\/posts\/3273\/revisions\/4692"}],"wp:featuredmedia":[{"embeddable":true,"href":"https:\/\/www.ecoloj.be\/goforclimatejustice\/jump\/wp-json\/wp\/v2\/media\/4196"}],"wp:attachment":[{"href":"https:\/\/www.ecoloj.be\/goforclimatejustice\/jump\/wp-json\/wp\/v2\/media?parent=3273"}],"wp:term":[{"taxonomy":"category","embeddable":true,"href":"https:\/\/www.ecoloj.be\/goforclimatejustice\/jump\/wp-json\/wp\/v2\/categories?post=3273"},{"taxonomy":"post_tag","embeddable":true,"href":"https:\/\/www.ecoloj.be\/goforclimatejustice\/jump\/wp-json\/wp\/v2\/tags?post=3273"}],"curies":[{"name":"wp","href":"https:\/\/api.w.org\/{rel}","templated":true}]}}