{"id":3292,"date":"2019-12-04T17:09:10","date_gmt":"2019-12-04T16:09:10","guid":{"rendered":"http:\/\/www.ecoloj.be\/goforclimatejustice\/jump\/?p=3292"},"modified":"2022-08-03T12:56:02","modified_gmt":"2022-08-03T11:56:02","slug":"fabrique-bombes-a-graines-jette-favoriser-biodiversite","status":"publish","type":"post","link":"https:\/\/www.ecoloj.be\/goforclimatejustice\/jump\/fabrique-bombes-a-graines-jette-favoriser-biodiversite\/","title":{"rendered":"Fabrique tes bombes \u00e0 graines et jette-les pour favoriser la biodiversit\u00e9"},"content":{"rendered":"<p><!--more--><\/p>\n<p><strong>01<\/strong>\u2008 \u2008Choisis la graine de la fleur que tu veux.<\/p>\n<p><strong>02<\/strong>\u2008\u2008\u2008Dans un saladier, verse deux doses d\u2019argile.<\/p>\n<p><strong>03<\/strong>\u2008 \u2008Ajoutes-y un volume de terre, m\u00e9lang\u00e9 \u00e0 un peu de compost.<\/p>\n<p><strong>04<\/strong>\u2008 \u2008M\u00e9lange.<\/p>\n<p><strong>05<\/strong>\u2008 Ajoute de l\u2019eau petit \u00e0 petit, tout en malaxant jusqu\u2019\u00e0 obtenir la consistance d\u2019une p\u00e2te \u00e0 modeler.<\/p>\n<p><strong>06\u2008<\/strong> \u2008Forme des boulettes.<\/p>\n<p><strong>07<\/strong>\u2008 \u2008Avec ton index, creuse un petit trou dans chaque boulette.<\/p>\n<p><strong>08<\/strong>\u2008 \u2008Pose des graines dans le trou, le nombre est \u00e0 d\u00e9terminer en fonction de la taille de celles-ci. N\u2019en mets que trois si elles sont grosses (comme les graines de tournesol). Tu peux aller jusqu\u2019\u00e0 dix si elles sont petites.<\/p>\n<p><strong>09<\/strong>\u2008 \u2008Referme le trou.<\/p>\n<p><strong>10<\/strong>\u2008\u2008\u2008Roule la boulette pour qu\u2019elle soit sph\u00e9rique.<\/p>\n<p><strong>11\u2008<\/strong> \u2008\u2008\u00e0 l\u2019assaut! Pars jeter tes bombes partout o\u00f9 tu voudrais voir pousser des fleurs ! Par exemple, une place publique, un pelouse, une friche\u2026<\/p>\n<p>___<\/p>\n<p><strong>J\u00e9romine Gehrenbeck<br \/>\n<\/strong><\/p>\n<p>&nbsp;<\/p>\n","protected":false},"excerpt":{"rendered":"","protected":false},"author":60,"featured_media":4870,"comment_status":"closed","ping_status":"closed","sticky":false,"template":"","format":"image","meta":[],"categories":[12],"tags":[69,103],"acf":[],"yoast_head":"<!-- This site is optimized with the Yoast SEO plugin v20.1 - https:\/\/yoast.com\/wordpress\/plugins\/seo\/ -->\n<title>Fabrique tes bombes \u00e0 graines et jette-les pour favoriser la biodiversit\u00e9 - Jump<\/title>\n<meta name=\"robots\" content=\"index, follow, max-snippet:-1, max-image-preview:large, max-video-preview:-1\" \/>\n<link rel=\"canonical\" href=\"https:\/\/www.ecoloj.be\/goforclimatejustice\/jump\/fabrique-bombes-a-graines-jette-favoriser-biodiversite\/\" \/>\n<meta property=\"og:locale\" content=\"fr_FR\" \/>\n<meta property=\"og:type\" content=\"article\" \/>\n<meta property=\"og:title\" content=\"Fabrique tes bombes \u00e0 graines et jette-les pour favoriser la biodiversit\u00e9 - Jump\" \/>\n<meta property=\"og:url\" content=\"https:\/\/www.ecoloj.be\/goforclimatejustice\/jump\/fabrique-bombes-a-graines-jette-favoriser-biodiversite\/\" \/>\n<meta property=\"og:site_name\" content=\"Jump\" \/>\n<meta property=\"article:publisher\" content=\"https:\/\/www.facebook.com\/ecolojfederal\" \/>\n<meta property=\"article:published_time\" content=\"2019-12-04T16:09:10+00:00\" \/>\n<meta property=\"article:modified_time\" content=\"2022-08-03T11:56:02+00:00\" \/>\n<meta property=\"og:image\" content=\"https:\/\/www.ecoloj.be\/goforclimatejustice\/jump\/wp-content\/uploads\/sites\/3\/2019\/12\/images-jump-articles61.jpg\" \/>\n\t<meta property=\"og:image:width\" content=\"1200\" \/>\n\t<meta property=\"og:image:height\" content=\"627\" \/>\n\t<meta property=\"og:image:type\" content=\"image\/jpeg\" \/>\n<meta name=\"author\" content=\"J\u00e9romine Gehrenbeck\" \/>\n<meta name=\"twitter:card\" content=\"summary_large_image\" \/>\n<meta name=\"twitter:creator\" content=\"@ecoloj\" \/>\n<meta name=\"twitter:site\" content=\"@ecoloj\" \/>\n<meta name=\"twitter:label1\" content=\"\u00c9crit par\" \/>\n\t<meta name=\"twitter:data1\" content=\"J\u00e9romine Gehrenbeck\" \/>\n\t<meta name=\"twitter:label2\" content=\"Dur\u00e9e de lecture estim\u00e9e\" \/>\n\t<meta name=\"twitter:data2\" content=\"1 minute\" \/>\n<script type=\"application\/ld+json\" class=\"yoast-schema-graph\">{\"@context\":\"https:\/\/schema.org\",\"@graph\":[{\"@type\":\"WebPage\",\"@id\":\"https:\/\/www.ecoloj.be\/goforclimatejustice\/jump\/fabrique-bombes-a-graines-jette-favoriser-biodiversite\/\",\"url\":\"https:\/\/www.ecoloj.be\/goforclimatejustice\/jump\/fabrique-bombes-a-graines-jette-favoriser-biodiversite\/\",\"name\":\"Fabrique tes bombes \u00e0 graines et jette-les pour favoriser la biodiversit\u00e9 - Jump\",\"isPartOf\":{\"@id\":\"http:\/\/www.ecoloj.be\/goforclimatejustice\/jump\/#website\"},\"datePublished\":\"2019-12-04T16:09:10+00:00\",\"dateModified\":\"2022-08-03T11:56:02+00:00\",\"author\":{\"@id\":\"http:\/\/www.ecoloj.be\/goforclimatejustice\/jump\/#\/schema\/person\/3b273943c80f7be1b57026017b22139b\"},\"breadcrumb\":{\"@id\":\"https:\/\/www.ecoloj.be\/goforclimatejustice\/jump\/fabrique-bombes-a-graines-jette-favoriser-biodiversite\/#breadcrumb\"},\"inLanguage\":\"fr-FR\",\"potentialAction\":[{\"@type\":\"ReadAction\",\"target\":[\"https:\/\/www.ecoloj.be\/goforclimatejustice\/jump\/fabrique-bombes-a-graines-jette-favoriser-biodiversite\/\"]}]},{\"@type\":\"BreadcrumbList\",\"@id\":\"https:\/\/www.ecoloj.be\/goforclimatejustice\/jump\/fabrique-bombes-a-graines-jette-favoriser-biodiversite\/#breadcrumb\",\"itemListElement\":[{\"@type\":\"ListItem\",\"position\":1,\"name\":\"Accueil\",\"item\":\"https:\/\/www.ecoloj.be\/goforclimatejustice\/jump\/\"},{\"@type\":\"ListItem\",\"position\":2,\"name\":\"Fabrique tes bombes \u00e0 graines et jette-les pour favoriser la biodiversit\u00e9\"}]},{\"@type\":\"WebSite\",\"@id\":\"http:\/\/www.ecoloj.be\/goforclimatejustice\/jump\/#website\",\"url\":\"http:\/\/www.ecoloj.be\/goforclimatejustice\/jump\/\",\"name\":\"Jump\",\"description\":\"le magazine d&#039;\u00e9colo j\",\"potentialAction\":[{\"@type\":\"SearchAction\",\"target\":{\"@type\":\"EntryPoint\",\"urlTemplate\":\"http:\/\/www.ecoloj.be\/goforclimatejustice\/jump\/?s={search_term_string}\"},\"query-input\":\"required name=search_term_string\"}],\"inLanguage\":\"fr-FR\"},{\"@type\":\"Person\",\"@id\":\"http:\/\/www.ecoloj.be\/goforclimatejustice\/jump\/#\/schema\/person\/3b273943c80f7be1b57026017b22139b\",\"name\":\"J\u00e9romine Gehrenbeck\",\"image\":{\"@type\":\"ImageObject\",\"inLanguage\":\"fr-FR\",\"@id\":\"http:\/\/www.ecoloj.be\/goforclimatejustice\/jump\/#\/schema\/person\/image\/\",\"url\":\"https:\/\/secure.gravatar.com\/avatar\/45830530f7273b8dcd15029128c03b98?s=96&d=mm&r=g\",\"contentUrl\":\"https:\/\/secure.gravatar.com\/avatar\/45830530f7273b8dcd15029128c03b98?s=96&d=mm&r=g\",\"caption\":\"J\u00e9romine Gehrenbeck\"},\"url\":\"https:\/\/www.ecoloj.be\/goforclimatejustice\/jump\/author\/jerominegehrenbeck\/\"}]}<\/script>\n<!-- \/ Yoast SEO plugin. -->","yoast_head_json":{"title":"Fabrique tes bombes \u00e0 graines et jette-les pour favoriser la biodiversit\u00e9 - Jump","robots":{"index":"index","follow":"follow","max-snippet":"max-snippet:-1","max-image-preview":"max-image-preview:large","max-video-preview":"max-video-preview:-1"},"canonical":"https:\/\/www.ecoloj.be\/goforclimatejustice\/jump\/fabrique-bombes-a-graines-jette-favoriser-biodiversite\/","og_locale":"fr_FR","og_type":"article","og_title":"Fabrique tes bombes \u00e0 graines et jette-les pour favoriser la biodiversit\u00e9 - Jump","og_url":"https:\/\/www.ecoloj.be\/goforclimatejustice\/jump\/fabrique-bombes-a-graines-jette-favoriser-biodiversite\/","og_site_name":"Jump","article_publisher":"https:\/\/www.facebook.com\/ecolojfederal","article_published_time":"2019-12-04T16:09:10+00:00","article_modified_time":"2022-08-03T11:56:02+00:00","og_image":[{"width":1200,"height":627,"url":"https:\/\/www.ecoloj.be\/goforclimatejustice\/jump\/wp-content\/uploads\/sites\/3\/2019\/12\/images-jump-articles61.jpg","type":"image\/jpeg"}],"author":"J\u00e9romine Gehrenbeck","twitter_card":"summary_large_image","twitter_creator":"@ecoloj","twitter_site":"@ecoloj","twitter_misc":{"\u00c9crit par":"J\u00e9romine Gehrenbeck","Dur\u00e9e de lecture estim\u00e9e":"1 minute"},"schema":{"@context":"https:\/\/schema.org","@graph":[{"@type":"WebPage","@id":"https:\/\/www.ecoloj.be\/goforclimatejustice\/jump\/fabrique-bombes-a-graines-jette-favoriser-biodiversite\/","url":"https:\/\/www.ecoloj.be\/goforclimatejustice\/jump\/fabrique-bombes-a-graines-jette-favoriser-biodiversite\/","name":"Fabrique tes bombes \u00e0 graines et jette-les pour favoriser la biodiversit\u00e9 - Jump","isPartOf":{"@id":"http:\/\/www.ecoloj.be\/goforclimatejustice\/jump\/#website"},"datePublished":"2019-12-04T16:09:10+00:00","dateModified":"2022-08-03T11:56:02+00:00","author":{"@id":"http:\/\/www.ecoloj.be\/goforclimatejustice\/jump\/#\/schema\/person\/3b273943c80f7be1b57026017b22139b"},"breadcrumb":{"@id":"https:\/\/www.ecoloj.be\/goforclimatejustice\/jump\/fabrique-bombes-a-graines-jette-favoriser-biodiversite\/#breadcrumb"},"inLanguage":"fr-FR","potentialAction":[{"@type":"ReadAction","target":["https:\/\/www.ecoloj.be\/goforclimatejustice\/jump\/fabrique-bombes-a-graines-jette-favoriser-biodiversite\/"]}]},{"@type":"BreadcrumbList","@id":"https:\/\/www.ecoloj.be\/goforclimatejustice\/jump\/fabrique-bombes-a-graines-jette-favoriser-biodiversite\/#breadcrumb","itemListElement":[{"@type":"ListItem","position":1,"name":"Accueil","item":"https:\/\/www.ecoloj.be\/goforclimatejustice\/jump\/"},{"@type":"ListItem","position":2,"name":"Fabrique tes bombes \u00e0 graines et jette-les pour favoriser la biodiversit\u00e9"}]},{"@type":"WebSite","@id":"http:\/\/www.ecoloj.be\/goforclimatejustice\/jump\/#website","url":"http:\/\/www.ecoloj.be\/goforclimatejustice\/jump\/","name":"Jump","description":"le magazine d&#039;\u00e9colo j","potentialAction":[{"@type":"SearchAction","target":{"@type":"EntryPoint","urlTemplate":"http:\/\/www.ecoloj.be\/goforclimatejustice\/jump\/?s={search_term_string}"},"query-input":"required name=search_term_string"}],"inLanguage":"fr-FR"},{"@type":"Person","@id":"http:\/\/www.ecoloj.be\/goforclimatejustice\/jump\/#\/schema\/person\/3b273943c80f7be1b57026017b22139b","name":"J\u00e9romine Gehrenbeck","image":{"@type":"ImageObject","inLanguage":"fr-FR","@id":"http:\/\/www.ecoloj.be\/goforclimatejustice\/jump\/#\/schema\/person\/image\/","url":"https:\/\/secure.gravatar.com\/avatar\/45830530f7273b8dcd15029128c03b98?s=96&d=mm&r=g","contentUrl":"https:\/\/secure.gravatar.com\/avatar\/45830530f7273b8dcd15029128c03b98?s=96&d=mm&r=g","caption":"J\u00e9romine Gehrenbeck"},"url":"https:\/\/www.ecoloj.be\/goforclimatejustice\/jump\/author\/jerominegehrenbeck\/"}]}},"_links":{"self":[{"href":"https:\/\/www.ecoloj.be\/goforclimatejustice\/jump\/wp-json\/wp\/v2\/posts\/3292"}],"collection":[{"href":"https:\/\/www.ecoloj.be\/goforclimatejustice\/jump\/wp-json\/wp\/v2\/posts"}],"about":[{"href":"https:\/\/www.ecoloj.be\/goforclimatejustice\/jump\/wp-json\/wp\/v2\/types\/post"}],"author":[{"embeddable":true,"href":"https:\/\/www.ecoloj.be\/goforclimatejustice\/jump\/wp-json\/wp\/v2\/users\/60"}],"replies":[{"embeddable":true,"href":"https:\/\/www.ecoloj.be\/goforclimatejustice\/jump\/wp-json\/wp\/v2\/comments?post=3292"}],"version-history":[{"count":13,"href":"https:\/\/www.ecoloj.be\/goforclimatejustice\/jump\/wp-json\/wp\/v2\/posts\/3292\/revisions"}],"predecessor-version":[{"id":5068,"href":"https:\/\/www.ecoloj.be\/goforclimatejustice\/jump\/wp-json\/wp\/v2\/posts\/3292\/revisions\/5068"}],"wp:featuredmedia":[{"embeddable":true,"href":"https:\/\/www.ecoloj.be\/goforclimatejustice\/jump\/wp-json\/wp\/v2\/media\/4870"}],"wp:attachment":[{"href":"https:\/\/www.ecoloj.be\/goforclimatejustice\/jump\/wp-json\/wp\/v2\/media?parent=3292"}],"wp:term":[{"taxonomy":"category","embeddable":true,"href":"https:\/\/www.ecoloj.be\/goforclimatejustice\/jump\/wp-json\/wp\/v2\/categories?post=3292"},{"taxonomy":"post_tag","embeddable":true,"href":"https:\/\/www.ecoloj.be\/goforclimatejustice\/jump\/wp-json\/wp\/v2\/tags?post=3292"}],"curies":[{"name":"wp","href":"https:\/\/api.w.org\/{rel}","templated":true}]}}