{"id":3296,"date":"2019-12-03T09:03:31","date_gmt":"2019-12-03T08:03:31","guid":{"rendered":"http:\/\/www.ecoloj.be\/goforclimatejustice\/jump\/?p=3296"},"modified":"2022-11-23T10:19:34","modified_gmt":"2022-11-23T09:19:34","slug":"joker","status":"publish","type":"post","link":"https:\/\/www.ecoloj.be\/goforclimatejustice\/jump\/joker\/","title":{"rendered":"VOIR : Joker"},"content":{"rendered":"<p><span class=\"st\"><strong>Joker<\/strong>, r\u00e9alis\u00e9 par Todd Phillips avec Joaquin Phoenix, Robert De Niro (2019)<\/span><\/p>\n<p><!--more--><\/p>\n<p style=\"text-align: left;\">Il nous faut \u00e0 tout prix \u00e9viter Gotham City Soubresaut du cin\u00e9ma hollywoodien, le Joker de Todd Phillips est salu\u00e9 par la critique. Mais au-del\u00e0 de l\u2019\u00e9norme prestation de Joaquin Phoenix, le film est une critique de notre syst\u00e8me \u00e9conomique et de la vision particuli\u00e8re de l\u2019\u00eatre humain qu\u2019il sous-tend; l\u2019hyper-individualisme.<\/p>\n<p style=\"text-align: left;\">Le film revient sur la vie d\u2019Arthur Fleck, alias le Joker, dont le but dans la vie est de faire rire les gens. Il devient le personnage que l\u2019on connait \u00e0 la suite de son licenciement et de la fermeture du centre psycho-m\u00e9dical qui l\u2019accompagne. D\u00e9sesp\u00e9r\u00e9ment seul face \u00e0 la violence tant physique que psychologique de la soci\u00e9t\u00e9 de Gotham City, il sombre peu \u00e0 peu dans la folie.<\/p>\n<p style=\"text-align: left;\">Sur fond de troubles politiques, le film fait \u00e9cho \u00e0 la d\u00e9sesp\u00e9rance sociale engendr\u00e9e par notre syst\u00e8me hyper-individualiste. Il nous rappelle \u00e0 quel point ce syst\u00e8me, en sacralisant l\u2019individu roi, est une violente machine \u00e0 broyer. Face aux cons\u00e9quences dramatiques de ce syst\u00e8me, il nous faut \u00e0 tout prix \u00e9viter Gotham City.<\/p>\n<p>___<\/p>\n<p style=\"text-align: left;\"><strong>Lionel Legrand<br \/>\n<\/strong><\/p>\n","protected":false},"excerpt":{"rendered":"<p>Joker, r\u00e9alis\u00e9 par Todd Phillips avec Joaquin Phoenix, Robert De Niro (2019)<\/p>\n","protected":false},"author":86,"featured_media":4916,"comment_status":"closed","ping_status":"closed","sticky":false,"template":"","format":"image","meta":[],"categories":[11],"tags":[144,103],"acf":[],"yoast_head":"<!-- This site is optimized with the Yoast SEO plugin v20.1 - https:\/\/yoast.com\/wordpress\/plugins\/seo\/ -->\n<title>VOIR : Joker - Jump<\/title>\n<meta name=\"robots\" content=\"index, follow, max-snippet:-1, max-image-preview:large, max-video-preview:-1\" \/>\n<link rel=\"canonical\" href=\"https:\/\/www.ecoloj.be\/goforclimatejustice\/jump\/joker\/\" \/>\n<meta property=\"og:locale\" content=\"fr_FR\" \/>\n<meta property=\"og:type\" content=\"article\" \/>\n<meta property=\"og:title\" content=\"VOIR : Joker - Jump\" \/>\n<meta property=\"og:description\" content=\"Joker, r\u00e9alis\u00e9 par Todd Phillips avec Joaquin Phoenix, Robert De Niro (2019)\" \/>\n<meta property=\"og:url\" content=\"https:\/\/www.ecoloj.be\/goforclimatejustice\/jump\/joker\/\" \/>\n<meta property=\"og:site_name\" content=\"Jump\" \/>\n<meta property=\"article:publisher\" content=\"https:\/\/www.facebook.com\/ecolojfederal\" \/>\n<meta property=\"article:published_time\" content=\"2019-12-03T08:03:31+00:00\" \/>\n<meta property=\"article:modified_time\" content=\"2022-11-23T09:19:34+00:00\" \/>\n<meta property=\"og:image\" content=\"https:\/\/www.ecoloj.be\/goforclimatejustice\/jump\/wp-content\/uploads\/sites\/3\/2019\/12\/images-jump-articles79.jpg\" \/>\n\t<meta property=\"og:image:width\" content=\"1200\" \/>\n\t<meta property=\"og:image:height\" content=\"627\" \/>\n\t<meta property=\"og:image:type\" content=\"image\/jpeg\" \/>\n<meta name=\"author\" content=\"Lionel Legrand\" \/>\n<meta name=\"twitter:card\" content=\"summary_large_image\" \/>\n<meta name=\"twitter:creator\" content=\"@ecoloj\" \/>\n<meta name=\"twitter:site\" content=\"@ecoloj\" \/>\n<meta name=\"twitter:label1\" content=\"\u00c9crit par\" \/>\n\t<meta name=\"twitter:data1\" content=\"Lionel Legrand\" \/>\n\t<meta name=\"twitter:label2\" content=\"Dur\u00e9e de lecture estim\u00e9e\" \/>\n\t<meta name=\"twitter:data2\" content=\"1 minute\" \/>\n<script type=\"application\/ld+json\" class=\"yoast-schema-graph\">{\"@context\":\"https:\/\/schema.org\",\"@graph\":[{\"@type\":\"WebPage\",\"@id\":\"https:\/\/www.ecoloj.be\/goforclimatejustice\/jump\/joker\/\",\"url\":\"https:\/\/www.ecoloj.be\/goforclimatejustice\/jump\/joker\/\",\"name\":\"VOIR : Joker - Jump\",\"isPartOf\":{\"@id\":\"http:\/\/www.ecoloj.be\/goforclimatejustice\/jump\/#website\"},\"datePublished\":\"2019-12-03T08:03:31+00:00\",\"dateModified\":\"2022-11-23T09:19:34+00:00\",\"author\":{\"@id\":\"http:\/\/www.ecoloj.be\/goforclimatejustice\/jump\/#\/schema\/person\/e16cec1065979837ae53c7a6dd230409\"},\"breadcrumb\":{\"@id\":\"https:\/\/www.ecoloj.be\/goforclimatejustice\/jump\/joker\/#breadcrumb\"},\"inLanguage\":\"fr-FR\",\"potentialAction\":[{\"@type\":\"ReadAction\",\"target\":[\"https:\/\/www.ecoloj.be\/goforclimatejustice\/jump\/joker\/\"]}]},{\"@type\":\"BreadcrumbList\",\"@id\":\"https:\/\/www.ecoloj.be\/goforclimatejustice\/jump\/joker\/#breadcrumb\",\"itemListElement\":[{\"@type\":\"ListItem\",\"position\":1,\"name\":\"Accueil\",\"item\":\"https:\/\/www.ecoloj.be\/goforclimatejustice\/jump\/\"},{\"@type\":\"ListItem\",\"position\":2,\"name\":\"VOIR : Joker\"}]},{\"@type\":\"WebSite\",\"@id\":\"http:\/\/www.ecoloj.be\/goforclimatejustice\/jump\/#website\",\"url\":\"http:\/\/www.ecoloj.be\/goforclimatejustice\/jump\/\",\"name\":\"Jump\",\"description\":\"le magazine d&#039;\u00e9colo j\",\"potentialAction\":[{\"@type\":\"SearchAction\",\"target\":{\"@type\":\"EntryPoint\",\"urlTemplate\":\"http:\/\/www.ecoloj.be\/goforclimatejustice\/jump\/?s={search_term_string}\"},\"query-input\":\"required name=search_term_string\"}],\"inLanguage\":\"fr-FR\"},{\"@type\":\"Person\",\"@id\":\"http:\/\/www.ecoloj.be\/goforclimatejustice\/jump\/#\/schema\/person\/e16cec1065979837ae53c7a6dd230409\",\"name\":\"Lionel Legrand\",\"image\":{\"@type\":\"ImageObject\",\"inLanguage\":\"fr-FR\",\"@id\":\"http:\/\/www.ecoloj.be\/goforclimatejustice\/jump\/#\/schema\/person\/image\/\",\"url\":\"https:\/\/secure.gravatar.com\/avatar\/d6d90905ff718f2f098eb4e507713f01?s=96&d=mm&r=g\",\"contentUrl\":\"https:\/\/secure.gravatar.com\/avatar\/d6d90905ff718f2f098eb4e507713f01?s=96&d=mm&r=g\",\"caption\":\"Lionel Legrand\"},\"url\":\"https:\/\/www.ecoloj.be\/goforclimatejustice\/jump\/author\/lionellegrand\/\"}]}<\/script>\n<!-- \/ Yoast SEO plugin. -->","yoast_head_json":{"title":"VOIR : Joker - Jump","robots":{"index":"index","follow":"follow","max-snippet":"max-snippet:-1","max-image-preview":"max-image-preview:large","max-video-preview":"max-video-preview:-1"},"canonical":"https:\/\/www.ecoloj.be\/goforclimatejustice\/jump\/joker\/","og_locale":"fr_FR","og_type":"article","og_title":"VOIR : Joker - Jump","og_description":"Joker, r\u00e9alis\u00e9 par Todd Phillips avec Joaquin Phoenix, Robert De Niro (2019)","og_url":"https:\/\/www.ecoloj.be\/goforclimatejustice\/jump\/joker\/","og_site_name":"Jump","article_publisher":"https:\/\/www.facebook.com\/ecolojfederal","article_published_time":"2019-12-03T08:03:31+00:00","article_modified_time":"2022-11-23T09:19:34+00:00","og_image":[{"width":1200,"height":627,"url":"https:\/\/www.ecoloj.be\/goforclimatejustice\/jump\/wp-content\/uploads\/sites\/3\/2019\/12\/images-jump-articles79.jpg","type":"image\/jpeg"}],"author":"Lionel Legrand","twitter_card":"summary_large_image","twitter_creator":"@ecoloj","twitter_site":"@ecoloj","twitter_misc":{"\u00c9crit par":"Lionel Legrand","Dur\u00e9e de lecture estim\u00e9e":"1 minute"},"schema":{"@context":"https:\/\/schema.org","@graph":[{"@type":"WebPage","@id":"https:\/\/www.ecoloj.be\/goforclimatejustice\/jump\/joker\/","url":"https:\/\/www.ecoloj.be\/goforclimatejustice\/jump\/joker\/","name":"VOIR : Joker - Jump","isPartOf":{"@id":"http:\/\/www.ecoloj.be\/goforclimatejustice\/jump\/#website"},"datePublished":"2019-12-03T08:03:31+00:00","dateModified":"2022-11-23T09:19:34+00:00","author":{"@id":"http:\/\/www.ecoloj.be\/goforclimatejustice\/jump\/#\/schema\/person\/e16cec1065979837ae53c7a6dd230409"},"breadcrumb":{"@id":"https:\/\/www.ecoloj.be\/goforclimatejustice\/jump\/joker\/#breadcrumb"},"inLanguage":"fr-FR","potentialAction":[{"@type":"ReadAction","target":["https:\/\/www.ecoloj.be\/goforclimatejustice\/jump\/joker\/"]}]},{"@type":"BreadcrumbList","@id":"https:\/\/www.ecoloj.be\/goforclimatejustice\/jump\/joker\/#breadcrumb","itemListElement":[{"@type":"ListItem","position":1,"name":"Accueil","item":"https:\/\/www.ecoloj.be\/goforclimatejustice\/jump\/"},{"@type":"ListItem","position":2,"name":"VOIR : Joker"}]},{"@type":"WebSite","@id":"http:\/\/www.ecoloj.be\/goforclimatejustice\/jump\/#website","url":"http:\/\/www.ecoloj.be\/goforclimatejustice\/jump\/","name":"Jump","description":"le magazine d&#039;\u00e9colo j","potentialAction":[{"@type":"SearchAction","target":{"@type":"EntryPoint","urlTemplate":"http:\/\/www.ecoloj.be\/goforclimatejustice\/jump\/?s={search_term_string}"},"query-input":"required name=search_term_string"}],"inLanguage":"fr-FR"},{"@type":"Person","@id":"http:\/\/www.ecoloj.be\/goforclimatejustice\/jump\/#\/schema\/person\/e16cec1065979837ae53c7a6dd230409","name":"Lionel Legrand","image":{"@type":"ImageObject","inLanguage":"fr-FR","@id":"http:\/\/www.ecoloj.be\/goforclimatejustice\/jump\/#\/schema\/person\/image\/","url":"https:\/\/secure.gravatar.com\/avatar\/d6d90905ff718f2f098eb4e507713f01?s=96&d=mm&r=g","contentUrl":"https:\/\/secure.gravatar.com\/avatar\/d6d90905ff718f2f098eb4e507713f01?s=96&d=mm&r=g","caption":"Lionel Legrand"},"url":"https:\/\/www.ecoloj.be\/goforclimatejustice\/jump\/author\/lionellegrand\/"}]}},"_links":{"self":[{"href":"https:\/\/www.ecoloj.be\/goforclimatejustice\/jump\/wp-json\/wp\/v2\/posts\/3296"}],"collection":[{"href":"https:\/\/www.ecoloj.be\/goforclimatejustice\/jump\/wp-json\/wp\/v2\/posts"}],"about":[{"href":"https:\/\/www.ecoloj.be\/goforclimatejustice\/jump\/wp-json\/wp\/v2\/types\/post"}],"author":[{"embeddable":true,"href":"https:\/\/www.ecoloj.be\/goforclimatejustice\/jump\/wp-json\/wp\/v2\/users\/86"}],"replies":[{"embeddable":true,"href":"https:\/\/www.ecoloj.be\/goforclimatejustice\/jump\/wp-json\/wp\/v2\/comments?post=3296"}],"version-history":[{"count":11,"href":"https:\/\/www.ecoloj.be\/goforclimatejustice\/jump\/wp-json\/wp\/v2\/posts\/3296\/revisions"}],"predecessor-version":[{"id":4748,"href":"https:\/\/www.ecoloj.be\/goforclimatejustice\/jump\/wp-json\/wp\/v2\/posts\/3296\/revisions\/4748"}],"wp:featuredmedia":[{"embeddable":true,"href":"https:\/\/www.ecoloj.be\/goforclimatejustice\/jump\/wp-json\/wp\/v2\/media\/4916"}],"wp:attachment":[{"href":"https:\/\/www.ecoloj.be\/goforclimatejustice\/jump\/wp-json\/wp\/v2\/media?parent=3296"}],"wp:term":[{"taxonomy":"category","embeddable":true,"href":"https:\/\/www.ecoloj.be\/goforclimatejustice\/jump\/wp-json\/wp\/v2\/categories?post=3296"},{"taxonomy":"post_tag","embeddable":true,"href":"https:\/\/www.ecoloj.be\/goforclimatejustice\/jump\/wp-json\/wp\/v2\/tags?post=3296"}],"curies":[{"name":"wp","href":"https:\/\/api.w.org\/{rel}","templated":true}]}}