{"id":3371,"date":"2020-06-25T08:42:26","date_gmt":"2020-06-25T07:42:26","guid":{"rendered":"http:\/\/www.ecoloj.be\/goforclimatejustice\/jump\/?p=3371"},"modified":"2022-07-28T21:02:29","modified_gmt":"2022-07-28T20:02:29","slug":"anniversaire-confine-coronavirus-ne-confine-rapports-de-domination","status":"publish","type":"post","link":"https:\/\/www.ecoloj.be\/goforclimatejustice\/jump\/anniversaire-confine-coronavirus-ne-confine-rapports-de-domination\/","title":{"rendered":"Le coronavirus ne confine pas les rapports de domination"},"content":{"rendered":"<p style=\"text-align: left;\"><strong>Sit\u00f4t mises en place<\/strong> &#8211; en r\u00e9ponse \u00e0 la pand\u00e9mie &#8211; les mesures de confinement prises par le gouvernement belge ont affect\u00e9 la population de mani\u00e8re tr\u00e8s disparate. Si elles perdurent, elles pourraient bien pousser des milliers de personnes suppl\u00e9mentaires dans la pauvret\u00e9.<\/p>\n<p style=\"text-align: left;\"><!--more--><\/p>\n<h2 style=\"text-align: left;\"><span style=\"color: #99cc00;\">Commen\u00e7ons par l\u2019\u00e9vidence<\/span><\/h2>\n<p style=\"text-align: left;\">Celleux qui n\u2019ont pas de maison ne peuvent pas se confiner \u00e0 l\u2019abri du virus. Les personnes sans domicile fixe restent dans la rue, dans les m\u00eames conditions sanitaires inhumaines qu\u2019elles connaissent habituellement mais avec, en plus, un risque accru d\u2019exposition \u00e0 une maladie tr\u00e8s contagieuse et mortelle. Les sans-abri sont des personnes \u00e0 risque d\u00fb au manque de lieux d\u2019h\u00e9bergement, de nourriture, accentu\u00e9 par la situation actuelle o\u00f9 les distributions de nourriture sont interrompues et \u00e0 des probl\u00e8mes de sant\u00e9 pr\u00e9existants.<\/p>\n<p style=\"text-align: left;\">Ceci vaut aussi pour les migrant\u00b7es et les candidat\u00b7es r\u00e9fugi\u00e9\u00b7es sans logement qui font face \u00e0 la fermeture des services d\u2019asile et migration et se retrouvent donc \u00e0 la rue.<\/p>\n<p style=\"text-align: left;\">Tandis que l\u2019Office des \u00c9trangers n\u2019enregistre plus les demandes d\u2019asile en d\u00e9pit du droit international, Fedasil ne d\u00e9signe plus de lieux d\u2019accueil.<span style=\"color: #99cc00;\">1<\/span> Difficile de faire valoir ses droits fondamentaux et de respecter les recommandations sanitaires d\u00e8s lors que certains dispositifs d\u2019aide et d\u2019accueil ne peuvent plus remplir leurs fonctions.<span style=\"color: #99cc00;\">2<\/span> Ou pire encore : lorsque les mesures r\u00e9pressives contre les personnes sans-papiers se poursuivent, comme les contr\u00f4les et les arrestations.<span style=\"color: #99cc00;\">3<\/span><\/p>\n<p style=\"text-align: left;\">Les conditions de vie des personnes d\u00e9tenues en centre ferm\u00e9, comme celles d\u00e9tenues en prison<span style=\"color: #99cc00;\">4<\/span>, sont comme toujours lamentables. Elles impliquent d\u00e9sormais de grands risques de contamination (surpopulation, dortoirs et salles communes, etc.). De plus, il est aberrant et ill\u00e9gal<span style=\"color: #99cc00;\">5<\/span> de poursuivre la d\u00e9tention puisque personne ne peut plus l\u00e9galement \u00eatre expuls\u00e9 du territoire.<\/p>\n<p style=\"text-align: left;\">Malheureusement les initiatives men\u00e9es par les Communes pour r\u00e9pondre \u00e0 ces probl\u00e8mes ne suffisent pas et refl\u00e8tent la faillite du gouvernement f\u00e9d\u00e9ral par son orientation antisociale et sa politique migratoire inhumaine.<\/p>\n<h2 class=\"western\" style=\"text-align: left;\"><span style=\"color: #99cc00;\">Pas de confinement pour les pr\u00e9caires<\/span><\/h2>\n<p style=\"text-align: left;\">Le confinement qui vise \u00e0 prot\u00e9ger le droit \u00e0 la vie et \u00e0 la sant\u00e9 n\u2019est en r\u00e9alit\u00e9 fait qu\u2019en demi-mesure. Dans un monde capitaliste, l\u2019\u00e9conomie doit continuer de tourner co\u00fbte que co\u00fbte. C\u2019est pourquoi certaines entreprises sont autoris\u00e9es \u00e0 maintenir leur production et leurs services non-essentiels \u00e0 la population. Elles obligent donc leurs employ\u00e9\u00b7es \u00e0 travailler. Ceci contrevient \u00e9videmment \u00e0 l\u2019endiguement n\u00e9cessaire de la propagation du virus recommand\u00e9 par les scientifiques. Ici, les int\u00e9r\u00eats \u00e9conomiques priment sur la sant\u00e9. En outre, ces travailleur\u00b7euses n\u2019ont pas toujours un \u00e9quipement ad\u00e9quat \u2013 \u00e0 commencer par tout le personnel soignant \u2013 pour limiter leur exposition aux infections.<span style=\"color: #99cc00;\">6<\/span><\/p>\n<p style=\"text-align: left;\">Le personnel d\u2019entretien, les caissiers\u00b7\u00e8res, les coursiers\u00b7\u00e8res : tous ces m\u00e9tiers dont on avait oubli\u00e9 qu\u2019ils \u00e9taient indispensables \u00e0 la vie du plus grand nombre ne verront pourtant pas leurs salaires revaloris\u00e9s, ni maintenant, ni apr\u00e8s la crise.<\/p>\n<p style=\"text-align: left;\">D\u2019un autre c\u00f4t\u00e9, de nombreux\u00b7ses travailleur\u00b7es sont mis\u00b7es en ch\u00f4mage \u00e9conomique, entra\u00eenant une perte importante de salaire et de revenus pour leur foyer. Certains secteurs ne pr\u00e9voient pas de compensation, surtout pour celleux qui sont ind\u00e9pendant\u00b7es (ou forc\u00e9\u00b7es de l\u2019\u00eatre comme les coursiers\u00b7\u00e8res \u00e0 v\u00e9lo) ou \u00e0 temps partiel. Ainsi, beaucoup de personnes angoissent \u00e0 l\u2019id\u00e9e de devoir bient\u00f4t payer les d\u00e9penses obligatoires comme les factures, le remboursement des cr\u00e9dits, le loyer, etc.<\/p>\n<h2 class=\"western\" style=\"text-align: left;\"><span style=\"color: #99cc00;\">Non, le confinement ce n\u2019est pas des vacances<\/span><\/h2>\n<p style=\"text-align: left;\">La question du logement est tout aussi fondamentale. Il est demand\u00e9 aux \u00e9tudiant\u00b7es de travailler de chez elleux mais \u00e9galement de participer \u00e0 des cours en ligne. Ceci n\u00e9cessite par exemple d\u2019avoir un environnement de travail calme, du mat\u00e9riel informatique en bon \u00e9tat et \u00e0 usage personnel. Ces prescriptions renforcent donc les in\u00e9galit\u00e9s p\u00e9dagogiques, socio-\u00e9conomiques et culturelles entre les \u00e9tudiants\u00b7es.<span style=\"color: #99cc00;\">7<\/span><\/p>\n<p style=\"text-align: left;\">7 F\u00e9d\u00e9ration des Etudiants Francophones, 23 mars 2020, \u201cCovid-19 : toujours aucune mesure g\u00e9n\u00e9ralis\u00e9e ni de garantie pour prot\u00e9ger les \u00e9tudiants selon la FEF\u201d et Union Syndicale Etudiante, 13 mars 2020, \u201cMesures prises par l\u2019ULB face au COVID-19 : impossible de remplacer les cours par des cours en ligne, il faut enlever de la mati\u00e8re !\u201d<\/p>\n<p style=\"text-align: left;\">Les profs quant \u00e0 elleux restent des \u00e9ternel\u00b7les disposables aux yeux du pouvoir en place. Ainsi, il est envisag\u00e9 de prolonger l\u2019ann\u00e9e scolaire en \u00e9t\u00e9 alors m\u00eame que les enseignant\u00b7es ne sont pay\u00e9\u2027es que dix mois par an. Pourtant, les enseignant\u00b7es travaillent d\u00e9j\u00e0 actuellement et se donnent du mal pour cr\u00e9er des supports de cours virtuels in\u00e9dits. Cette situation est un exemple de l\u2019hypocrisie du syst\u00e8me dominant : on valorise soi-disant la valeur travail tout en maltraitant et m\u00e9prisant celleux qui sont les plus utiles \u00e0 la reproduction de la soci\u00e9t\u00e9.<\/p>\n<p style=\"text-align: left;\">Plus g\u00e9n\u00e9ralement, on observe que certaines classes sociales ont plus de facilit\u00e9 \u00e0 s\u2019adapter \u00e0 de nouvelles conditions de vie quotidiennes telles que le travail \u00e0 la maison et la distanciation sociale. Leurs revenus sont assur\u00e9s et iels peuvent y voir une opportunit\u00e9 de profiter de leurs loisirs, de se cultiver et de se reposer gr\u00e2ce \u00e0 la flexibilit\u00e9 permise par la nature de leur travail. Les autres doivent vivre le confinement en restant enferm\u00e9\u00b7es dans un logement minuscule et insalubre, dans une solitude absolue ou pire, dans une promiscuit\u00e9 dangereuse avec un mari violent.<\/p>\n<p style=\"text-align: left;\">Cette romantisation du confinement par les couches ais\u00e9es de la population rajoute une dose de violence symbolique : rester chez soi faute de moyens, c\u2019est le quotidien qui va de pair avec la pauvret\u00e9. Confinement ou pas.<\/p>\n<h2 class=\"western\" style=\"text-align: left;\"><span style=\"color: #99cc00;\">Le confinement accentue les dominations classistes, sexistes, validistes et racistes<\/span><\/h2>\n<p style=\"text-align: left;\">Les femmes sont \u00e0 ce titre en premi\u00e8re ligne face au coronavirus : elles subissent davantage les violences conjugales, sont surrepr\u00e9sent\u00e9es parmi les emplois les plus pr\u00e9caris\u00e9s et \u00e9copent de la majorit\u00e9 des t\u00e2ches m\u00e9nag\u00e8res dont la r\u00e9partition in\u00e9gale s\u2019aggrave lorsque les enfants restent \u00e0 la maison. Ce sont \u00e9galement sur leurs \u00e9paules que retombe le travail du \u00ab care \u00bb : d\u2019abord en tant qu\u2019infirmi\u00e8res et autres m\u00e9tiers du soin tr\u00e8s sollicit\u00e9s, et puis en assumant la charge mentale \u00e9motionnelle (prendre soin de ses proches, rassurer, etc.).<span style=\"color: #99cc00;\">8<\/span><\/p>\n<p style=\"text-align: left;\">Trop souvent n\u00e9glig\u00e9\u00b7es, les travailleur\u00b7es du sexe sont plong\u00e9\u00b7es dans une mis\u00e8re sociale suite \u00e0 la fermeture des diff\u00e9rents \u00e9tablissements. Bien que tol\u00e9r\u00e9\u00b7es par les autorit\u00e9s, iels sont exclu\u00b7es par la l\u00e9gislation des m\u00e9canismes de protection sociale et donc des dispositifs d\u2019aide \u00e0 la perte de revenus.<span style=\"color: #99cc00;\">9<\/span> Cela les expose aux abus potentiels des clients profitant de la situation. Surtout que les TDS sont souvent \u00e0 l\u2019intersection de plusieurs syst\u00e8mes discriminants (sans-papiers, minorit\u00e9s de genre, etc).<\/p>\n<p style=\"text-align: left;\">Enfin, il y a celleux pour qui le confinement affecte le bien-\u00eatre psychologique et social plus que les autres. Or, la sant\u00e9 mentale n\u2019est actuellement pas la priorit\u00e9 du gouvernement au regard de la saturation des h\u00f4pitaux. Les soins de sant\u00e9 dont ont besoin les personnes fragiles psychologiquement (atteintes ou sujettes \u00e0 la d\u00e9pression, aux pens\u00e9es suicidaires, aux troubles du comportement, etc.) et les malades chroniques sont aujourd\u2019hui suspendus.<\/p>\n<h2 class=\"western\" style=\"text-align: left;\"><span style=\"color: #99cc00;\">Le gouvernement fait passer l\u2019\u00e9conomie avant le bien-\u00eatre et la s\u00e9curit\u00e9 de la population<\/span><\/h2>\n<p style=\"text-align: left;\">En conclusion, les mesures de confinement visent \u00e9videmment \u00e0 prot\u00e9ger la population en Belgique, mais force est de constater un manque d\u00e9concertant de prise en compte des droits et besoins des plus vuln\u00e9rables et pr\u00e9caris\u00e9\u00b7es. Il faut d\u2019urgence consid\u00e9rer cette partie de la population qui est oubli\u00e9e, toujours n\u00e9glig\u00e9e et dont les droits sont une fois de plus bafou\u00e9s.<\/p>\n<p style=\"text-align: left;\"><strong>___<br \/>\n<\/strong><\/p>\n<ol>\n<li style=\"text-align: left;\">Office des \u00c9trangers, \u201cCovid-19 : incidences sur les proc\u00e9dures administratives\u201d<\/li>\n<li style=\"text-align: left;\">Sibylle Gioe, 19 Mars 2020, \u201cCoronavirus et personnes vuln\u00e9rables &#8211; \u00e9trangers, d\u00e9tenus et sans-abris\u201d<\/li>\n<li style=\"text-align: left;\">Le Portugal a d\u00e9cid\u00e9 de traiter les immigr\u00e9s\u00b7es en cours de r\u00e9gularisation comme des r\u00e9sidents\u00b7es afin d\u2019assurer leurs droits \u00e0 la sant\u00e9 et au service public. Reuters, 28 mars 2020, \u201cCoronavirus: Le Portugal va traiter les immigr\u00e9s en cours de r\u00e9gularisation comme des r\u00e9sidents\u201d<\/li>\n<li style=\"text-align: left;\">Carte blanche GENEPI, 25 mars 2020, \u201cPrisons et sant\u00e9 : incompatibles\u201d<\/li>\n<li style=\"text-align: left;\">Carte blanche, 18 mars 2020, \u201cCoronavirus : la d\u00e9tention des personnes migrantes en centr\u00e9 ferm\u00e9 est devenue ill\u00e9gale\u201d<\/li>\n<li style=\"text-align: left;\">Cerveaux Non disponibles, Foodtech, 18 mars 2020, \u00ab On est en guerre ou on bouffe des burgers ? \u00bb<\/li>\n<li style=\"text-align: left;\">F\u00e9d\u00e9ration des \u00c9tudiants Francophones, 23 mars 2020, \u201cCovid-19 : toujours aucune mesure g\u00e9n\u00e9ralis\u00e9e ni de garantie pour prot\u00e9ger les \u00e9tudiants selon la FEF\u201d et Union Syndicale Etudiante, 13 mars 2020, \u201cMesures prises par l\u2019ULB face au COVID-19 : impossible de remplacer les cours par des cours en ligne, il faut enlever de la mati\u00e8re !\u201d<\/li>\n<li style=\"text-align: left;\">Selflove Gang, 19 Mars 2020, \u201cConfinement, ce miroir amplificateur des in\u00e9galit\u00e9s de genre\u201d<\/li>\n<li style=\"text-align: left;\">Communiqu\u00e9 de presse Utopsi, 17 mars 2020, \u201cCoronavirus : utopsi demande un soutien urgent pour les travailleur(r)ses du sexe en difficult\u00e9\u201d<\/li>\n<\/ol>\n<p>___<\/p>\n<p><strong>GT Lutte contre la pauvret\u00e9<\/strong><\/p>\n","protected":false},"excerpt":{"rendered":"<p>Sit\u00f4t mises en place &#8211; en r\u00e9ponse \u00e0 la pand\u00e9mie &#8211; les mesures de confinement prises par le gouvernement belge ont affect\u00e9 la population de mani\u00e8re tr\u00e8s disparate. Si elles [&hellip;]<\/p>\n","protected":false},"author":98,"featured_media":4054,"comment_status":"closed","ping_status":"open","sticky":false,"template":"","format":"image","meta":[],"categories":[122],"tags":[106,104,103],"acf":[],"yoast_head":"<!-- This site is optimized with the Yoast SEO plugin v20.1 - https:\/\/yoast.com\/wordpress\/plugins\/seo\/ -->\n<title>Le coronavirus ne confine pas les rapports de domination - Jump<\/title>\n<meta name=\"robots\" content=\"index, follow, max-snippet:-1, max-image-preview:large, max-video-preview:-1\" \/>\n<link rel=\"canonical\" href=\"https:\/\/www.ecoloj.be\/goforclimatejustice\/jump\/anniversaire-confine-coronavirus-ne-confine-rapports-de-domination\/\" \/>\n<meta property=\"og:locale\" content=\"fr_FR\" \/>\n<meta property=\"og:type\" content=\"article\" \/>\n<meta property=\"og:title\" content=\"Le coronavirus ne confine pas les rapports de domination - Jump\" \/>\n<meta property=\"og:description\" content=\"Sit\u00f4t mises en place &#8211; en r\u00e9ponse \u00e0 la pand\u00e9mie &#8211; les mesures de confinement prises par le gouvernement belge ont affect\u00e9 la population de mani\u00e8re tr\u00e8s disparate. Si elles [&hellip;]\" \/>\n<meta property=\"og:url\" content=\"https:\/\/www.ecoloj.be\/goforclimatejustice\/jump\/anniversaire-confine-coronavirus-ne-confine-rapports-de-domination\/\" \/>\n<meta property=\"og:site_name\" content=\"Jump\" \/>\n<meta property=\"article:publisher\" content=\"https:\/\/www.facebook.com\/ecolojfederal\" \/>\n<meta property=\"article:published_time\" content=\"2020-06-25T07:42:26+00:00\" \/>\n<meta property=\"article:modified_time\" content=\"2022-07-28T20:02:29+00:00\" \/>\n<meta property=\"og:image\" content=\"https:\/\/www.ecoloj.be\/goforclimatejustice\/jump\/wp-content\/uploads\/sites\/3\/2020\/06\/images-jump-articles-2.jpg\" \/>\n\t<meta property=\"og:image:width\" content=\"1200\" \/>\n\t<meta property=\"og:image:height\" content=\"627\" \/>\n\t<meta property=\"og:image:type\" content=\"image\/jpeg\" \/>\n<meta name=\"author\" content=\"GT lutte contre la pauvret\u00e9\" \/>\n<meta name=\"twitter:card\" content=\"summary_large_image\" \/>\n<meta name=\"twitter:creator\" content=\"@ecoloj\" \/>\n<meta name=\"twitter:site\" content=\"@ecoloj\" \/>\n<meta name=\"twitter:label1\" content=\"\u00c9crit par\" \/>\n\t<meta name=\"twitter:data1\" content=\"GT lutte contre la pauvret\u00e9\" \/>\n\t<meta name=\"twitter:label2\" content=\"Dur\u00e9e de lecture estim\u00e9e\" \/>\n\t<meta name=\"twitter:data2\" content=\"8 minutes\" \/>\n<script type=\"application\/ld+json\" class=\"yoast-schema-graph\">{\"@context\":\"https:\/\/schema.org\",\"@graph\":[{\"@type\":\"WebPage\",\"@id\":\"https:\/\/www.ecoloj.be\/goforclimatejustice\/jump\/anniversaire-confine-coronavirus-ne-confine-rapports-de-domination\/\",\"url\":\"https:\/\/www.ecoloj.be\/goforclimatejustice\/jump\/anniversaire-confine-coronavirus-ne-confine-rapports-de-domination\/\",\"name\":\"Le coronavirus ne confine pas les rapports de domination - Jump\",\"isPartOf\":{\"@id\":\"http:\/\/www.ecoloj.be\/goforclimatejustice\/jump\/#website\"},\"datePublished\":\"2020-06-25T07:42:26+00:00\",\"dateModified\":\"2022-07-28T20:02:29+00:00\",\"author\":{\"@id\":\"http:\/\/www.ecoloj.be\/goforclimatejustice\/jump\/#\/schema\/person\/0dd2309e95054a28d75eb42ba8e3b54f\"},\"breadcrumb\":{\"@id\":\"https:\/\/www.ecoloj.be\/goforclimatejustice\/jump\/anniversaire-confine-coronavirus-ne-confine-rapports-de-domination\/#breadcrumb\"},\"inLanguage\":\"fr-FR\",\"potentialAction\":[{\"@type\":\"ReadAction\",\"target\":[\"https:\/\/www.ecoloj.be\/goforclimatejustice\/jump\/anniversaire-confine-coronavirus-ne-confine-rapports-de-domination\/\"]}]},{\"@type\":\"BreadcrumbList\",\"@id\":\"https:\/\/www.ecoloj.be\/goforclimatejustice\/jump\/anniversaire-confine-coronavirus-ne-confine-rapports-de-domination\/#breadcrumb\",\"itemListElement\":[{\"@type\":\"ListItem\",\"position\":1,\"name\":\"Accueil\",\"item\":\"https:\/\/www.ecoloj.be\/goforclimatejustice\/jump\/\"},{\"@type\":\"ListItem\",\"position\":2,\"name\":\"Le coronavirus ne confine pas les rapports de domination\"}]},{\"@type\":\"WebSite\",\"@id\":\"http:\/\/www.ecoloj.be\/goforclimatejustice\/jump\/#website\",\"url\":\"http:\/\/www.ecoloj.be\/goforclimatejustice\/jump\/\",\"name\":\"Jump\",\"description\":\"le magazine d&#039;\u00e9colo j\",\"potentialAction\":[{\"@type\":\"SearchAction\",\"target\":{\"@type\":\"EntryPoint\",\"urlTemplate\":\"http:\/\/www.ecoloj.be\/goforclimatejustice\/jump\/?s={search_term_string}\"},\"query-input\":\"required name=search_term_string\"}],\"inLanguage\":\"fr-FR\"},{\"@type\":\"Person\",\"@id\":\"http:\/\/www.ecoloj.be\/goforclimatejustice\/jump\/#\/schema\/person\/0dd2309e95054a28d75eb42ba8e3b54f\",\"name\":\"GT lutte contre la pauvret\u00e9\",\"image\":{\"@type\":\"ImageObject\",\"inLanguage\":\"fr-FR\",\"@id\":\"http:\/\/www.ecoloj.be\/goforclimatejustice\/jump\/#\/schema\/person\/image\/\",\"url\":\"https:\/\/secure.gravatar.com\/avatar\/b8ebb8d8e3778bc0bcfbdbd6c8a6e2ab?s=96&d=mm&r=g\",\"contentUrl\":\"https:\/\/secure.gravatar.com\/avatar\/b8ebb8d8e3778bc0bcfbdbd6c8a6e2ab?s=96&d=mm&r=g\",\"caption\":\"GT lutte contre la pauvret\u00e9\"},\"url\":\"https:\/\/www.ecoloj.be\/goforclimatejustice\/jump\/author\/gtluttecontrelapauvrete\/\"}]}<\/script>\n<!-- \/ Yoast SEO plugin. -->","yoast_head_json":{"title":"Le coronavirus ne confine pas les rapports de domination - Jump","robots":{"index":"index","follow":"follow","max-snippet":"max-snippet:-1","max-image-preview":"max-image-preview:large","max-video-preview":"max-video-preview:-1"},"canonical":"https:\/\/www.ecoloj.be\/goforclimatejustice\/jump\/anniversaire-confine-coronavirus-ne-confine-rapports-de-domination\/","og_locale":"fr_FR","og_type":"article","og_title":"Le coronavirus ne confine pas les rapports de domination - Jump","og_description":"Sit\u00f4t mises en place &#8211; en r\u00e9ponse \u00e0 la pand\u00e9mie &#8211; les mesures de confinement prises par le gouvernement belge ont affect\u00e9 la population de mani\u00e8re tr\u00e8s disparate. Si elles [&hellip;]","og_url":"https:\/\/www.ecoloj.be\/goforclimatejustice\/jump\/anniversaire-confine-coronavirus-ne-confine-rapports-de-domination\/","og_site_name":"Jump","article_publisher":"https:\/\/www.facebook.com\/ecolojfederal","article_published_time":"2020-06-25T07:42:26+00:00","article_modified_time":"2022-07-28T20:02:29+00:00","og_image":[{"width":1200,"height":627,"url":"https:\/\/www.ecoloj.be\/goforclimatejustice\/jump\/wp-content\/uploads\/sites\/3\/2020\/06\/images-jump-articles-2.jpg","type":"image\/jpeg"}],"author":"GT lutte contre la pauvret\u00e9","twitter_card":"summary_large_image","twitter_creator":"@ecoloj","twitter_site":"@ecoloj","twitter_misc":{"\u00c9crit par":"GT lutte contre la pauvret\u00e9","Dur\u00e9e de lecture estim\u00e9e":"8 minutes"},"schema":{"@context":"https:\/\/schema.org","@graph":[{"@type":"WebPage","@id":"https:\/\/www.ecoloj.be\/goforclimatejustice\/jump\/anniversaire-confine-coronavirus-ne-confine-rapports-de-domination\/","url":"https:\/\/www.ecoloj.be\/goforclimatejustice\/jump\/anniversaire-confine-coronavirus-ne-confine-rapports-de-domination\/","name":"Le coronavirus ne confine pas les rapports de domination - Jump","isPartOf":{"@id":"http:\/\/www.ecoloj.be\/goforclimatejustice\/jump\/#website"},"datePublished":"2020-06-25T07:42:26+00:00","dateModified":"2022-07-28T20:02:29+00:00","author":{"@id":"http:\/\/www.ecoloj.be\/goforclimatejustice\/jump\/#\/schema\/person\/0dd2309e95054a28d75eb42ba8e3b54f"},"breadcrumb":{"@id":"https:\/\/www.ecoloj.be\/goforclimatejustice\/jump\/anniversaire-confine-coronavirus-ne-confine-rapports-de-domination\/#breadcrumb"},"inLanguage":"fr-FR","potentialAction":[{"@type":"ReadAction","target":["https:\/\/www.ecoloj.be\/goforclimatejustice\/jump\/anniversaire-confine-coronavirus-ne-confine-rapports-de-domination\/"]}]},{"@type":"BreadcrumbList","@id":"https:\/\/www.ecoloj.be\/goforclimatejustice\/jump\/anniversaire-confine-coronavirus-ne-confine-rapports-de-domination\/#breadcrumb","itemListElement":[{"@type":"ListItem","position":1,"name":"Accueil","item":"https:\/\/www.ecoloj.be\/goforclimatejustice\/jump\/"},{"@type":"ListItem","position":2,"name":"Le coronavirus ne confine pas les rapports de domination"}]},{"@type":"WebSite","@id":"http:\/\/www.ecoloj.be\/goforclimatejustice\/jump\/#website","url":"http:\/\/www.ecoloj.be\/goforclimatejustice\/jump\/","name":"Jump","description":"le magazine d&#039;\u00e9colo j","potentialAction":[{"@type":"SearchAction","target":{"@type":"EntryPoint","urlTemplate":"http:\/\/www.ecoloj.be\/goforclimatejustice\/jump\/?s={search_term_string}"},"query-input":"required name=search_term_string"}],"inLanguage":"fr-FR"},{"@type":"Person","@id":"http:\/\/www.ecoloj.be\/goforclimatejustice\/jump\/#\/schema\/person\/0dd2309e95054a28d75eb42ba8e3b54f","name":"GT lutte contre la pauvret\u00e9","image":{"@type":"ImageObject","inLanguage":"fr-FR","@id":"http:\/\/www.ecoloj.be\/goforclimatejustice\/jump\/#\/schema\/person\/image\/","url":"https:\/\/secure.gravatar.com\/avatar\/b8ebb8d8e3778bc0bcfbdbd6c8a6e2ab?s=96&d=mm&r=g","contentUrl":"https:\/\/secure.gravatar.com\/avatar\/b8ebb8d8e3778bc0bcfbdbd6c8a6e2ab?s=96&d=mm&r=g","caption":"GT lutte contre la pauvret\u00e9"},"url":"https:\/\/www.ecoloj.be\/goforclimatejustice\/jump\/author\/gtluttecontrelapauvrete\/"}]}},"_links":{"self":[{"href":"https:\/\/www.ecoloj.be\/goforclimatejustice\/jump\/wp-json\/wp\/v2\/posts\/3371"}],"collection":[{"href":"https:\/\/www.ecoloj.be\/goforclimatejustice\/jump\/wp-json\/wp\/v2\/posts"}],"about":[{"href":"https:\/\/www.ecoloj.be\/goforclimatejustice\/jump\/wp-json\/wp\/v2\/types\/post"}],"author":[{"embeddable":true,"href":"https:\/\/www.ecoloj.be\/goforclimatejustice\/jump\/wp-json\/wp\/v2\/users\/98"}],"replies":[{"embeddable":true,"href":"https:\/\/www.ecoloj.be\/goforclimatejustice\/jump\/wp-json\/wp\/v2\/comments?post=3371"}],"version-history":[{"count":34,"href":"https:\/\/www.ecoloj.be\/goforclimatejustice\/jump\/wp-json\/wp\/v2\/posts\/3371\/revisions"}],"predecessor-version":[{"id":4678,"href":"https:\/\/www.ecoloj.be\/goforclimatejustice\/jump\/wp-json\/wp\/v2\/posts\/3371\/revisions\/4678"}],"wp:featuredmedia":[{"embeddable":true,"href":"https:\/\/www.ecoloj.be\/goforclimatejustice\/jump\/wp-json\/wp\/v2\/media\/4054"}],"wp:attachment":[{"href":"https:\/\/www.ecoloj.be\/goforclimatejustice\/jump\/wp-json\/wp\/v2\/media?parent=3371"}],"wp:term":[{"taxonomy":"category","embeddable":true,"href":"https:\/\/www.ecoloj.be\/goforclimatejustice\/jump\/wp-json\/wp\/v2\/categories?post=3371"},{"taxonomy":"post_tag","embeddable":true,"href":"https:\/\/www.ecoloj.be\/goforclimatejustice\/jump\/wp-json\/wp\/v2\/tags?post=3371"}],"curies":[{"name":"wp","href":"https:\/\/api.w.org\/{rel}","templated":true}]}}