{"id":3401,"date":"2020-06-24T14:20:35","date_gmt":"2020-06-24T13:20:35","guid":{"rendered":"http:\/\/www.ecoloj.be\/goforclimatejustice\/jump\/?p=3401"},"modified":"2022-07-28T21:03:17","modified_gmt":"2022-07-28T20:03:17","slug":"anniversaire-confine-laide-sociale-pression","status":"publish","type":"post","link":"https:\/\/www.ecoloj.be\/goforclimatejustice\/jump\/anniversaire-confine-laide-sociale-pression\/","title":{"rendered":"L\u2019aide sociale sous pression"},"content":{"rendered":"<p style=\"text-align: left;\"><strong>Au moment de la crise sanitaire<\/strong>, certains relais se font entendre vis-\u00e0-vis des plus pr\u00e9caires de notre soci\u00e9t\u00e9. Que cela soit le secteur associatif ou l\u2019ensemble des CPAS, les services de l\u2019aide alimentaire, mais aussi du sans-abrisme, sont d\u00e9bord\u00e9s&#8230;<\/p>\n<p style=\"text-align: left;\"><!--more--><\/p>\n<p>La situation actuelle se d\u00e9finit par les professionnels\u00b7les par une crise sociale pr\u00e9existante. Il y a des ann\u00e9es que ce public pr\u00e9caris\u00e9 existe. Ces pr\u00e9caires avaient &#8211; et ont &#8211; un soutien trop maigre par rapport \u00e0 leurs besoins vitaux quotidiens.<\/p>\n<h2 class=\"western\" style=\"text-align: left;\"><span style=\"color: #99cc00;\">Le confinement du covid-19 a eu quatre impacts non n\u00e9gligeables sur le terrain<\/span><\/h2>\n<p style=\"text-align: left;\">1) <strong>Une grande partie de l\u2019aide alimentaire est r\u00e9alis\u00e9e par les associations dont les b\u00e9n\u00e9voles sont \u00e2g\u00e9\u2027e\u2027s<\/strong>. Il s\u2019agit donc d\u2019un public \u00e0 risque et le confinement aura eu raison de leur d\u00e9vouement. Des Banques Alimentaires aux associations caritatives de distributions de colis, les \u00e9nergies manquent pour subvenir aux besoins de l\u2019aide alimentaire.<\/p>\n<p style=\"text-align: left;\">2) <strong>Le confinement aura &#8211; \u00e9tant donn\u00e9 ses restrictions impos\u00e9es &#8211; fait fermer une grande partie des soutiens implant\u00e9s pour l\u2019aide alimentaire<\/strong>. Nous parlons ici plus pr\u00e9cis\u00e9ment de centre d\u2019accueil de jour et des restaurants sociaux. Ces services jouent un r\u00f4le essentiel pour les b\u00e9n\u00e9ficiaires notamment gr\u00e2ce au point de relais d\u2019informations, de soutien alimentaire et de suivi r\u00e9gulier des usager\u00b7es (le repas fourni \u00e0 midi ou le r\u00f4le de suivi de l\u2019assistant social pour le dossier au CPAS par exemple).<\/p>\n<p style=\"text-align: left;\">3) <strong>Le confinement aura \u00e9t\u00e9 la goutte de trop pour certaines personnes fragilis\u00e9es<\/strong>. Que cela soit par une coupure du salaire \u00e9tant donn\u00e9 le travail pr\u00e9caire ou l\u2019absence de contrat de travail tout simplement, par la fermeture de certains services (toxicomanie,\u2026), par le traitement ralenti du suivi des dossiers aupr\u00e8s des CPAS. \u00c0 Ixelles par exemple, les maraudes sont pass\u00e9es de 30\/jour \u00e0 120\/jour et les distributions de colis de 80 \u00e0 160 colis\/semaine. Les SDFs sont plus nombreux\u00b7ses et de nouvelles t\u00eates viennent d\u2019une situation devenue intenable en terme de logement suite au confinement.<\/p>\n<p style=\"text-align: left;\">4) <strong>Les personnes pr\u00e9caris\u00e9\u2027e\u2027s le sont davantage avec la situation actuelle<\/strong>. En effet, la fermeture de tous les commerces, y compris de l\u2019horeca, entra\u00eene des r\u00e9percussions sur le quotidien de ces personnes : impossibilit\u00e9 de faire la manche, de trouver des sanitaires fonctionnels, iels sont d\u2019autant plus pourchass\u00e9\u00b7es par nos services de l\u2019ordre et du nettoyage,\u2026 La liste est longue concernant l\u2019ensemble des emb\u00fbches rencontr\u00e9es \u00e0 la suite du confinement.<\/p>\n<h2 class=\"western\" style=\"text-align: left;\"><span style=\"color: #99cc00;\">Par suite de cette situation, des mesures et am\u00e9liorations de services ont \u00e9t\u00e9 mises en place<\/span><\/h2>\n<p style=\"text-align: left;\">Initi\u00e9es par les services publics, les associations d\u2019aide alimentaire, de soins, et d\u2019autres soutiens citoyens, ces mesures sont nombreuses :<\/p>\n<p style=\"text-align: left;\">\u2022 R\u00e9quisition d\u2019h\u00f4tels pour les SDFs,<br \/>\n\u2022 Multiplication et augmentation des maraudes effectu\u00e9es<br \/>\n\u2022 Mise \u00e0 disposition de douches et sanitaires<br \/>\n\u2022 Initiatives citoyennes sous forme de dons, maraudes, distributions de colis, solidarit\u00e9 de voisinage, etc.<\/p>\n<p style=\"text-align: left;\">La coordination reste difficile &#8211; \u00e9tant donn\u00e9 le peu de moyens &#8211; mais aussi \u00e0 cause de la crise sociale perp\u00e9tuelle. Les acteurs\u2027trices de l\u2019aide alimentaire et du sans-abrisme tentent de joindre les deux bouts depuis longtemps, et encore plus maintenant, mais aussi, surtout, pour s\u2019assurer que les plus d\u00e9muni\u00b7es auront un meilleur soutien soci\u00e9tal apr\u00e8s cette crise sanitaire.<\/p>\n<p style=\"text-align: left;\">___<\/p>\n<p style=\"text-align: left;\"><strong>Guillaume Henin<\/strong><\/p>\n","protected":false},"excerpt":{"rendered":"<p>Au moment de la crise sanitaire, certains relais se font entendre vis-\u00e0-vis des plus pr\u00e9caires de notre soci\u00e9t\u00e9. Que cela soit le secteur associatif ou l\u2019ensemble des CPAS, les services [&hellip;]<\/p>\n","protected":false},"author":99,"featured_media":4061,"comment_status":"closed","ping_status":"open","sticky":false,"template":"","format":"image","meta":[],"categories":[122],"tags":[106,104,107],"acf":[],"yoast_head":"<!-- This site is optimized with the Yoast SEO plugin v20.1 - https:\/\/yoast.com\/wordpress\/plugins\/seo\/ -->\n<title>L\u2019aide sociale sous pression - Jump<\/title>\n<meta name=\"robots\" content=\"index, follow, max-snippet:-1, max-image-preview:large, max-video-preview:-1\" \/>\n<link rel=\"canonical\" href=\"https:\/\/www.ecoloj.be\/goforclimatejustice\/jump\/anniversaire-confine-laide-sociale-pression\/\" \/>\n<meta property=\"og:locale\" content=\"fr_FR\" \/>\n<meta property=\"og:type\" content=\"article\" \/>\n<meta property=\"og:title\" content=\"L\u2019aide sociale sous pression - Jump\" \/>\n<meta property=\"og:description\" content=\"Au moment de la crise sanitaire, certains relais se font entendre vis-\u00e0-vis des plus pr\u00e9caires de notre soci\u00e9t\u00e9. Que cela soit le secteur associatif ou l\u2019ensemble des CPAS, les services [&hellip;]\" \/>\n<meta property=\"og:url\" content=\"https:\/\/www.ecoloj.be\/goforclimatejustice\/jump\/anniversaire-confine-laide-sociale-pression\/\" \/>\n<meta property=\"og:site_name\" content=\"Jump\" \/>\n<meta property=\"article:publisher\" content=\"https:\/\/www.facebook.com\/ecolojfederal\" \/>\n<meta property=\"article:published_time\" content=\"2020-06-24T13:20:35+00:00\" \/>\n<meta property=\"article:modified_time\" content=\"2022-07-28T20:03:17+00:00\" \/>\n<meta property=\"og:image\" content=\"https:\/\/www.ecoloj.be\/goforclimatejustice\/jump\/wp-content\/uploads\/sites\/3\/2020\/06\/images-jump-articles-3.jpg\" \/>\n\t<meta property=\"og:image:width\" content=\"1200\" \/>\n\t<meta property=\"og:image:height\" content=\"627\" \/>\n\t<meta property=\"og:image:type\" content=\"image\/jpeg\" \/>\n<meta name=\"author\" content=\"Guillaume Henin\" \/>\n<meta name=\"twitter:card\" content=\"summary_large_image\" \/>\n<meta name=\"twitter:creator\" content=\"@ecoloj\" \/>\n<meta name=\"twitter:site\" content=\"@ecoloj\" \/>\n<meta name=\"twitter:label1\" content=\"\u00c9crit par\" \/>\n\t<meta name=\"twitter:data1\" content=\"Guillaume Henin\" \/>\n\t<meta name=\"twitter:label2\" content=\"Dur\u00e9e de lecture estim\u00e9e\" \/>\n\t<meta name=\"twitter:data2\" content=\"3 minutes\" \/>\n<script type=\"application\/ld+json\" class=\"yoast-schema-graph\">{\"@context\":\"https:\/\/schema.org\",\"@graph\":[{\"@type\":\"WebPage\",\"@id\":\"https:\/\/www.ecoloj.be\/goforclimatejustice\/jump\/anniversaire-confine-laide-sociale-pression\/\",\"url\":\"https:\/\/www.ecoloj.be\/goforclimatejustice\/jump\/anniversaire-confine-laide-sociale-pression\/\",\"name\":\"L\u2019aide sociale sous pression - Jump\",\"isPartOf\":{\"@id\":\"http:\/\/www.ecoloj.be\/goforclimatejustice\/jump\/#website\"},\"datePublished\":\"2020-06-24T13:20:35+00:00\",\"dateModified\":\"2022-07-28T20:03:17+00:00\",\"author\":{\"@id\":\"http:\/\/www.ecoloj.be\/goforclimatejustice\/jump\/#\/schema\/person\/86e8562302f8af51348e7179ff872622\"},\"breadcrumb\":{\"@id\":\"https:\/\/www.ecoloj.be\/goforclimatejustice\/jump\/anniversaire-confine-laide-sociale-pression\/#breadcrumb\"},\"inLanguage\":\"fr-FR\",\"potentialAction\":[{\"@type\":\"ReadAction\",\"target\":[\"https:\/\/www.ecoloj.be\/goforclimatejustice\/jump\/anniversaire-confine-laide-sociale-pression\/\"]}]},{\"@type\":\"BreadcrumbList\",\"@id\":\"https:\/\/www.ecoloj.be\/goforclimatejustice\/jump\/anniversaire-confine-laide-sociale-pression\/#breadcrumb\",\"itemListElement\":[{\"@type\":\"ListItem\",\"position\":1,\"name\":\"Accueil\",\"item\":\"https:\/\/www.ecoloj.be\/goforclimatejustice\/jump\/\"},{\"@type\":\"ListItem\",\"position\":2,\"name\":\"L\u2019aide sociale sous pression\"}]},{\"@type\":\"WebSite\",\"@id\":\"http:\/\/www.ecoloj.be\/goforclimatejustice\/jump\/#website\",\"url\":\"http:\/\/www.ecoloj.be\/goforclimatejustice\/jump\/\",\"name\":\"Jump\",\"description\":\"le magazine d&#039;\u00e9colo j\",\"potentialAction\":[{\"@type\":\"SearchAction\",\"target\":{\"@type\":\"EntryPoint\",\"urlTemplate\":\"http:\/\/www.ecoloj.be\/goforclimatejustice\/jump\/?s={search_term_string}\"},\"query-input\":\"required name=search_term_string\"}],\"inLanguage\":\"fr-FR\"},{\"@type\":\"Person\",\"@id\":\"http:\/\/www.ecoloj.be\/goforclimatejustice\/jump\/#\/schema\/person\/86e8562302f8af51348e7179ff872622\",\"name\":\"Guillaume Henin\",\"image\":{\"@type\":\"ImageObject\",\"inLanguage\":\"fr-FR\",\"@id\":\"http:\/\/www.ecoloj.be\/goforclimatejustice\/jump\/#\/schema\/person\/image\/\",\"url\":\"https:\/\/secure.gravatar.com\/avatar\/b8505e066140c9b5322abbf1821e94b0?s=96&d=mm&r=g\",\"contentUrl\":\"https:\/\/secure.gravatar.com\/avatar\/b8505e066140c9b5322abbf1821e94b0?s=96&d=mm&r=g\",\"caption\":\"Guillaume Henin\"},\"url\":\"https:\/\/www.ecoloj.be\/goforclimatejustice\/jump\/author\/guillaumehenin\/\"}]}<\/script>\n<!-- \/ Yoast SEO plugin. -->","yoast_head_json":{"title":"L\u2019aide sociale sous pression - Jump","robots":{"index":"index","follow":"follow","max-snippet":"max-snippet:-1","max-image-preview":"max-image-preview:large","max-video-preview":"max-video-preview:-1"},"canonical":"https:\/\/www.ecoloj.be\/goforclimatejustice\/jump\/anniversaire-confine-laide-sociale-pression\/","og_locale":"fr_FR","og_type":"article","og_title":"L\u2019aide sociale sous pression - Jump","og_description":"Au moment de la crise sanitaire, certains relais se font entendre vis-\u00e0-vis des plus pr\u00e9caires de notre soci\u00e9t\u00e9. Que cela soit le secteur associatif ou l\u2019ensemble des CPAS, les services [&hellip;]","og_url":"https:\/\/www.ecoloj.be\/goforclimatejustice\/jump\/anniversaire-confine-laide-sociale-pression\/","og_site_name":"Jump","article_publisher":"https:\/\/www.facebook.com\/ecolojfederal","article_published_time":"2020-06-24T13:20:35+00:00","article_modified_time":"2022-07-28T20:03:17+00:00","og_image":[{"width":1200,"height":627,"url":"https:\/\/www.ecoloj.be\/goforclimatejustice\/jump\/wp-content\/uploads\/sites\/3\/2020\/06\/images-jump-articles-3.jpg","type":"image\/jpeg"}],"author":"Guillaume Henin","twitter_card":"summary_large_image","twitter_creator":"@ecoloj","twitter_site":"@ecoloj","twitter_misc":{"\u00c9crit par":"Guillaume Henin","Dur\u00e9e de lecture estim\u00e9e":"3 minutes"},"schema":{"@context":"https:\/\/schema.org","@graph":[{"@type":"WebPage","@id":"https:\/\/www.ecoloj.be\/goforclimatejustice\/jump\/anniversaire-confine-laide-sociale-pression\/","url":"https:\/\/www.ecoloj.be\/goforclimatejustice\/jump\/anniversaire-confine-laide-sociale-pression\/","name":"L\u2019aide sociale sous pression - Jump","isPartOf":{"@id":"http:\/\/www.ecoloj.be\/goforclimatejustice\/jump\/#website"},"datePublished":"2020-06-24T13:20:35+00:00","dateModified":"2022-07-28T20:03:17+00:00","author":{"@id":"http:\/\/www.ecoloj.be\/goforclimatejustice\/jump\/#\/schema\/person\/86e8562302f8af51348e7179ff872622"},"breadcrumb":{"@id":"https:\/\/www.ecoloj.be\/goforclimatejustice\/jump\/anniversaire-confine-laide-sociale-pression\/#breadcrumb"},"inLanguage":"fr-FR","potentialAction":[{"@type":"ReadAction","target":["https:\/\/www.ecoloj.be\/goforclimatejustice\/jump\/anniversaire-confine-laide-sociale-pression\/"]}]},{"@type":"BreadcrumbList","@id":"https:\/\/www.ecoloj.be\/goforclimatejustice\/jump\/anniversaire-confine-laide-sociale-pression\/#breadcrumb","itemListElement":[{"@type":"ListItem","position":1,"name":"Accueil","item":"https:\/\/www.ecoloj.be\/goforclimatejustice\/jump\/"},{"@type":"ListItem","position":2,"name":"L\u2019aide sociale sous pression"}]},{"@type":"WebSite","@id":"http:\/\/www.ecoloj.be\/goforclimatejustice\/jump\/#website","url":"http:\/\/www.ecoloj.be\/goforclimatejustice\/jump\/","name":"Jump","description":"le magazine d&#039;\u00e9colo j","potentialAction":[{"@type":"SearchAction","target":{"@type":"EntryPoint","urlTemplate":"http:\/\/www.ecoloj.be\/goforclimatejustice\/jump\/?s={search_term_string}"},"query-input":"required name=search_term_string"}],"inLanguage":"fr-FR"},{"@type":"Person","@id":"http:\/\/www.ecoloj.be\/goforclimatejustice\/jump\/#\/schema\/person\/86e8562302f8af51348e7179ff872622","name":"Guillaume Henin","image":{"@type":"ImageObject","inLanguage":"fr-FR","@id":"http:\/\/www.ecoloj.be\/goforclimatejustice\/jump\/#\/schema\/person\/image\/","url":"https:\/\/secure.gravatar.com\/avatar\/b8505e066140c9b5322abbf1821e94b0?s=96&d=mm&r=g","contentUrl":"https:\/\/secure.gravatar.com\/avatar\/b8505e066140c9b5322abbf1821e94b0?s=96&d=mm&r=g","caption":"Guillaume Henin"},"url":"https:\/\/www.ecoloj.be\/goforclimatejustice\/jump\/author\/guillaumehenin\/"}]}},"_links":{"self":[{"href":"https:\/\/www.ecoloj.be\/goforclimatejustice\/jump\/wp-json\/wp\/v2\/posts\/3401"}],"collection":[{"href":"https:\/\/www.ecoloj.be\/goforclimatejustice\/jump\/wp-json\/wp\/v2\/posts"}],"about":[{"href":"https:\/\/www.ecoloj.be\/goforclimatejustice\/jump\/wp-json\/wp\/v2\/types\/post"}],"author":[{"embeddable":true,"href":"https:\/\/www.ecoloj.be\/goforclimatejustice\/jump\/wp-json\/wp\/v2\/users\/99"}],"replies":[{"embeddable":true,"href":"https:\/\/www.ecoloj.be\/goforclimatejustice\/jump\/wp-json\/wp\/v2\/comments?post=3401"}],"version-history":[{"count":25,"href":"https:\/\/www.ecoloj.be\/goforclimatejustice\/jump\/wp-json\/wp\/v2\/posts\/3401\/revisions"}],"predecessor-version":[{"id":4679,"href":"https:\/\/www.ecoloj.be\/goforclimatejustice\/jump\/wp-json\/wp\/v2\/posts\/3401\/revisions\/4679"}],"wp:featuredmedia":[{"embeddable":true,"href":"https:\/\/www.ecoloj.be\/goforclimatejustice\/jump\/wp-json\/wp\/v2\/media\/4061"}],"wp:attachment":[{"href":"https:\/\/www.ecoloj.be\/goforclimatejustice\/jump\/wp-json\/wp\/v2\/media?parent=3401"}],"wp:term":[{"taxonomy":"category","embeddable":true,"href":"https:\/\/www.ecoloj.be\/goforclimatejustice\/jump\/wp-json\/wp\/v2\/categories?post=3401"},{"taxonomy":"post_tag","embeddable":true,"href":"https:\/\/www.ecoloj.be\/goforclimatejustice\/jump\/wp-json\/wp\/v2\/tags?post=3401"}],"curies":[{"name":"wp","href":"https:\/\/api.w.org\/{rel}","templated":true}]}}