{"id":3463,"date":"2020-06-20T07:43:01","date_gmt":"2020-06-20T06:43:01","guid":{"rendered":"http:\/\/www.ecoloj.be\/goforclimatejustice\/jump\/?p=3463"},"modified":"2022-07-28T20:11:42","modified_gmt":"2022-07-28T19:11:42","slug":"anniversaire-confine-15-ans-dimpertinence","status":"publish","type":"post","link":"https:\/\/www.ecoloj.be\/goforclimatejustice\/jump\/anniversaire-confine-15-ans-dimpertinence\/","title":{"rendered":"15 ans d'(im)pertinence"},"content":{"rendered":"<p style=\"text-align: left;\"><strong>L\u2019ap\u00e9ro des riches<\/strong>, Saint-Nicolas, le changement des noms de rue, Not Ready for a Next Fukushima, Ende Gel\u00e4nde, action TTIP, ou encore la remise d\u2019un billet d\u2019avion \u00e0 Theo Francken, ces actions sont la marque de fabrique d\u2019\u00e9colo j !<\/p>\n<p style=\"text-align: left;\"><!--more--><\/p>\n<p style=\"text-align: left;\">La pertinence des propos dans l\u2019impertinence de l\u2019action, voil\u00e0 ce qui nous fait vibrer chez \u00e9colo j. C\u2019est ce qui nous diff\u00e9rencie des autres jeunesses politiques. De l\u2019originalit\u00e9, des actions et des prises de position. Durant nos ann\u00e9es chez \u00e9colo j, ce ne sont pas les actions qui ont manqu\u00e9. Nous avons commenc\u00e9 notre mandat de copr\u00e9sidence sur les chapeaux de roue avec les \u00ab24h en prison\u00bb d\u2019\u00e9colo j Huy-Waremme (il y en a un qui est devenu d\u00e9put\u00e9 depuis\u2026). Cinq ans plus tard, la position d\u2019\u00e9colo j sur le syst\u00e8me p\u00e9nitentiaire reste pr\u00e9curseur.<\/p>\n<p style=\"text-align: left;\">Revenons tout de m\u00eame sur deux actions qui nous ont marqu\u00e9\u00b7es. D\u2019abord, Francken. Tout part d\u2019une d\u00e9claration sur les migrant\u00b7es :<br \/>\n\u00ab s\u2019iels ne sont pas content\u00b7es, iels n\u2019ont qu\u2019\u00e0 aller \u00e0 l\u2019h\u00f4tel \u00bb. Homans, de son c\u00f4t\u00e9, propose de ne pas donner de logement social aux Syrien\u00b7nes qui sont encore propri\u00e9taires chez elleux. De l\u00e0, \u00e9colo j lance un crowdfunding pour leur offrir un s\u00e9jour \u00e0 Alep. Surprise : on r\u00e9colte 400\u20ac ! Il fallait donc leur remettre les billets. Hasard du calendrier, le jour de la remise des billets (normalement dans sa bo\u00eete aux lettres), Francken revient d\u2019un conseil des ministres. On a donc pu lui remettre les billets en mains propres ! Quelques mois plus tard, \u00e7a sera un autre buzz avec la caricature de Francken. Toujours dans l\u2019impertinence et le propos juste !<\/p>\n<p style=\"text-align: left;\">Ensuite, Fukushima. En 2016, triste anniversaire des 30 ans de Tchernobyl et des 5 ans de Fukushima. Marghem venait alors de rallonger la dur\u00e9e d\u2019exploitation des centrales nucl\u00e9aires (d\u00e9fectueuses). Ni une, ni deux : \u00e9colo j organise une alerte nucl\u00e9aire au cabinet Marghem. Sir\u00e8ne, fumig\u00e8nes, distribution de pilules d\u2019iode et d\u00e9tection d\u2019un haut taux d\u2019infection du lobby nucl\u00e9aire.<\/p>\n<p style=\"text-align: left;\">Ces moments sont l\u2019ADN d\u2019\u00e9colo j. Gr\u00e2ce \u00e0 ces actions (im)pertinentes, nous pouvons affirmer que ce qui a marqu\u00e9 notre engagement chez \u00e9colo j est l\u2019article 2 du ROI :<strong> \u00ab L\u2019\u00e9cologie politique est un plaisir et doit le rester \u00bb.<\/strong><\/p>\n<p>___<\/p>\n<p style=\"text-align: left;\"><strong>Esther Ingabire et Nicolas Raimondi, copr\u00e9sidents d\u2019avril 2015 \u00e0 mars 2017<br \/>\n<\/strong><\/p>\n","protected":false},"excerpt":{"rendered":"<p>L\u2019ap\u00e9ro des riches, Saint-Nicolas, le changement des noms de rue, Not Ready for a Next Fukushima, Ende Gel\u00e4nde, action TTIP, ou encore la remise d\u2019un billet d\u2019avion \u00e0 Theo Francken, [&hellip;]<\/p>\n","protected":false},"author":102,"featured_media":4083,"comment_status":"closed","ping_status":"open","sticky":false,"template":"","format":"image","meta":[],"categories":[122],"tags":[106,108,38],"acf":[],"yoast_head":"<!-- This site is optimized with the Yoast SEO plugin v20.1 - https:\/\/yoast.com\/wordpress\/plugins\/seo\/ -->\n<title>15 ans d&#039;(im)pertinence - Jump<\/title>\n<meta name=\"robots\" content=\"index, follow, max-snippet:-1, max-image-preview:large, max-video-preview:-1\" \/>\n<link rel=\"canonical\" href=\"https:\/\/www.ecoloj.be\/goforclimatejustice\/jump\/anniversaire-confine-15-ans-dimpertinence\/\" \/>\n<meta property=\"og:locale\" content=\"fr_FR\" \/>\n<meta property=\"og:type\" content=\"article\" \/>\n<meta property=\"og:title\" content=\"15 ans d&#039;(im)pertinence - Jump\" \/>\n<meta property=\"og:description\" content=\"L\u2019ap\u00e9ro des riches, Saint-Nicolas, le changement des noms de rue, Not Ready for a Next Fukushima, Ende Gel\u00e4nde, action TTIP, ou encore la remise d\u2019un billet d\u2019avion \u00e0 Theo Francken, [&hellip;]\" \/>\n<meta property=\"og:url\" content=\"https:\/\/www.ecoloj.be\/goforclimatejustice\/jump\/anniversaire-confine-15-ans-dimpertinence\/\" \/>\n<meta property=\"og:site_name\" content=\"Jump\" \/>\n<meta property=\"article:publisher\" content=\"https:\/\/www.facebook.com\/ecolojfederal\" \/>\n<meta property=\"article:published_time\" content=\"2020-06-20T06:43:01+00:00\" \/>\n<meta property=\"article:modified_time\" content=\"2022-07-28T19:11:42+00:00\" \/>\n<meta property=\"og:image\" content=\"https:\/\/www.ecoloj.be\/goforclimatejustice\/jump\/wp-content\/uploads\/sites\/3\/2020\/06\/images-jump-articles-8.jpg\" \/>\n\t<meta property=\"og:image:width\" content=\"1200\" \/>\n\t<meta property=\"og:image:height\" content=\"627\" \/>\n\t<meta property=\"og:image:type\" content=\"image\/jpeg\" \/>\n<meta name=\"author\" content=\"Esther Ingabire et Nicolas Raimondi\" \/>\n<meta name=\"twitter:card\" content=\"summary_large_image\" \/>\n<meta name=\"twitter:creator\" content=\"@ecoloj\" \/>\n<meta name=\"twitter:site\" content=\"@ecoloj\" \/>\n<meta name=\"twitter:label1\" content=\"\u00c9crit par\" \/>\n\t<meta name=\"twitter:data1\" content=\"Esther Ingabire et Nicolas Raimondi\" \/>\n\t<meta name=\"twitter:label2\" content=\"Dur\u00e9e de lecture estim\u00e9e\" \/>\n\t<meta name=\"twitter:data2\" content=\"2 minutes\" \/>\n<script type=\"application\/ld+json\" class=\"yoast-schema-graph\">{\"@context\":\"https:\/\/schema.org\",\"@graph\":[{\"@type\":\"WebPage\",\"@id\":\"https:\/\/www.ecoloj.be\/goforclimatejustice\/jump\/anniversaire-confine-15-ans-dimpertinence\/\",\"url\":\"https:\/\/www.ecoloj.be\/goforclimatejustice\/jump\/anniversaire-confine-15-ans-dimpertinence\/\",\"name\":\"15 ans d'(im)pertinence - Jump\",\"isPartOf\":{\"@id\":\"http:\/\/www.ecoloj.be\/goforclimatejustice\/jump\/#website\"},\"datePublished\":\"2020-06-20T06:43:01+00:00\",\"dateModified\":\"2022-07-28T19:11:42+00:00\",\"author\":{\"@id\":\"http:\/\/www.ecoloj.be\/goforclimatejustice\/jump\/#\/schema\/person\/1e6557574bf48fba65c1c726b7aab37d\"},\"breadcrumb\":{\"@id\":\"https:\/\/www.ecoloj.be\/goforclimatejustice\/jump\/anniversaire-confine-15-ans-dimpertinence\/#breadcrumb\"},\"inLanguage\":\"fr-FR\",\"potentialAction\":[{\"@type\":\"ReadAction\",\"target\":[\"https:\/\/www.ecoloj.be\/goforclimatejustice\/jump\/anniversaire-confine-15-ans-dimpertinence\/\"]}]},{\"@type\":\"BreadcrumbList\",\"@id\":\"https:\/\/www.ecoloj.be\/goforclimatejustice\/jump\/anniversaire-confine-15-ans-dimpertinence\/#breadcrumb\",\"itemListElement\":[{\"@type\":\"ListItem\",\"position\":1,\"name\":\"Accueil\",\"item\":\"https:\/\/www.ecoloj.be\/goforclimatejustice\/jump\/\"},{\"@type\":\"ListItem\",\"position\":2,\"name\":\"15 ans d'(im)pertinence\"}]},{\"@type\":\"WebSite\",\"@id\":\"http:\/\/www.ecoloj.be\/goforclimatejustice\/jump\/#website\",\"url\":\"http:\/\/www.ecoloj.be\/goforclimatejustice\/jump\/\",\"name\":\"Jump\",\"description\":\"le magazine d&#039;\u00e9colo j\",\"potentialAction\":[{\"@type\":\"SearchAction\",\"target\":{\"@type\":\"EntryPoint\",\"urlTemplate\":\"http:\/\/www.ecoloj.be\/goforclimatejustice\/jump\/?s={search_term_string}\"},\"query-input\":\"required name=search_term_string\"}],\"inLanguage\":\"fr-FR\"},{\"@type\":\"Person\",\"@id\":\"http:\/\/www.ecoloj.be\/goforclimatejustice\/jump\/#\/schema\/person\/1e6557574bf48fba65c1c726b7aab37d\",\"name\":\"Esther Ingabire et Nicolas Raimondi\",\"image\":{\"@type\":\"ImageObject\",\"inLanguage\":\"fr-FR\",\"@id\":\"http:\/\/www.ecoloj.be\/goforclimatejustice\/jump\/#\/schema\/person\/image\/\",\"url\":\"https:\/\/secure.gravatar.com\/avatar\/80f284a4d9c78380154b2ee2d587c47c?s=96&d=mm&r=g\",\"contentUrl\":\"https:\/\/secure.gravatar.com\/avatar\/80f284a4d9c78380154b2ee2d587c47c?s=96&d=mm&r=g\",\"caption\":\"Esther Ingabire et Nicolas Raimondi\"},\"url\":\"https:\/\/www.ecoloj.be\/goforclimatejustice\/jump\/author\/estheretnicolas\/\"}]}<\/script>\n<!-- \/ Yoast SEO plugin. -->","yoast_head_json":{"title":"15 ans d'(im)pertinence - Jump","robots":{"index":"index","follow":"follow","max-snippet":"max-snippet:-1","max-image-preview":"max-image-preview:large","max-video-preview":"max-video-preview:-1"},"canonical":"https:\/\/www.ecoloj.be\/goforclimatejustice\/jump\/anniversaire-confine-15-ans-dimpertinence\/","og_locale":"fr_FR","og_type":"article","og_title":"15 ans d'(im)pertinence - Jump","og_description":"L\u2019ap\u00e9ro des riches, Saint-Nicolas, le changement des noms de rue, Not Ready for a Next Fukushima, Ende Gel\u00e4nde, action TTIP, ou encore la remise d\u2019un billet d\u2019avion \u00e0 Theo Francken, [&hellip;]","og_url":"https:\/\/www.ecoloj.be\/goforclimatejustice\/jump\/anniversaire-confine-15-ans-dimpertinence\/","og_site_name":"Jump","article_publisher":"https:\/\/www.facebook.com\/ecolojfederal","article_published_time":"2020-06-20T06:43:01+00:00","article_modified_time":"2022-07-28T19:11:42+00:00","og_image":[{"width":1200,"height":627,"url":"https:\/\/www.ecoloj.be\/goforclimatejustice\/jump\/wp-content\/uploads\/sites\/3\/2020\/06\/images-jump-articles-8.jpg","type":"image\/jpeg"}],"author":"Esther Ingabire et Nicolas Raimondi","twitter_card":"summary_large_image","twitter_creator":"@ecoloj","twitter_site":"@ecoloj","twitter_misc":{"\u00c9crit par":"Esther Ingabire et Nicolas Raimondi","Dur\u00e9e de lecture estim\u00e9e":"2 minutes"},"schema":{"@context":"https:\/\/schema.org","@graph":[{"@type":"WebPage","@id":"https:\/\/www.ecoloj.be\/goforclimatejustice\/jump\/anniversaire-confine-15-ans-dimpertinence\/","url":"https:\/\/www.ecoloj.be\/goforclimatejustice\/jump\/anniversaire-confine-15-ans-dimpertinence\/","name":"15 ans d'(im)pertinence - Jump","isPartOf":{"@id":"http:\/\/www.ecoloj.be\/goforclimatejustice\/jump\/#website"},"datePublished":"2020-06-20T06:43:01+00:00","dateModified":"2022-07-28T19:11:42+00:00","author":{"@id":"http:\/\/www.ecoloj.be\/goforclimatejustice\/jump\/#\/schema\/person\/1e6557574bf48fba65c1c726b7aab37d"},"breadcrumb":{"@id":"https:\/\/www.ecoloj.be\/goforclimatejustice\/jump\/anniversaire-confine-15-ans-dimpertinence\/#breadcrumb"},"inLanguage":"fr-FR","potentialAction":[{"@type":"ReadAction","target":["https:\/\/www.ecoloj.be\/goforclimatejustice\/jump\/anniversaire-confine-15-ans-dimpertinence\/"]}]},{"@type":"BreadcrumbList","@id":"https:\/\/www.ecoloj.be\/goforclimatejustice\/jump\/anniversaire-confine-15-ans-dimpertinence\/#breadcrumb","itemListElement":[{"@type":"ListItem","position":1,"name":"Accueil","item":"https:\/\/www.ecoloj.be\/goforclimatejustice\/jump\/"},{"@type":"ListItem","position":2,"name":"15 ans d'(im)pertinence"}]},{"@type":"WebSite","@id":"http:\/\/www.ecoloj.be\/goforclimatejustice\/jump\/#website","url":"http:\/\/www.ecoloj.be\/goforclimatejustice\/jump\/","name":"Jump","description":"le magazine d&#039;\u00e9colo j","potentialAction":[{"@type":"SearchAction","target":{"@type":"EntryPoint","urlTemplate":"http:\/\/www.ecoloj.be\/goforclimatejustice\/jump\/?s={search_term_string}"},"query-input":"required name=search_term_string"}],"inLanguage":"fr-FR"},{"@type":"Person","@id":"http:\/\/www.ecoloj.be\/goforclimatejustice\/jump\/#\/schema\/person\/1e6557574bf48fba65c1c726b7aab37d","name":"Esther Ingabire et Nicolas Raimondi","image":{"@type":"ImageObject","inLanguage":"fr-FR","@id":"http:\/\/www.ecoloj.be\/goforclimatejustice\/jump\/#\/schema\/person\/image\/","url":"https:\/\/secure.gravatar.com\/avatar\/80f284a4d9c78380154b2ee2d587c47c?s=96&d=mm&r=g","contentUrl":"https:\/\/secure.gravatar.com\/avatar\/80f284a4d9c78380154b2ee2d587c47c?s=96&d=mm&r=g","caption":"Esther Ingabire et Nicolas Raimondi"},"url":"https:\/\/www.ecoloj.be\/goforclimatejustice\/jump\/author\/estheretnicolas\/"}]}},"_links":{"self":[{"href":"https:\/\/www.ecoloj.be\/goforclimatejustice\/jump\/wp-json\/wp\/v2\/posts\/3463"}],"collection":[{"href":"https:\/\/www.ecoloj.be\/goforclimatejustice\/jump\/wp-json\/wp\/v2\/posts"}],"about":[{"href":"https:\/\/www.ecoloj.be\/goforclimatejustice\/jump\/wp-json\/wp\/v2\/types\/post"}],"author":[{"embeddable":true,"href":"https:\/\/www.ecoloj.be\/goforclimatejustice\/jump\/wp-json\/wp\/v2\/users\/102"}],"replies":[{"embeddable":true,"href":"https:\/\/www.ecoloj.be\/goforclimatejustice\/jump\/wp-json\/wp\/v2\/comments?post=3463"}],"version-history":[{"count":7,"href":"https:\/\/www.ecoloj.be\/goforclimatejustice\/jump\/wp-json\/wp\/v2\/posts\/3463\/revisions"}],"predecessor-version":[{"id":4638,"href":"https:\/\/www.ecoloj.be\/goforclimatejustice\/jump\/wp-json\/wp\/v2\/posts\/3463\/revisions\/4638"}],"wp:featuredmedia":[{"embeddable":true,"href":"https:\/\/www.ecoloj.be\/goforclimatejustice\/jump\/wp-json\/wp\/v2\/media\/4083"}],"wp:attachment":[{"href":"https:\/\/www.ecoloj.be\/goforclimatejustice\/jump\/wp-json\/wp\/v2\/media?parent=3463"}],"wp:term":[{"taxonomy":"category","embeddable":true,"href":"https:\/\/www.ecoloj.be\/goforclimatejustice\/jump\/wp-json\/wp\/v2\/categories?post=3463"},{"taxonomy":"post_tag","embeddable":true,"href":"https:\/\/www.ecoloj.be\/goforclimatejustice\/jump\/wp-json\/wp\/v2\/tags?post=3463"}],"curies":[{"name":"wp","href":"https:\/\/api.w.org\/{rel}","templated":true}]}}