{"id":3483,"date":"2020-06-16T13:37:22","date_gmt":"2020-06-16T12:37:22","guid":{"rendered":"http:\/\/www.ecoloj.be\/goforclimatejustice\/jump\/?p=3483"},"modified":"2022-07-28T21:08:01","modified_gmt":"2022-07-28T20:08:01","slug":"anniversaire-confine-fyeg-stop","status":"publish","type":"post","link":"https:\/\/www.ecoloj.be\/goforclimatejustice\/jump\/anniversaire-confine-fyeg-stop\/","title":{"rendered":"La FYEG en stop"},"content":{"rendered":"<p style=\"text-align: left;\"><strong>\u00e9colo j f\u00eatera bient\u00f4t ses 15 ans<\/strong>. J\u2019ai envie de partager avec vous mon meilleur souvenir \u00e9colo j. Nous sommes en juin 2014.<\/p>\n<p><!--more--><\/p>\n<p>La FYEG organise son assembl\u00e9e g\u00e9n\u00e9rale en juillet. Une des repr\u00e9sentantes internationales ne peut pas s\u2019y rendre et le Bureau demande qui est volontaire pour y aller. Nous sommes 3 \u00e0 nous proposer.<\/p>\n<p style=\"text-align: left;\">Les copr\u00e9s nous rappellent que nos finances ne sont pas au top et qu\u2019il faut donc pr\u00e9voir le transport le plus rapidement possible pour ne pas avoir de frais excessifs. Quentin Delitte (un des volontaires) dit alors\u00a0: \u00ab\u00a0Pas de soucis, nous irons en stop jusque Strasbourg\u00a0\u00bb. Avec les trois autres, nous le regardons un peu surpris. Les copr\u00e9s valident en disant\u00a0: \u00ab\u00a0Quelle bonne id\u00e9e.\u00a0\u00bb<\/p>\n<h2 style=\"text-align: left;\"><span style=\"color: #99cc00;\">3 semaines plus tard, nous voil\u00e0 Nicolas, Audrey, Quentin et moi \u00e0 Delta, lieu de rendez-vous<\/span><\/h2>\n<p style=\"text-align: left;\"><a name=\"_GoBack\"><\/a>Il est 9h du matin. Je suis assez perplexe \u00e0 l\u2019id\u00e9e du p\u00e9riple. On tire les \u00e9quipes au sort\u00a0: Audrey et Quentin, Nico et moi. On ouvre les paris\u00a0: les premiers arriv\u00e9s \u00e0 Strasbourg font un massage aux autres en pl\u00e9ni\u00e8re. C\u2019est parti\u00a0!<\/p>\n<p style=\"text-align: left;\">Nico et moi nous pr\u00e9cipitons \u00e0 l\u2019entr\u00e9e d\u2019autoroute avec notre panneau \u00ab\u00a0Namur\u00a0\u00bb. Nous sommes pris en charge par un scout en route vers son camp quelque part dans les Ardennes. On est coinc\u00e9 entre sa tente et ses nombreuses victuailles. Arriv\u00e9s sur l\u2019aire d\u2019autoroute \u00e0 Namur, on accoste les gens pour aller vers le Luxembourg. Nous avons de l\u2019avance. Audrey et Quentin ont quitt\u00e9 Bruxelles une heure apr\u00e8s nous. Nous sommes en pole position\u00a0!<br \/>\nL\u00e0, nous croisons un chef d\u2019entreprise de pesticides et d\u2019engrais qui va vers le Luxembourg et veut bien nous y conduire. Quand il nous dit son m\u00e9tier et nous demande o\u00f9 on va, on se fait tout petit. Aucun de nous n\u2019a envie de d\u00e9battre sur les pesticides, au cas o\u00f9 il aurait envie de nous d\u00e9barquer. Audrey et Quentin viennent d\u2019arriver \u00e0 Namur, ils ont d\u00e9cid\u00e9 de prendre un caf\u00e9 avant de poursuivre la route.<\/p>\n<h2 style=\"text-align: left;\"><span style=\"color: #99cc00;\">Nous, on arrive au Luxembourg et on veut aller vers Metz<\/span><\/h2>\n<p style=\"text-align: left;\">C\u2019est l\u00e0 que tout part en sucettes\u00a0! Une dame nous prend dans sa voiture mais l\u2019aire d\u2019autoroute o\u00f9 elle devait nous d\u00e9poser n\u2019existe plus (je vous parle d\u2019un temps o\u00f9 les smartphones et Google Maps n\u2019\u00e9taient pas \u00e0 la mode). Commence alors un long chemin dans les alentours de Metz. Nous sommes d\u00e9pos\u00e9s sur un parking de centre commercial (apr\u00e8s avoir \u00e9t\u00e9 embarqu\u00e9s par la police). Aucune voiture ne va \u00e0 Strasbourg. Et l\u00e0\u00a0! Miracle\u00a0! Un jeune vient bien nous d\u00e9poser sur l\u2019aire de repos la plus proche. Une fois sur place, nous cherchons un lift jusque Strasbourg. Et re-miracle de la vie\u00a0: nous tombons sur une belge en route pour voir ses petits enfants dans le sud. Elle vient d\u2019Ostende et va jusqu\u2019\u00e0 Perpignan retrouver ses petits-enfants. Elle trouve sympa d\u2019avoir de la compagnie. Pendant ce temps, nous recevons une photo de Quentin et Audrey qui visitent Strasbourg et mangent un bretzel. Nous avons encore l\u2019espoir d\u2019arriver avant eux au lieu de l\u2019AG pendant qu\u2019ils visitent. Rat\u00e9, ils arriveront une demi-heure avant nous\u00a0! Nous \u00e9tions pourtant bien partis\u2026<\/p>\n<p style=\"text-align: left;\">Depuis ce jour, j\u2019ai \u00e9t\u00e9 convaincue. L\u2019\u00a0\u00ab\u00a0\u00e9colo j politique est un plaisir et doit le rester\u00a0\u00bb. Et \u00e7a durera (inchallah) encore\u00a0!<\/p>\n<p>___<\/p>\n<p style=\"text-align: left;\"><strong>Esther Ingabire<br \/>\n<\/strong><\/p>\n","protected":false},"excerpt":{"rendered":"<p>\u00e9colo j f\u00eatera bient\u00f4t ses 15 ans. J\u2019ai envie de partager avec vous mon meilleur souvenir \u00e9colo j. Nous sommes en juin 2014.<\/p>\n","protected":false},"author":3,"featured_media":4097,"comment_status":"closed","ping_status":"closed","sticky":false,"template":"","format":"image","meta":[],"categories":[122],"tags":[106,104,109,18],"acf":[],"yoast_head":"<!-- This site is optimized with the Yoast SEO plugin v20.1 - https:\/\/yoast.com\/wordpress\/plugins\/seo\/ -->\n<title>La FYEG en stop - Jump<\/title>\n<meta name=\"robots\" content=\"index, follow, max-snippet:-1, max-image-preview:large, max-video-preview:-1\" \/>\n<link rel=\"canonical\" href=\"https:\/\/www.ecoloj.be\/goforclimatejustice\/jump\/anniversaire-confine-fyeg-stop\/\" \/>\n<meta property=\"og:locale\" content=\"fr_FR\" \/>\n<meta property=\"og:type\" content=\"article\" \/>\n<meta property=\"og:title\" content=\"La FYEG en stop - Jump\" \/>\n<meta property=\"og:description\" content=\"\u00e9colo j f\u00eatera bient\u00f4t ses 15 ans. J\u2019ai envie de partager avec vous mon meilleur souvenir \u00e9colo j. Nous sommes en juin 2014.\" \/>\n<meta property=\"og:url\" content=\"https:\/\/www.ecoloj.be\/goforclimatejustice\/jump\/anniversaire-confine-fyeg-stop\/\" \/>\n<meta property=\"og:site_name\" content=\"Jump\" \/>\n<meta property=\"article:publisher\" content=\"https:\/\/www.facebook.com\/ecolojfederal\" \/>\n<meta property=\"article:published_time\" content=\"2020-06-16T12:37:22+00:00\" \/>\n<meta property=\"article:modified_time\" content=\"2022-07-28T20:08:01+00:00\" \/>\n<meta property=\"og:image\" content=\"https:\/\/www.ecoloj.be\/goforclimatejustice\/jump\/wp-content\/uploads\/sites\/3\/2020\/06\/images-jump-articles-12.jpg\" \/>\n\t<meta property=\"og:image:width\" content=\"1200\" \/>\n\t<meta property=\"og:image:height\" content=\"627\" \/>\n\t<meta property=\"og:image:type\" content=\"image\/jpeg\" \/>\n<meta name=\"author\" content=\"Esther Ingabire\" \/>\n<meta name=\"twitter:card\" content=\"summary_large_image\" \/>\n<meta name=\"twitter:creator\" content=\"@ecoloj\" \/>\n<meta name=\"twitter:site\" content=\"@ecoloj\" \/>\n<meta name=\"twitter:label1\" content=\"\u00c9crit par\" \/>\n\t<meta name=\"twitter:data1\" content=\"Esther Ingabire\" \/>\n\t<meta name=\"twitter:label2\" content=\"Dur\u00e9e de lecture estim\u00e9e\" \/>\n\t<meta name=\"twitter:data2\" content=\"3 minutes\" \/>\n<script type=\"application\/ld+json\" class=\"yoast-schema-graph\">{\"@context\":\"https:\/\/schema.org\",\"@graph\":[{\"@type\":\"WebPage\",\"@id\":\"https:\/\/www.ecoloj.be\/goforclimatejustice\/jump\/anniversaire-confine-fyeg-stop\/\",\"url\":\"https:\/\/www.ecoloj.be\/goforclimatejustice\/jump\/anniversaire-confine-fyeg-stop\/\",\"name\":\"La FYEG en stop - Jump\",\"isPartOf\":{\"@id\":\"http:\/\/www.ecoloj.be\/goforclimatejustice\/jump\/#website\"},\"datePublished\":\"2020-06-16T12:37:22+00:00\",\"dateModified\":\"2022-07-28T20:08:01+00:00\",\"author\":{\"@id\":\"http:\/\/www.ecoloj.be\/goforclimatejustice\/jump\/#\/schema\/person\/17c9b0c25137556df34655fed423bb98\"},\"breadcrumb\":{\"@id\":\"https:\/\/www.ecoloj.be\/goforclimatejustice\/jump\/anniversaire-confine-fyeg-stop\/#breadcrumb\"},\"inLanguage\":\"fr-FR\",\"potentialAction\":[{\"@type\":\"ReadAction\",\"target\":[\"https:\/\/www.ecoloj.be\/goforclimatejustice\/jump\/anniversaire-confine-fyeg-stop\/\"]}]},{\"@type\":\"BreadcrumbList\",\"@id\":\"https:\/\/www.ecoloj.be\/goforclimatejustice\/jump\/anniversaire-confine-fyeg-stop\/#breadcrumb\",\"itemListElement\":[{\"@type\":\"ListItem\",\"position\":1,\"name\":\"Accueil\",\"item\":\"https:\/\/www.ecoloj.be\/goforclimatejustice\/jump\/\"},{\"@type\":\"ListItem\",\"position\":2,\"name\":\"La FYEG en stop\"}]},{\"@type\":\"WebSite\",\"@id\":\"http:\/\/www.ecoloj.be\/goforclimatejustice\/jump\/#website\",\"url\":\"http:\/\/www.ecoloj.be\/goforclimatejustice\/jump\/\",\"name\":\"Jump\",\"description\":\"le magazine d&#039;\u00e9colo j\",\"potentialAction\":[{\"@type\":\"SearchAction\",\"target\":{\"@type\":\"EntryPoint\",\"urlTemplate\":\"http:\/\/www.ecoloj.be\/goforclimatejustice\/jump\/?s={search_term_string}\"},\"query-input\":\"required name=search_term_string\"}],\"inLanguage\":\"fr-FR\"},{\"@type\":\"Person\",\"@id\":\"http:\/\/www.ecoloj.be\/goforclimatejustice\/jump\/#\/schema\/person\/17c9b0c25137556df34655fed423bb98\",\"name\":\"Esther Ingabire\",\"image\":{\"@type\":\"ImageObject\",\"inLanguage\":\"fr-FR\",\"@id\":\"http:\/\/www.ecoloj.be\/goforclimatejustice\/jump\/#\/schema\/person\/image\/\",\"url\":\"https:\/\/secure.gravatar.com\/avatar\/8339ead8c307ca364af4b7d795c675d7?s=96&d=mm&r=g\",\"contentUrl\":\"https:\/\/secure.gravatar.com\/avatar\/8339ead8c307ca364af4b7d795c675d7?s=96&d=mm&r=g\",\"caption\":\"Esther Ingabire\"},\"url\":\"https:\/\/www.ecoloj.be\/goforclimatejustice\/jump\/author\/estheringabire\/\"}]}<\/script>\n<!-- \/ Yoast SEO plugin. -->","yoast_head_json":{"title":"La FYEG en stop - Jump","robots":{"index":"index","follow":"follow","max-snippet":"max-snippet:-1","max-image-preview":"max-image-preview:large","max-video-preview":"max-video-preview:-1"},"canonical":"https:\/\/www.ecoloj.be\/goforclimatejustice\/jump\/anniversaire-confine-fyeg-stop\/","og_locale":"fr_FR","og_type":"article","og_title":"La FYEG en stop - Jump","og_description":"\u00e9colo j f\u00eatera bient\u00f4t ses 15 ans. J\u2019ai envie de partager avec vous mon meilleur souvenir \u00e9colo j. Nous sommes en juin 2014.","og_url":"https:\/\/www.ecoloj.be\/goforclimatejustice\/jump\/anniversaire-confine-fyeg-stop\/","og_site_name":"Jump","article_publisher":"https:\/\/www.facebook.com\/ecolojfederal","article_published_time":"2020-06-16T12:37:22+00:00","article_modified_time":"2022-07-28T20:08:01+00:00","og_image":[{"width":1200,"height":627,"url":"https:\/\/www.ecoloj.be\/goforclimatejustice\/jump\/wp-content\/uploads\/sites\/3\/2020\/06\/images-jump-articles-12.jpg","type":"image\/jpeg"}],"author":"Esther Ingabire","twitter_card":"summary_large_image","twitter_creator":"@ecoloj","twitter_site":"@ecoloj","twitter_misc":{"\u00c9crit par":"Esther Ingabire","Dur\u00e9e de lecture estim\u00e9e":"3 minutes"},"schema":{"@context":"https:\/\/schema.org","@graph":[{"@type":"WebPage","@id":"https:\/\/www.ecoloj.be\/goforclimatejustice\/jump\/anniversaire-confine-fyeg-stop\/","url":"https:\/\/www.ecoloj.be\/goforclimatejustice\/jump\/anniversaire-confine-fyeg-stop\/","name":"La FYEG en stop - Jump","isPartOf":{"@id":"http:\/\/www.ecoloj.be\/goforclimatejustice\/jump\/#website"},"datePublished":"2020-06-16T12:37:22+00:00","dateModified":"2022-07-28T20:08:01+00:00","author":{"@id":"http:\/\/www.ecoloj.be\/goforclimatejustice\/jump\/#\/schema\/person\/17c9b0c25137556df34655fed423bb98"},"breadcrumb":{"@id":"https:\/\/www.ecoloj.be\/goforclimatejustice\/jump\/anniversaire-confine-fyeg-stop\/#breadcrumb"},"inLanguage":"fr-FR","potentialAction":[{"@type":"ReadAction","target":["https:\/\/www.ecoloj.be\/goforclimatejustice\/jump\/anniversaire-confine-fyeg-stop\/"]}]},{"@type":"BreadcrumbList","@id":"https:\/\/www.ecoloj.be\/goforclimatejustice\/jump\/anniversaire-confine-fyeg-stop\/#breadcrumb","itemListElement":[{"@type":"ListItem","position":1,"name":"Accueil","item":"https:\/\/www.ecoloj.be\/goforclimatejustice\/jump\/"},{"@type":"ListItem","position":2,"name":"La FYEG en stop"}]},{"@type":"WebSite","@id":"http:\/\/www.ecoloj.be\/goforclimatejustice\/jump\/#website","url":"http:\/\/www.ecoloj.be\/goforclimatejustice\/jump\/","name":"Jump","description":"le magazine d&#039;\u00e9colo j","potentialAction":[{"@type":"SearchAction","target":{"@type":"EntryPoint","urlTemplate":"http:\/\/www.ecoloj.be\/goforclimatejustice\/jump\/?s={search_term_string}"},"query-input":"required name=search_term_string"}],"inLanguage":"fr-FR"},{"@type":"Person","@id":"http:\/\/www.ecoloj.be\/goforclimatejustice\/jump\/#\/schema\/person\/17c9b0c25137556df34655fed423bb98","name":"Esther Ingabire","image":{"@type":"ImageObject","inLanguage":"fr-FR","@id":"http:\/\/www.ecoloj.be\/goforclimatejustice\/jump\/#\/schema\/person\/image\/","url":"https:\/\/secure.gravatar.com\/avatar\/8339ead8c307ca364af4b7d795c675d7?s=96&d=mm&r=g","contentUrl":"https:\/\/secure.gravatar.com\/avatar\/8339ead8c307ca364af4b7d795c675d7?s=96&d=mm&r=g","caption":"Esther Ingabire"},"url":"https:\/\/www.ecoloj.be\/goforclimatejustice\/jump\/author\/estheringabire\/"}]}},"_links":{"self":[{"href":"https:\/\/www.ecoloj.be\/goforclimatejustice\/jump\/wp-json\/wp\/v2\/posts\/3483"}],"collection":[{"href":"https:\/\/www.ecoloj.be\/goforclimatejustice\/jump\/wp-json\/wp\/v2\/posts"}],"about":[{"href":"https:\/\/www.ecoloj.be\/goforclimatejustice\/jump\/wp-json\/wp\/v2\/types\/post"}],"author":[{"embeddable":true,"href":"https:\/\/www.ecoloj.be\/goforclimatejustice\/jump\/wp-json\/wp\/v2\/users\/3"}],"replies":[{"embeddable":true,"href":"https:\/\/www.ecoloj.be\/goforclimatejustice\/jump\/wp-json\/wp\/v2\/comments?post=3483"}],"version-history":[{"count":11,"href":"https:\/\/www.ecoloj.be\/goforclimatejustice\/jump\/wp-json\/wp\/v2\/posts\/3483\/revisions"}],"predecessor-version":[{"id":4684,"href":"https:\/\/www.ecoloj.be\/goforclimatejustice\/jump\/wp-json\/wp\/v2\/posts\/3483\/revisions\/4684"}],"wp:featuredmedia":[{"embeddable":true,"href":"https:\/\/www.ecoloj.be\/goforclimatejustice\/jump\/wp-json\/wp\/v2\/media\/4097"}],"wp:attachment":[{"href":"https:\/\/www.ecoloj.be\/goforclimatejustice\/jump\/wp-json\/wp\/v2\/media?parent=3483"}],"wp:term":[{"taxonomy":"category","embeddable":true,"href":"https:\/\/www.ecoloj.be\/goforclimatejustice\/jump\/wp-json\/wp\/v2\/categories?post=3483"},{"taxonomy":"post_tag","embeddable":true,"href":"https:\/\/www.ecoloj.be\/goforclimatejustice\/jump\/wp-json\/wp\/v2\/tags?post=3483"}],"curies":[{"name":"wp","href":"https:\/\/api.w.org\/{rel}","templated":true}]}}