{"id":3961,"date":"2022-04-10T21:29:45","date_gmt":"2022-04-10T20:29:45","guid":{"rendered":"http:\/\/www.ecoloj.be\/goforclimatejustice\/jump\/?p=3961"},"modified":"2022-11-22T16:08:45","modified_gmt":"2022-11-22T15:08:45","slug":"smart-rurality-pensons-ensemble-mobilite-monde-rural-de-demain","status":"publish","type":"post","link":"https:\/\/www.ecoloj.be\/goforclimatejustice\/jump\/smart-rurality-pensons-ensemble-mobilite-monde-rural-de-demain\/","title":{"rendered":"La Smart Rurality. Pensons ensemble la mobilit\u00e9 du monde rural de demain !"},"content":{"rendered":"<p><strong>\u00ab\u00a0Bonjour, nous avons le plaisir de vous informer que votre offre est accept\u00e9e\u00a0\u00bb<\/strong><em>. <\/em>C\u2019est sur ces mots que d\u00e9bute l\u2019aventure d\u2019\u00eatre propri\u00e9taire pour l\u2019achat d\u2019un premier bien immobilier.<\/p>\n<p><!--more--><\/p>\n<p>Je vais donc quitter l\u2019appartement occup\u00e9 avec ma copine dans le centre de Bruxelles pour un charmant village appel\u00e9 Huppaye pr\u00e8s de Jodoigne. Nous avons ador\u00e9 notre exp\u00e9rience \u00e0 la capitale, notamment pour sa facilit\u00e9 de transport.<\/p>\n<p>Ce point est primordial pour nous. Nous nous sommes habitu\u00e9s \u00e0 cette mobilit\u00e9 douce : la facilit\u00e9 de combiner des moyens de transport multimodaux, le plaisir que l\u2019on prend \u00e0 aller faire nos courses, l\u2019une des nouvelles pistes cyclables dont le nombre a explos\u00e9 durant la pand\u00e9mie. Nous poss\u00e9dons tout de m\u00eame une voiture partag\u00e9e \u00e0 deux, que nous essayons d\u2019utiliser qu\u2019en cas de \u00ab non-choix \u00bb. Nous prenons \u00e0 c\u0153ur de conserver nos habitudes de d\u00e9placement lors de notre exode urbain tout en \u00e9tant conscients que les infrastructures de transport en commun en milieu rural ne sont pas autant d\u00e9velopp\u00e9es.<\/p>\n<p>D\u2019abord, nous nous rendons compte que la maison est voisine de la ligne de Ravel 142 reliant Jodoigne \u00e0 Perwez, ce qui nous assure d\u00e9j\u00e0 de conserver l\u2019habitude de faire nos courses en v\u00e9lo. Pour le reste, l\u2019investigation commence. Convaincu par la notion de Smart City durant mes ann\u00e9es \u00e0 la capitale, je suis persuad\u00e9 que le concept de Smart Rurality permettra de repenser la mobilit\u00e9 de demain en milieu rural.<\/p>\n<h2><span style=\"color: #99cc00;\">Une approche globale<\/span><\/h2>\n<p>La Smart Rurality ou \u00ab Ruralit\u00e9 Intelligente \u00bb est, selon moi, une approche globale, une fa\u00e7on de consid\u00e9rer la campagne comme un tout coh\u00e9rent, comme un territoire qui a en fait ses propres forces et faiblesses. Cette approche permet d\u2019organiser un \u00e9cosyst\u00e8me de parties prenantes du monde rural (acteurs\u2027trices de la soci\u00e9t\u00e9 civile et politique, citoyen\u2027nes, entreprises\u2026) engag\u00e9es dans une strat\u00e9gie de d\u00e9veloppement durable en utilisant les nouvelles technologies &#8211; notamment num\u00e9riques &#8211; comme facilitateur\u2027trice pour atteindre les objectifs de durabilit\u00e9 (d\u00e9veloppement \u00e9conomique, bien-\u00eatre social et respect environnemental) (D\u00e9finition du Smart City Institute). Ce concept englobe des th\u00e9matiques vari\u00e9es : productions agricoles et foresti\u00e8res, \u00e9nergie, gestion de l\u2019environnement, am\u00e9nagement des espaces ruraux, tourisme durable, entrepreneuriat durable, diversification \u00e9conomique ou encore la mobilit\u00e9.<\/p>\n<p>En devenant \u00ab plus intelligentes \u00bb, les communes doivent offrir des infrastructures et des services plus flexibles, interactifs et efficaces \u00e0 destination de tous les publics qui sont \u00e0 leur contact (habitant\u2027es, visiteurs, associations, entreprises&#8230;). A mes yeux et selon toutes les possibilit\u00e9s possibles en terme de propositions pour am\u00e9liorer la mobilit\u00e9 en milieu rural, j\u2019identifie celles qui me semblent les plus pertinentes :<\/p>\n<p><span style=\"color: #808000;\">Cr\u00e9ation d\u2019une plate-forme Smart Mobility collaborative<\/span> afin de favoriser le co-voiturage ou l\u2019utilisation commune et optimis\u00e9e d\u2019un moyen de transport ;<\/p>\n<p><span style=\"color: #808000;\">Collecter des donn\u00e9es de transport des citoyen\u2027nes<\/span> afin d\u2019adapter et optimiser l\u2019offre de service des bus en fonction de la demande ;<\/p>\n<p><span style=\"color: #808000;\">D\u00e9velopper l\u2019offre de stationnement<\/span> pr\u00e8s des gares de train et gares de bus (pour les voitures et les v\u00e9los) ;<\/p>\n<p><span style=\"color: #808000;\">Favoriser l\u2019intermodalit\u00e9<\/span> ;<\/p>\n<p><span style=\"color: #808000;\">\u00c9duquer et promouvoir le v\u00e9lo<\/span> dans le cadre scolaire, le promouvoir dans le cadre professionnel et lutter contre le vol du v\u00e9lo.<\/p>\n<p>Avec ces quelques propositions, nous esp\u00e9rons pouvoir continuer \u00e0 garder nos habitudes de d\u00e9placements. Nous avons aussi l\u2019espoir qu\u2019il y ait un changement de mentalit\u00e9 dans la mani\u00e8re de se d\u00e9placer en milieu rural en pr\u00f4nant la collaboration et une meilleure adaptabilit\u00e9 des transports en communs\/covoiturage gr\u00e2ce \u00e0 une utilisation efficace et respectueuse de nos donn\u00e9es de transport.<\/p>\n<p>Pensons ensemble la mobilit\u00e9 du monde rural de demain !<\/p>\n<p>&#8212;<\/p>\n<p><strong>Quelques ressources pour aller plus loin :<\/strong><\/p>\n<ul>\n<li style=\"text-align: left;\">Int\u00e9ress\u00e9 par la Smart Rurality ? Depuis 2018, l\u2019Universit\u00e9 de Namur (UNamur) propose en collaboration avec l\u2019UCLouvain et l\u2019ULi\u00e8ge <a href=\"https:\/\/www.unamur.be\/sciences\/etudes-smart-rurality\" target=\"_blank\" rel=\"noopener\">un master interuniversitaire en smart Rurality<br \/>\n<\/a><\/li>\n<li style=\"text-align: left;\"><a href=\"https:\/\/www.smart-city.uliege.be\/cms\/c_4316710\/fr\/smartcity\" target=\"_blank\" rel=\"noopener\">Le Congr\u00e9-Salon smart City Wallonia se d\u00e9roulera le mardi 4 octobre 2022 Smart City Wallonia Smart City Institute<\/a><\/li>\n<\/ul>\n<p>&#8212;<\/p>\n<p><strong>Fran\u00e7ois Gaspart<\/strong><\/p>\n","protected":false},"excerpt":{"rendered":"<p>\u00ab\u00a0Bonjour, nous avons le plaisir de vous informer que votre offre est accept\u00e9e\u00a0\u00bb. C\u2019est sur ces mots que d\u00e9bute l\u2019aventure d\u2019\u00eatre propri\u00e9taire pour l\u2019achat d\u2019un premier bien immobilier.<\/p>\n","protected":false},"author":9,"featured_media":3962,"comment_status":"closed","ping_status":"open","sticky":false,"template":"","format":"image","meta":[],"categories":[116],"tags":[117,89],"acf":[],"yoast_head":"<!-- This site is optimized with the Yoast SEO plugin v20.1 - https:\/\/yoast.com\/wordpress\/plugins\/seo\/ -->\n<title>La Smart Rurality. Pensons ensemble la mobilit\u00e9 du monde rural de demain ! - Jump<\/title>\n<meta name=\"robots\" content=\"index, follow, max-snippet:-1, max-image-preview:large, max-video-preview:-1\" \/>\n<link rel=\"canonical\" href=\"https:\/\/www.ecoloj.be\/goforclimatejustice\/jump\/smart-rurality-pensons-ensemble-mobilite-monde-rural-de-demain\/\" \/>\n<meta property=\"og:locale\" content=\"fr_FR\" \/>\n<meta property=\"og:type\" content=\"article\" \/>\n<meta property=\"og:title\" content=\"La Smart Rurality. Pensons ensemble la mobilit\u00e9 du monde rural de demain ! - Jump\" \/>\n<meta property=\"og:description\" content=\"\u00ab\u00a0Bonjour, nous avons le plaisir de vous informer que votre offre est accept\u00e9e\u00a0\u00bb. C\u2019est sur ces mots que d\u00e9bute l\u2019aventure d\u2019\u00eatre propri\u00e9taire pour l\u2019achat d\u2019un premier bien immobilier.\" \/>\n<meta property=\"og:url\" content=\"https:\/\/www.ecoloj.be\/goforclimatejustice\/jump\/smart-rurality-pensons-ensemble-mobilite-monde-rural-de-demain\/\" \/>\n<meta property=\"og:site_name\" content=\"Jump\" \/>\n<meta property=\"article:publisher\" content=\"https:\/\/www.facebook.com\/ecolojfederal\" \/>\n<meta property=\"article:published_time\" content=\"2022-04-10T20:29:45+00:00\" \/>\n<meta property=\"article:modified_time\" content=\"2022-11-22T15:08:45+00:00\" \/>\n<meta property=\"og:image\" content=\"https:\/\/www.ecoloj.be\/goforclimatejustice\/jump\/wp-content\/uploads\/sites\/3\/2022\/05\/images-jump-articles-3.jpg\" \/>\n\t<meta property=\"og:image:width\" content=\"1200\" \/>\n\t<meta property=\"og:image:height\" content=\"627\" \/>\n\t<meta property=\"og:image:type\" content=\"image\/jpeg\" \/>\n<meta name=\"author\" content=\"\u00e9colo j\" \/>\n<meta name=\"twitter:card\" content=\"summary_large_image\" \/>\n<meta name=\"twitter:creator\" content=\"@ecoloj\" \/>\n<meta name=\"twitter:site\" content=\"@ecoloj\" \/>\n<meta name=\"twitter:label1\" content=\"\u00c9crit par\" \/>\n\t<meta name=\"twitter:data1\" content=\"\u00e9colo j\" \/>\n\t<meta name=\"twitter:label2\" content=\"Dur\u00e9e de lecture estim\u00e9e\" \/>\n\t<meta name=\"twitter:data2\" content=\"3 minutes\" \/>\n<script type=\"application\/ld+json\" class=\"yoast-schema-graph\">{\"@context\":\"https:\/\/schema.org\",\"@graph\":[{\"@type\":\"WebPage\",\"@id\":\"https:\/\/www.ecoloj.be\/goforclimatejustice\/jump\/smart-rurality-pensons-ensemble-mobilite-monde-rural-de-demain\/\",\"url\":\"https:\/\/www.ecoloj.be\/goforclimatejustice\/jump\/smart-rurality-pensons-ensemble-mobilite-monde-rural-de-demain\/\",\"name\":\"La Smart Rurality. Pensons ensemble la mobilit\u00e9 du monde rural de demain ! - Jump\",\"isPartOf\":{\"@id\":\"http:\/\/www.ecoloj.be\/goforclimatejustice\/jump\/#website\"},\"datePublished\":\"2022-04-10T20:29:45+00:00\",\"dateModified\":\"2022-11-22T15:08:45+00:00\",\"author\":{\"@id\":\"http:\/\/www.ecoloj.be\/goforclimatejustice\/jump\/#\/schema\/person\/4842c3bb23e521aef873025749959490\"},\"breadcrumb\":{\"@id\":\"https:\/\/www.ecoloj.be\/goforclimatejustice\/jump\/smart-rurality-pensons-ensemble-mobilite-monde-rural-de-demain\/#breadcrumb\"},\"inLanguage\":\"fr-FR\",\"potentialAction\":[{\"@type\":\"ReadAction\",\"target\":[\"https:\/\/www.ecoloj.be\/goforclimatejustice\/jump\/smart-rurality-pensons-ensemble-mobilite-monde-rural-de-demain\/\"]}]},{\"@type\":\"BreadcrumbList\",\"@id\":\"https:\/\/www.ecoloj.be\/goforclimatejustice\/jump\/smart-rurality-pensons-ensemble-mobilite-monde-rural-de-demain\/#breadcrumb\",\"itemListElement\":[{\"@type\":\"ListItem\",\"position\":1,\"name\":\"Accueil\",\"item\":\"https:\/\/www.ecoloj.be\/goforclimatejustice\/jump\/\"},{\"@type\":\"ListItem\",\"position\":2,\"name\":\"La Smart Rurality. Pensons ensemble la mobilit\u00e9 du monde rural de demain !\"}]},{\"@type\":\"WebSite\",\"@id\":\"http:\/\/www.ecoloj.be\/goforclimatejustice\/jump\/#website\",\"url\":\"http:\/\/www.ecoloj.be\/goforclimatejustice\/jump\/\",\"name\":\"Jump\",\"description\":\"le magazine d&#039;\u00e9colo j\",\"potentialAction\":[{\"@type\":\"SearchAction\",\"target\":{\"@type\":\"EntryPoint\",\"urlTemplate\":\"http:\/\/www.ecoloj.be\/goforclimatejustice\/jump\/?s={search_term_string}\"},\"query-input\":\"required name=search_term_string\"}],\"inLanguage\":\"fr-FR\"},{\"@type\":\"Person\",\"@id\":\"http:\/\/www.ecoloj.be\/goforclimatejustice\/jump\/#\/schema\/person\/4842c3bb23e521aef873025749959490\",\"name\":\"\u00e9colo j\",\"image\":{\"@type\":\"ImageObject\",\"inLanguage\":\"fr-FR\",\"@id\":\"http:\/\/www.ecoloj.be\/goforclimatejustice\/jump\/#\/schema\/person\/image\/\",\"url\":\"https:\/\/secure.gravatar.com\/avatar\/964fa9deb84e78535c0f1d09231bd258?s=96&d=mm&r=g\",\"contentUrl\":\"https:\/\/secure.gravatar.com\/avatar\/964fa9deb84e78535c0f1d09231bd258?s=96&d=mm&r=g\",\"caption\":\"\u00e9colo j\"},\"url\":\"https:\/\/www.ecoloj.be\/goforclimatejustice\/jump\/author\/ecoloj\/\"}]}<\/script>\n<!-- \/ Yoast SEO plugin. -->","yoast_head_json":{"title":"La Smart Rurality. Pensons ensemble la mobilit\u00e9 du monde rural de demain ! - Jump","robots":{"index":"index","follow":"follow","max-snippet":"max-snippet:-1","max-image-preview":"max-image-preview:large","max-video-preview":"max-video-preview:-1"},"canonical":"https:\/\/www.ecoloj.be\/goforclimatejustice\/jump\/smart-rurality-pensons-ensemble-mobilite-monde-rural-de-demain\/","og_locale":"fr_FR","og_type":"article","og_title":"La Smart Rurality. Pensons ensemble la mobilit\u00e9 du monde rural de demain ! - Jump","og_description":"\u00ab\u00a0Bonjour, nous avons le plaisir de vous informer que votre offre est accept\u00e9e\u00a0\u00bb. C\u2019est sur ces mots que d\u00e9bute l\u2019aventure d\u2019\u00eatre propri\u00e9taire pour l\u2019achat d\u2019un premier bien immobilier.","og_url":"https:\/\/www.ecoloj.be\/goforclimatejustice\/jump\/smart-rurality-pensons-ensemble-mobilite-monde-rural-de-demain\/","og_site_name":"Jump","article_publisher":"https:\/\/www.facebook.com\/ecolojfederal","article_published_time":"2022-04-10T20:29:45+00:00","article_modified_time":"2022-11-22T15:08:45+00:00","og_image":[{"width":1200,"height":627,"url":"https:\/\/www.ecoloj.be\/goforclimatejustice\/jump\/wp-content\/uploads\/sites\/3\/2022\/05\/images-jump-articles-3.jpg","type":"image\/jpeg"}],"author":"\u00e9colo j","twitter_card":"summary_large_image","twitter_creator":"@ecoloj","twitter_site":"@ecoloj","twitter_misc":{"\u00c9crit par":"\u00e9colo j","Dur\u00e9e de lecture estim\u00e9e":"3 minutes"},"schema":{"@context":"https:\/\/schema.org","@graph":[{"@type":"WebPage","@id":"https:\/\/www.ecoloj.be\/goforclimatejustice\/jump\/smart-rurality-pensons-ensemble-mobilite-monde-rural-de-demain\/","url":"https:\/\/www.ecoloj.be\/goforclimatejustice\/jump\/smart-rurality-pensons-ensemble-mobilite-monde-rural-de-demain\/","name":"La Smart Rurality. Pensons ensemble la mobilit\u00e9 du monde rural de demain ! - Jump","isPartOf":{"@id":"http:\/\/www.ecoloj.be\/goforclimatejustice\/jump\/#website"},"datePublished":"2022-04-10T20:29:45+00:00","dateModified":"2022-11-22T15:08:45+00:00","author":{"@id":"http:\/\/www.ecoloj.be\/goforclimatejustice\/jump\/#\/schema\/person\/4842c3bb23e521aef873025749959490"},"breadcrumb":{"@id":"https:\/\/www.ecoloj.be\/goforclimatejustice\/jump\/smart-rurality-pensons-ensemble-mobilite-monde-rural-de-demain\/#breadcrumb"},"inLanguage":"fr-FR","potentialAction":[{"@type":"ReadAction","target":["https:\/\/www.ecoloj.be\/goforclimatejustice\/jump\/smart-rurality-pensons-ensemble-mobilite-monde-rural-de-demain\/"]}]},{"@type":"BreadcrumbList","@id":"https:\/\/www.ecoloj.be\/goforclimatejustice\/jump\/smart-rurality-pensons-ensemble-mobilite-monde-rural-de-demain\/#breadcrumb","itemListElement":[{"@type":"ListItem","position":1,"name":"Accueil","item":"https:\/\/www.ecoloj.be\/goforclimatejustice\/jump\/"},{"@type":"ListItem","position":2,"name":"La Smart Rurality. Pensons ensemble la mobilit\u00e9 du monde rural de demain !"}]},{"@type":"WebSite","@id":"http:\/\/www.ecoloj.be\/goforclimatejustice\/jump\/#website","url":"http:\/\/www.ecoloj.be\/goforclimatejustice\/jump\/","name":"Jump","description":"le magazine d&#039;\u00e9colo j","potentialAction":[{"@type":"SearchAction","target":{"@type":"EntryPoint","urlTemplate":"http:\/\/www.ecoloj.be\/goforclimatejustice\/jump\/?s={search_term_string}"},"query-input":"required name=search_term_string"}],"inLanguage":"fr-FR"},{"@type":"Person","@id":"http:\/\/www.ecoloj.be\/goforclimatejustice\/jump\/#\/schema\/person\/4842c3bb23e521aef873025749959490","name":"\u00e9colo j","image":{"@type":"ImageObject","inLanguage":"fr-FR","@id":"http:\/\/www.ecoloj.be\/goforclimatejustice\/jump\/#\/schema\/person\/image\/","url":"https:\/\/secure.gravatar.com\/avatar\/964fa9deb84e78535c0f1d09231bd258?s=96&d=mm&r=g","contentUrl":"https:\/\/secure.gravatar.com\/avatar\/964fa9deb84e78535c0f1d09231bd258?s=96&d=mm&r=g","caption":"\u00e9colo j"},"url":"https:\/\/www.ecoloj.be\/goforclimatejustice\/jump\/author\/ecoloj\/"}]}},"_links":{"self":[{"href":"https:\/\/www.ecoloj.be\/goforclimatejustice\/jump\/wp-json\/wp\/v2\/posts\/3961"}],"collection":[{"href":"https:\/\/www.ecoloj.be\/goforclimatejustice\/jump\/wp-json\/wp\/v2\/posts"}],"about":[{"href":"https:\/\/www.ecoloj.be\/goforclimatejustice\/jump\/wp-json\/wp\/v2\/types\/post"}],"author":[{"embeddable":true,"href":"https:\/\/www.ecoloj.be\/goforclimatejustice\/jump\/wp-json\/wp\/v2\/users\/9"}],"replies":[{"embeddable":true,"href":"https:\/\/www.ecoloj.be\/goforclimatejustice\/jump\/wp-json\/wp\/v2\/comments?post=3961"}],"version-history":[{"count":14,"href":"https:\/\/www.ecoloj.be\/goforclimatejustice\/jump\/wp-json\/wp\/v2\/posts\/3961\/revisions"}],"predecessor-version":[{"id":4665,"href":"https:\/\/www.ecoloj.be\/goforclimatejustice\/jump\/wp-json\/wp\/v2\/posts\/3961\/revisions\/4665"}],"wp:featuredmedia":[{"embeddable":true,"href":"https:\/\/www.ecoloj.be\/goforclimatejustice\/jump\/wp-json\/wp\/v2\/media\/3962"}],"wp:attachment":[{"href":"https:\/\/www.ecoloj.be\/goforclimatejustice\/jump\/wp-json\/wp\/v2\/media?parent=3961"}],"wp:term":[{"taxonomy":"category","embeddable":true,"href":"https:\/\/www.ecoloj.be\/goforclimatejustice\/jump\/wp-json\/wp\/v2\/categories?post=3961"},{"taxonomy":"post_tag","embeddable":true,"href":"https:\/\/www.ecoloj.be\/goforclimatejustice\/jump\/wp-json\/wp\/v2\/tags?post=3961"}],"curies":[{"name":"wp","href":"https:\/\/api.w.org\/{rel}","templated":true}]}}