{"id":3990,"date":"2022-04-06T22:24:42","date_gmt":"2022-04-06T21:24:42","guid":{"rendered":"http:\/\/www.ecoloj.be\/goforclimatejustice\/jump\/?p=3990"},"modified":"2022-11-22T16:08:58","modified_gmt":"2022-11-22T15:08:58","slug":"eviter-lavion-faveur-train-facile-moment-cas","status":"publish","type":"post","link":"https:\/\/www.ecoloj.be\/goforclimatejustice\/jump\/eviter-lavion-faveur-train-facile-moment-cas\/","title":{"rendered":"\u00c9viter l&rsquo;avion en faveur du train ? Pas si facile (pour le moment en tout cas)"},"content":{"rendered":"<p style=\"text-align: left;\"><strong>Cet \u00e9t\u00e9, je me suis lanc\u00e9 un d\u00e9fi: <\/strong>Visiter six villes dans trois pays europ\u00e9ens diff\u00e9rents sans recourir \u00e0 l\u2019avion. Serait-il possible de me d\u00e9placer uniquement en train ?\u00a0 <!--more--><\/p>\n<p style=\"text-align: left;\">Les bienfaits du train par rapport \u00e0 l\u2019avion sont nombreux: plus spacieux et confortables; les paysages sont bien plus int\u00e9ressants que des nuages sans fin; la dur\u00e9e des voyages est souvent comparable \u00e0 celle en avion, si l\u2019on consid\u00e8re le temps perdu dans les a\u00e9roports; voyager l\u00e9ger n\u2019est pas une condition, la franchise de bagages \u00e9tant souvent \u00e9quivalente \u00e0 : si vous \u00eates capables de les porter, amenez-les; et finalement c\u2019est bien plus \u00e9cologique, une priorit\u00e9 pour moi.<\/p>\n<p style=\"text-align: left;\">Cependant, le voyage en train porte une contrainte remarquable : le prix du ticket par trajet. Les billets ne sont abordables que s&rsquo;ils sont r\u00e9serv\u00e9s des semaines, voire des mois, \u00e0 l&rsquo;avance. Et cela sans compter les innombrables promotions des compagnies a\u00e9riennes qui semblent tomber du ciel toutes les semaines. Dans ce contexte, comment encourager la mobilit\u00e9 durable alors que l\u2019avion, plus polluant, est plus accessible financi\u00e8rement ?<\/p>\n<p style=\"text-align: left;\">Ne perdez pas espoir, des solutions existent pour r\u00e9\u00e9quilibrer le syst\u00e8me ! Voici trois pistes \u00e0 poursuivre:<\/p>\n<h2 style=\"text-align: left;\"><span style=\"color: #99cc00;\">1. Un secteur a\u00e9rien qui paye le prix plein<\/span><\/h2>\n<p style=\"text-align: left;\">A l\u2019heure actuelle, les compagnies a\u00e9riennes ne paient pas d\u2019imp\u00f4t sur leur consommation de k\u00e9ros\u00e8ne (le fiscal direct. Cependant, l\u2019Union europ\u00e9enne est sur le point d\u2019y rem\u00e9dier, ayant r\u00e9cemment propos\u00e9 la mise en place d\u2019un taux de taxation minimal pour ce carburant tr\u00e8s polluant. C\u2019est maintenant aux \u00c9tats europ\u00e9ens d\u2019approuver \u00e0 l\u2019unanimit\u00e9 cette nouvelle mesure, chose malheureusement plus facilement dite que faite.<\/p>\n<p style=\"text-align: left;\">De m\u00eame, il faudrait en finir avec les subsides pour le secteur a\u00e9rien, tels que ceux accord\u00e9s au fabricant Airbus ou \u00e0 la construction de nouveaux a\u00e9roports, ainsi que le soutien apport\u00e9 par les pouvoirs publics en cas de crises, comme on l\u2019a vu avec la pand\u00e9mie du covid-19. Ces avantages et s\u00fbret\u00e9s ne favorisent nullement une transition vers une mobilit\u00e9 durable et ne font qu\u2019encourager le business-as-usual.<\/p>\n<h2 style=\"text-align: left;\"><span style=\"color: #99cc00;\">2. Un skyscanner pour train<\/span><\/h2>\n<p style=\"text-align: left;\">En Europe, il y a un choix assez limit\u00e9 de trains sur une m\u00eame ligne, puisque chaque pays a effectivement un (quasi-)monopole d\u2019une compagnie sur son r\u00e9seau. Le r\u00e9sultat pour les voyages internationaux de longues distances: un parcours fractur\u00e9 en plusieurs petites \u00e9tapes qui co\u00fbte souvent tr\u00e8s cher.<\/p>\n<p style=\"text-align: left;\">Ceci je m\u2019en suis rendu compte personnellement cet \u00e9t\u00e9. Pour voyager de la capitale polonaise jusqu\u2019\u00e0 Bruxelles, il est impossible d\u2019acheter ses billets sur un seul et m\u00eame site. Il est indispensable non seulement d\u2019augmenter les alternatives ferroviaires, mais \u00e9galement de cr\u00e9er une plateforme permettant de comparer ces diff\u00e9rents trajets et d\u2019acheter des billets de trains en quelques petits clics.<\/p>\n<h2 style=\"text-align: left;\"><span style=\"color: #99cc00;\">3. Une meilleure communication<\/span><\/h2>\n<p style=\"text-align: left;\">Il faudrait redonner la gloire aux voyages par chemin de fer. Le programme europ\u00e9en Discover EU tend \u00e0 offrir un pass interrail gratuit \u00e0 plusieurs milliers de jeunes \u00e2g\u00e9s de 18 ans, permettant ainsi la d\u00e9couverte du continent \u00e0 travers une mobilit\u00e9 plus saine et locale. De telles politiques rendant le train accessible devraient \u00eatre \u00e9tendues davantage vers d\u2019autres types de populations pour v\u00e9ritablement montrer les bienfaits du train.<\/p>\n<p style=\"text-align: left;\">Toutes ces mesures sont \u00e0 prendre \u00e0 l\u2019\u00e9chelle europ\u00e9enne puisque le d\u00e9veloppement de la mobilit\u00e9 durable n\u00e9cessite la coop\u00e9ration internationale. A titre d\u2019exemple, on ne peut qu\u2019applaudir la r\u00e9cente politique fran\u00e7aise visant \u00e0 interdire les vols courts si une alternative par voie ferr\u00e9e existe en moins de deux heures trente. Mais puisqu\u2019elle ne touche que le territoire fran\u00e7ais, cette politique n\u2019a aucun effet sur les nombreux vols transfronti\u00e8res.<\/p>\n<h2 style=\"text-align: left;\"><span style=\"color: #99cc00;\">Et donc, qu\u2019en est-il de mon d\u00e9fi cet \u00e9t\u00e9 ?<\/span><\/h2>\n<p style=\"text-align: left;\">J\u2019ai pu profiter du train pour la majorit\u00e9 de mes trajets. Mais malheureusement, parcourir Bordeaux-Cracovie \u00e9tait difficilement atteignable par le rail et je me suis laiss\u00e9 tenter par l\u2019un de ces vols \u00e0 quelques euros.<\/p>\n<p style=\"text-align: left;\">Tant que le syst\u00e8me ne change pas, ce sera bien difficile d\u2019encourager une vraie mobilit\u00e9 \u00e9cologique.<\/p>\n<p style=\"text-align: left;\">&#8212;<\/p>\n<p style=\"text-align: left;\"><strong>Julien Tate-Smith<\/strong><\/p>\n","protected":false},"excerpt":{"rendered":"<p>Cet \u00e9t\u00e9, je me suis lanc\u00e9 un d\u00e9fi: Visiter six villes dans trois pays europ\u00e9ens diff\u00e9rents sans recourir \u00e0 l\u2019avion. Serait-il possible de me d\u00e9placer uniquement en train ?\u00a0<\/p>\n","protected":false},"author":9,"featured_media":3992,"comment_status":"closed","ping_status":"open","sticky":false,"template":"","format":"image","meta":[],"categories":[116],"tags":[117,89],"acf":[],"yoast_head":"<!-- This site is optimized with the Yoast SEO plugin v20.1 - https:\/\/yoast.com\/wordpress\/plugins\/seo\/ -->\n<title>\u00c9viter l&#039;avion en faveur du train ? Pas si facile (pour le moment en tout cas) - Jump<\/title>\n<meta name=\"robots\" content=\"index, follow, max-snippet:-1, max-image-preview:large, max-video-preview:-1\" \/>\n<link rel=\"canonical\" href=\"https:\/\/www.ecoloj.be\/goforclimatejustice\/jump\/eviter-lavion-faveur-train-facile-moment-cas\/\" \/>\n<meta property=\"og:locale\" content=\"fr_FR\" \/>\n<meta property=\"og:type\" content=\"article\" \/>\n<meta property=\"og:title\" content=\"\u00c9viter l&#039;avion en faveur du train ? Pas si facile (pour le moment en tout cas) - Jump\" \/>\n<meta property=\"og:description\" content=\"Cet \u00e9t\u00e9, je me suis lanc\u00e9 un d\u00e9fi: Visiter six villes dans trois pays europ\u00e9ens diff\u00e9rents sans recourir \u00e0 l\u2019avion. Serait-il possible de me d\u00e9placer uniquement en train ?\u00a0\" \/>\n<meta property=\"og:url\" content=\"https:\/\/www.ecoloj.be\/goforclimatejustice\/jump\/eviter-lavion-faveur-train-facile-moment-cas\/\" \/>\n<meta property=\"og:site_name\" content=\"Jump\" \/>\n<meta property=\"article:publisher\" content=\"https:\/\/www.facebook.com\/ecolojfederal\" \/>\n<meta property=\"article:published_time\" content=\"2022-04-06T21:24:42+00:00\" \/>\n<meta property=\"article:modified_time\" content=\"2022-11-22T15:08:58+00:00\" \/>\n<meta property=\"og:image\" content=\"https:\/\/www.ecoloj.be\/goforclimatejustice\/jump\/wp-content\/uploads\/sites\/3\/2022\/05\/images-jump-articles-6.jpg\" \/>\n\t<meta property=\"og:image:width\" content=\"1200\" \/>\n\t<meta property=\"og:image:height\" content=\"627\" \/>\n\t<meta property=\"og:image:type\" content=\"image\/jpeg\" \/>\n<meta name=\"author\" content=\"\u00e9colo j\" \/>\n<meta name=\"twitter:card\" content=\"summary_large_image\" \/>\n<meta name=\"twitter:creator\" content=\"@ecoloj\" \/>\n<meta name=\"twitter:site\" content=\"@ecoloj\" \/>\n<meta name=\"twitter:label1\" content=\"\u00c9crit par\" \/>\n\t<meta name=\"twitter:data1\" content=\"\u00e9colo j\" \/>\n\t<meta name=\"twitter:label2\" content=\"Dur\u00e9e de lecture estim\u00e9e\" \/>\n\t<meta name=\"twitter:data2\" content=\"4 minutes\" \/>\n<script type=\"application\/ld+json\" class=\"yoast-schema-graph\">{\"@context\":\"https:\/\/schema.org\",\"@graph\":[{\"@type\":\"WebPage\",\"@id\":\"https:\/\/www.ecoloj.be\/goforclimatejustice\/jump\/eviter-lavion-faveur-train-facile-moment-cas\/\",\"url\":\"https:\/\/www.ecoloj.be\/goforclimatejustice\/jump\/eviter-lavion-faveur-train-facile-moment-cas\/\",\"name\":\"\u00c9viter l'avion en faveur du train ? Pas si facile (pour le moment en tout cas) - Jump\",\"isPartOf\":{\"@id\":\"http:\/\/www.ecoloj.be\/goforclimatejustice\/jump\/#website\"},\"datePublished\":\"2022-04-06T21:24:42+00:00\",\"dateModified\":\"2022-11-22T15:08:58+00:00\",\"author\":{\"@id\":\"http:\/\/www.ecoloj.be\/goforclimatejustice\/jump\/#\/schema\/person\/4842c3bb23e521aef873025749959490\"},\"breadcrumb\":{\"@id\":\"https:\/\/www.ecoloj.be\/goforclimatejustice\/jump\/eviter-lavion-faveur-train-facile-moment-cas\/#breadcrumb\"},\"inLanguage\":\"fr-FR\",\"potentialAction\":[{\"@type\":\"ReadAction\",\"target\":[\"https:\/\/www.ecoloj.be\/goforclimatejustice\/jump\/eviter-lavion-faveur-train-facile-moment-cas\/\"]}]},{\"@type\":\"BreadcrumbList\",\"@id\":\"https:\/\/www.ecoloj.be\/goforclimatejustice\/jump\/eviter-lavion-faveur-train-facile-moment-cas\/#breadcrumb\",\"itemListElement\":[{\"@type\":\"ListItem\",\"position\":1,\"name\":\"Accueil\",\"item\":\"https:\/\/www.ecoloj.be\/goforclimatejustice\/jump\/\"},{\"@type\":\"ListItem\",\"position\":2,\"name\":\"\u00c9viter l&rsquo;avion en faveur du train ? Pas si facile (pour le moment en tout cas)\"}]},{\"@type\":\"WebSite\",\"@id\":\"http:\/\/www.ecoloj.be\/goforclimatejustice\/jump\/#website\",\"url\":\"http:\/\/www.ecoloj.be\/goforclimatejustice\/jump\/\",\"name\":\"Jump\",\"description\":\"le magazine d&#039;\u00e9colo j\",\"potentialAction\":[{\"@type\":\"SearchAction\",\"target\":{\"@type\":\"EntryPoint\",\"urlTemplate\":\"http:\/\/www.ecoloj.be\/goforclimatejustice\/jump\/?s={search_term_string}\"},\"query-input\":\"required name=search_term_string\"}],\"inLanguage\":\"fr-FR\"},{\"@type\":\"Person\",\"@id\":\"http:\/\/www.ecoloj.be\/goforclimatejustice\/jump\/#\/schema\/person\/4842c3bb23e521aef873025749959490\",\"name\":\"\u00e9colo j\",\"image\":{\"@type\":\"ImageObject\",\"inLanguage\":\"fr-FR\",\"@id\":\"http:\/\/www.ecoloj.be\/goforclimatejustice\/jump\/#\/schema\/person\/image\/\",\"url\":\"https:\/\/secure.gravatar.com\/avatar\/964fa9deb84e78535c0f1d09231bd258?s=96&d=mm&r=g\",\"contentUrl\":\"https:\/\/secure.gravatar.com\/avatar\/964fa9deb84e78535c0f1d09231bd258?s=96&d=mm&r=g\",\"caption\":\"\u00e9colo j\"},\"url\":\"https:\/\/www.ecoloj.be\/goforclimatejustice\/jump\/author\/ecoloj\/\"}]}<\/script>\n<!-- \/ Yoast SEO plugin. -->","yoast_head_json":{"title":"\u00c9viter l'avion en faveur du train ? Pas si facile (pour le moment en tout cas) - Jump","robots":{"index":"index","follow":"follow","max-snippet":"max-snippet:-1","max-image-preview":"max-image-preview:large","max-video-preview":"max-video-preview:-1"},"canonical":"https:\/\/www.ecoloj.be\/goforclimatejustice\/jump\/eviter-lavion-faveur-train-facile-moment-cas\/","og_locale":"fr_FR","og_type":"article","og_title":"\u00c9viter l'avion en faveur du train ? Pas si facile (pour le moment en tout cas) - Jump","og_description":"Cet \u00e9t\u00e9, je me suis lanc\u00e9 un d\u00e9fi: Visiter six villes dans trois pays europ\u00e9ens diff\u00e9rents sans recourir \u00e0 l\u2019avion. Serait-il possible de me d\u00e9placer uniquement en train ?\u00a0","og_url":"https:\/\/www.ecoloj.be\/goforclimatejustice\/jump\/eviter-lavion-faveur-train-facile-moment-cas\/","og_site_name":"Jump","article_publisher":"https:\/\/www.facebook.com\/ecolojfederal","article_published_time":"2022-04-06T21:24:42+00:00","article_modified_time":"2022-11-22T15:08:58+00:00","og_image":[{"width":1200,"height":627,"url":"https:\/\/www.ecoloj.be\/goforclimatejustice\/jump\/wp-content\/uploads\/sites\/3\/2022\/05\/images-jump-articles-6.jpg","type":"image\/jpeg"}],"author":"\u00e9colo j","twitter_card":"summary_large_image","twitter_creator":"@ecoloj","twitter_site":"@ecoloj","twitter_misc":{"\u00c9crit par":"\u00e9colo j","Dur\u00e9e de lecture estim\u00e9e":"4 minutes"},"schema":{"@context":"https:\/\/schema.org","@graph":[{"@type":"WebPage","@id":"https:\/\/www.ecoloj.be\/goforclimatejustice\/jump\/eviter-lavion-faveur-train-facile-moment-cas\/","url":"https:\/\/www.ecoloj.be\/goforclimatejustice\/jump\/eviter-lavion-faveur-train-facile-moment-cas\/","name":"\u00c9viter l'avion en faveur du train ? Pas si facile (pour le moment en tout cas) - Jump","isPartOf":{"@id":"http:\/\/www.ecoloj.be\/goforclimatejustice\/jump\/#website"},"datePublished":"2022-04-06T21:24:42+00:00","dateModified":"2022-11-22T15:08:58+00:00","author":{"@id":"http:\/\/www.ecoloj.be\/goforclimatejustice\/jump\/#\/schema\/person\/4842c3bb23e521aef873025749959490"},"breadcrumb":{"@id":"https:\/\/www.ecoloj.be\/goforclimatejustice\/jump\/eviter-lavion-faveur-train-facile-moment-cas\/#breadcrumb"},"inLanguage":"fr-FR","potentialAction":[{"@type":"ReadAction","target":["https:\/\/www.ecoloj.be\/goforclimatejustice\/jump\/eviter-lavion-faveur-train-facile-moment-cas\/"]}]},{"@type":"BreadcrumbList","@id":"https:\/\/www.ecoloj.be\/goforclimatejustice\/jump\/eviter-lavion-faveur-train-facile-moment-cas\/#breadcrumb","itemListElement":[{"@type":"ListItem","position":1,"name":"Accueil","item":"https:\/\/www.ecoloj.be\/goforclimatejustice\/jump\/"},{"@type":"ListItem","position":2,"name":"\u00c9viter l&rsquo;avion en faveur du train ? Pas si facile (pour le moment en tout cas)"}]},{"@type":"WebSite","@id":"http:\/\/www.ecoloj.be\/goforclimatejustice\/jump\/#website","url":"http:\/\/www.ecoloj.be\/goforclimatejustice\/jump\/","name":"Jump","description":"le magazine d&#039;\u00e9colo j","potentialAction":[{"@type":"SearchAction","target":{"@type":"EntryPoint","urlTemplate":"http:\/\/www.ecoloj.be\/goforclimatejustice\/jump\/?s={search_term_string}"},"query-input":"required name=search_term_string"}],"inLanguage":"fr-FR"},{"@type":"Person","@id":"http:\/\/www.ecoloj.be\/goforclimatejustice\/jump\/#\/schema\/person\/4842c3bb23e521aef873025749959490","name":"\u00e9colo j","image":{"@type":"ImageObject","inLanguage":"fr-FR","@id":"http:\/\/www.ecoloj.be\/goforclimatejustice\/jump\/#\/schema\/person\/image\/","url":"https:\/\/secure.gravatar.com\/avatar\/964fa9deb84e78535c0f1d09231bd258?s=96&d=mm&r=g","contentUrl":"https:\/\/secure.gravatar.com\/avatar\/964fa9deb84e78535c0f1d09231bd258?s=96&d=mm&r=g","caption":"\u00e9colo j"},"url":"https:\/\/www.ecoloj.be\/goforclimatejustice\/jump\/author\/ecoloj\/"}]}},"_links":{"self":[{"href":"https:\/\/www.ecoloj.be\/goforclimatejustice\/jump\/wp-json\/wp\/v2\/posts\/3990"}],"collection":[{"href":"https:\/\/www.ecoloj.be\/goforclimatejustice\/jump\/wp-json\/wp\/v2\/posts"}],"about":[{"href":"https:\/\/www.ecoloj.be\/goforclimatejustice\/jump\/wp-json\/wp\/v2\/types\/post"}],"author":[{"embeddable":true,"href":"https:\/\/www.ecoloj.be\/goforclimatejustice\/jump\/wp-json\/wp\/v2\/users\/9"}],"replies":[{"embeddable":true,"href":"https:\/\/www.ecoloj.be\/goforclimatejustice\/jump\/wp-json\/wp\/v2\/comments?post=3990"}],"version-history":[{"count":10,"href":"https:\/\/www.ecoloj.be\/goforclimatejustice\/jump\/wp-json\/wp\/v2\/posts\/3990\/revisions"}],"predecessor-version":[{"id":4668,"href":"https:\/\/www.ecoloj.be\/goforclimatejustice\/jump\/wp-json\/wp\/v2\/posts\/3990\/revisions\/4668"}],"wp:featuredmedia":[{"embeddable":true,"href":"https:\/\/www.ecoloj.be\/goforclimatejustice\/jump\/wp-json\/wp\/v2\/media\/3992"}],"wp:attachment":[{"href":"https:\/\/www.ecoloj.be\/goforclimatejustice\/jump\/wp-json\/wp\/v2\/media?parent=3990"}],"wp:term":[{"taxonomy":"category","embeddable":true,"href":"https:\/\/www.ecoloj.be\/goforclimatejustice\/jump\/wp-json\/wp\/v2\/categories?post=3990"},{"taxonomy":"post_tag","embeddable":true,"href":"https:\/\/www.ecoloj.be\/goforclimatejustice\/jump\/wp-json\/wp\/v2\/tags?post=3990"}],"curies":[{"name":"wp","href":"https:\/\/api.w.org\/{rel}","templated":true}]}}