{"id":5592,"date":"2023-04-06T11:25:34","date_gmt":"2023-04-06T10:25:34","guid":{"rendered":"https:\/\/www.ecoloj.be\/goforclimatejustice\/jump\/?p=5592"},"modified":"2023-04-07T11:34:18","modified_gmt":"2023-04-07T10:34:18","slug":"la-banalite-du-validisme","status":"publish","type":"post","link":"https:\/\/www.ecoloj.be\/goforclimatejustice\/jump\/la-banalite-du-validisme\/","title":{"rendered":"La banalit\u00e9 du validisme"},"content":{"rendered":"<p>J&rsquo;ai habit\u00e9 pendant longtemps dans une petite ville avec ma famille.<strong> J&rsquo;ai toujours su que le monde \u00e9tait validiste mais<\/strong>, sous la protection de ma famille et de toute la communaut\u00e9 autour de nous,<strong> j&rsquo;\u00e9tais s\u00fbr que ce validisme ne s&rsquo;appliquait pas \u00e0 moi.<\/strong><\/p>\n<p><!--more--><\/p>\n<h2><span style=\"color: #99cc00;\">Je savais que le monde \u00e9tait validiste mais je me disais que j&rsquo;\u00e9tais plus fort que lui et que \u00e7a ne serait jamais un v\u00e9ritable obstacle pour moi<\/span><\/h2>\n<p>Inconsciemment, je donnais la faute \u00e0 toustes les autres handicap\u00e9.e.s qui, comme moi, avaient essay\u00e9 d&rsquo;avoir une vie normale, mais qui n&rsquo;\u00e9taient pas suffisamment fort.e.s.<\/p>\n<p>Puis, je suis all\u00e9 vivre tout seul, dans un autre pays. Dans ce pays, je n&rsquo;avais pas de famille pour me prot\u00e9ger de la r\u00e9alit\u00e9, j&rsquo;\u00e9tais le seul responsable de mon destin. Moi contre le monde. Un handicap\u00e9 \u00e0 l&rsquo;\u0153uvre pour d\u00e9montrer que le validisme ne s&rsquo;applique pas \u00e0 lui.<\/p>\n<p>Mais la r\u00e9alit\u00e9 for\u00e7a ma confrontation avec le validisme: je ne suis pas diff\u00e9rent des autres, et je ne peux pas \u00e9chapper au validisme pr\u00e9sent dans toutes les zones de la soci\u00e9t\u00e9.<\/p>\n<p>Je savais qu&rsquo;en th\u00e9orie le validisme existait, mais c\u2019est seulement lorsque quand j&rsquo;ai commenc\u00e9 \u00e0 envoyer des CVs, sans jamais \u00eatre rappel\u00e9 pour un entretien, que j&rsquo;ai compris qu&rsquo;il y avait un probl\u00e8me. Un probl\u00e8me qui fut flagrant lors de mon premier entretien, obtenu apr\u00e8s avoir envoy\u00e9 pour la premi\u00e8re fois un CV sans une photo.<\/p>\n<h2><span style=\"color: #99cc00;\">Le validisme sait se cacher sous de nombreuses formes<\/span><\/h2>\n<p>J&rsquo;ai commenc\u00e9 \u00e0 prendre note des actions validistes que je subis en soci\u00e9t\u00e9.<\/p>\n<h2><span style=\"color: #99cc00;\">Je me suis rendu compte qu&rsquo;en tant que victime du validisme, on est doublement victime.<\/span><\/h2>\n<p>Une premi\u00e8re fois car tu souffres \u00e0 cause de l&rsquo;acte en soi.<\/p>\n<p>Et une deuxi\u00e8me fois car &#8211; si tu oses dire quelque chose &#8211; tu souffres du ph\u00e9nom\u00e8ne de \u201cvictim blaming\u201d. Parce qu&rsquo;aux yeux de beaucoup, d\u00e9noncer un acte validiste c\u2019est forc\u00e9ment jouer la victime.<\/p>\n<p>Ind\u00e9pendamment de ce que tu fais, le validisme te trouvera.<\/p>\n<p>Pour aggraver la situation, il y a elleux: les gens avec des handicaps accept\u00e9s par la soci\u00e9t\u00e9. Des personnes avec du validisme int\u00e9rioris\u00e9 qui ne reconnaissent pas leur rare privil\u00e8ge et se sentent en pouvoir de parler au nom de toustes celleux qui ont un handicap.<\/p>\n<p>Accept\u00e9.e.s par la soci\u00e9t\u00e9; non pas pour leurs capacit\u00e9s mais parce qu&rsquo;iels jouent au jeu validiste de la soci\u00e9t\u00e9.<\/p>\n<p>La soci\u00e9t\u00e9 n&rsquo;accepte pas celleux qui osent la contester.<\/p>\n<p>J&rsquo;ai malheureusement appris avec le temps que tous les espaces sont validistes. M\u00eame les groupes les plus inclusifs ont une sous-repr\u00e9sentation des personnes avec des handicaps.<\/p>\n<p>Le fait qu&rsquo;il y ait toujours du validisme doit nous pousser \u00e0 essayer activement d&rsquo;avoir un comportement anti-validiste, pour que nos espaces soient le moins validistes possible.<\/p>\n<p>Car &#8211; m\u00eame si dans la soci\u00e9t\u00e9 moderne il est impossible d&rsquo;avoir des espaces totalement anti-validistes &#8211; il ne faut jamais cesser d\u2019y travailler pour contrer le ph\u00e9nom\u00e8ne du mieux possible.<\/p>\n<p>___<\/p>\n<p><strong>Jo\u00e3o Pedro Antonucci Rezende<\/strong><\/p>\n<p>___<\/p>\n<p><em><strong>Validisme<\/strong> = Syst\u00e8me faisant des personnes valides la norme sociale. <\/em><em>Par extension : Discrimination envers les personnes en situation de handicap.<\/em><\/p>\n<p><em><strong>Victim blaming<\/strong> = Fait de bl\u00e2mer la victime.<\/em><\/p>\n","protected":false},"excerpt":{"rendered":"<p>J&rsquo;ai habit\u00e9 pendant longtemps dans une petite ville avec ma famille. J&rsquo;ai toujours su que le monde \u00e9tait validiste mais, sous la protection de ma famille et de toute la [&hellip;]<\/p>\n","protected":false},"author":9,"featured_media":5593,"comment_status":"closed","ping_status":"open","sticky":false,"template":"","format":"image","meta":[],"categories":[149],"tags":[150],"acf":[],"yoast_head":"<!-- This site is optimized with the Yoast SEO plugin v20.1 - https:\/\/yoast.com\/wordpress\/plugins\/seo\/ -->\n<title>La banalit\u00e9 du validisme - Jump<\/title>\n<meta name=\"description\" content=\"J&#039;ai habit\u00e9 pendant longtemps dans une petite ville avec ma famille. J&#039;ai toujours su que le monde \u00e9tait validiste mais, sous la protection de ma famille et de toute la communaut\u00e9 autour de nous, j&#039;\u00e9tais s\u00fbr que ce validisme ne s&#039;appliquait pas \u00e0 moi.\" \/>\n<meta name=\"robots\" content=\"index, follow, max-snippet:-1, max-image-preview:large, max-video-preview:-1\" \/>\n<link rel=\"canonical\" href=\"https:\/\/www.ecoloj.be\/goforclimatejustice\/jump\/la-banalite-du-validisme\/\" \/>\n<meta property=\"og:locale\" content=\"fr_FR\" \/>\n<meta property=\"og:type\" content=\"article\" \/>\n<meta property=\"og:title\" content=\"La banalit\u00e9 du validisme\" \/>\n<meta property=\"og:description\" content=\"J&#039;ai habit\u00e9 pendant longtemps dans une petite ville avec ma famille. J&#039;ai toujours su que le monde \u00e9tait validiste mais, sous la protection de ma famille et de toute la communaut\u00e9 autour de nous, j&#039;\u00e9tais s\u00fbr que ce validisme ne s&#039;appliquait pas \u00e0 moi.\" \/>\n<meta property=\"og:url\" content=\"https:\/\/www.ecoloj.be\/goforclimatejustice\/jump\/la-banalite-du-validisme\/\" \/>\n<meta property=\"og:site_name\" content=\"Jump\" \/>\n<meta property=\"article:publisher\" content=\"https:\/\/www.facebook.com\/ecolojfederal\" \/>\n<meta property=\"article:published_time\" content=\"2023-04-06T10:25:34+00:00\" \/>\n<meta property=\"article:modified_time\" content=\"2023-04-07T10:34:18+00:00\" \/>\n<meta property=\"og:image\" content=\"https:\/\/www.ecoloj.be\/goforclimatejustice\/jump\/wp-content\/uploads\/sites\/3\/2023\/04\/validisme.png\" \/>\n\t<meta property=\"og:image:width\" content=\"1200\" \/>\n\t<meta property=\"og:image:height\" content=\"627\" \/>\n\t<meta property=\"og:image:type\" content=\"image\/png\" \/>\n<meta name=\"author\" content=\"\u00e9colo j\" \/>\n<meta name=\"twitter:card\" content=\"summary_large_image\" \/>\n<meta name=\"twitter:title\" content=\"La banalit\u00e9 du validisme\" \/>\n<meta name=\"twitter:description\" content=\"J&#039;ai habit\u00e9 pendant longtemps dans une petite ville avec ma famille. J&#039;ai toujours su que le monde \u00e9tait validiste mais, sous la protection de ma famille et de toute la communaut\u00e9 autour de nous, j&#039;\u00e9tais s\u00fbr que ce validisme ne s&#039;appliquait pas \u00e0 moi.\" \/>\n<meta name=\"twitter:image\" content=\"https:\/\/www.ecoloj.be\/goforclimatejustice\/jump\/wp-content\/uploads\/sites\/3\/2023\/04\/validisme.png\" \/>\n<meta name=\"twitter:creator\" content=\"@ecoloj\" \/>\n<meta name=\"twitter:site\" content=\"@ecoloj\" \/>\n<meta name=\"twitter:label1\" content=\"\u00c9crit par\" \/>\n\t<meta name=\"twitter:data1\" content=\"\u00e9colo j\" \/>\n\t<meta name=\"twitter:label2\" content=\"Dur\u00e9e de lecture estim\u00e9e\" \/>\n\t<meta name=\"twitter:data2\" content=\"3 minutes\" \/>\n<script type=\"application\/ld+json\" class=\"yoast-schema-graph\">{\"@context\":\"https:\/\/schema.org\",\"@graph\":[{\"@type\":\"WebPage\",\"@id\":\"https:\/\/www.ecoloj.be\/goforclimatejustice\/jump\/la-banalite-du-validisme\/\",\"url\":\"https:\/\/www.ecoloj.be\/goforclimatejustice\/jump\/la-banalite-du-validisme\/\",\"name\":\"La banalit\u00e9 du validisme - Jump\",\"isPartOf\":{\"@id\":\"http:\/\/www.ecoloj.be\/goforclimatejustice\/jump\/#website\"},\"datePublished\":\"2023-04-06T10:25:34+00:00\",\"dateModified\":\"2023-04-07T10:34:18+00:00\",\"author\":{\"@id\":\"http:\/\/www.ecoloj.be\/goforclimatejustice\/jump\/#\/schema\/person\/4842c3bb23e521aef873025749959490\"},\"description\":\"J'ai habit\u00e9 pendant longtemps dans une petite ville avec ma famille. J'ai toujours su que le monde \u00e9tait validiste mais, sous la protection de ma famille et de toute la communaut\u00e9 autour de nous, j'\u00e9tais s\u00fbr que ce validisme ne s'appliquait pas \u00e0 moi.\",\"breadcrumb\":{\"@id\":\"https:\/\/www.ecoloj.be\/goforclimatejustice\/jump\/la-banalite-du-validisme\/#breadcrumb\"},\"inLanguage\":\"fr-FR\",\"potentialAction\":[{\"@type\":\"ReadAction\",\"target\":[\"https:\/\/www.ecoloj.be\/goforclimatejustice\/jump\/la-banalite-du-validisme\/\"]}]},{\"@type\":\"BreadcrumbList\",\"@id\":\"https:\/\/www.ecoloj.be\/goforclimatejustice\/jump\/la-banalite-du-validisme\/#breadcrumb\",\"itemListElement\":[{\"@type\":\"ListItem\",\"position\":1,\"name\":\"Accueil\",\"item\":\"https:\/\/www.ecoloj.be\/goforclimatejustice\/jump\/\"},{\"@type\":\"ListItem\",\"position\":2,\"name\":\"La banalit\u00e9 du validisme\"}]},{\"@type\":\"WebSite\",\"@id\":\"http:\/\/www.ecoloj.be\/goforclimatejustice\/jump\/#website\",\"url\":\"http:\/\/www.ecoloj.be\/goforclimatejustice\/jump\/\",\"name\":\"Jump\",\"description\":\"le magazine d&#039;\u00e9colo j\",\"potentialAction\":[{\"@type\":\"SearchAction\",\"target\":{\"@type\":\"EntryPoint\",\"urlTemplate\":\"http:\/\/www.ecoloj.be\/goforclimatejustice\/jump\/?s={search_term_string}\"},\"query-input\":\"required name=search_term_string\"}],\"inLanguage\":\"fr-FR\"},{\"@type\":\"Person\",\"@id\":\"http:\/\/www.ecoloj.be\/goforclimatejustice\/jump\/#\/schema\/person\/4842c3bb23e521aef873025749959490\",\"name\":\"\u00e9colo j\",\"image\":{\"@type\":\"ImageObject\",\"inLanguage\":\"fr-FR\",\"@id\":\"http:\/\/www.ecoloj.be\/goforclimatejustice\/jump\/#\/schema\/person\/image\/\",\"url\":\"https:\/\/secure.gravatar.com\/avatar\/964fa9deb84e78535c0f1d09231bd258?s=96&d=mm&r=g\",\"contentUrl\":\"https:\/\/secure.gravatar.com\/avatar\/964fa9deb84e78535c0f1d09231bd258?s=96&d=mm&r=g\",\"caption\":\"\u00e9colo j\"},\"url\":\"https:\/\/www.ecoloj.be\/goforclimatejustice\/jump\/author\/ecoloj\/\"}]}<\/script>\n<!-- \/ Yoast SEO plugin. -->","yoast_head_json":{"title":"La banalit\u00e9 du validisme - Jump","description":"J'ai habit\u00e9 pendant longtemps dans une petite ville avec ma famille. J'ai toujours su que le monde \u00e9tait validiste mais, sous la protection de ma famille et de toute la communaut\u00e9 autour de nous, j'\u00e9tais s\u00fbr que ce validisme ne s'appliquait pas \u00e0 moi.","robots":{"index":"index","follow":"follow","max-snippet":"max-snippet:-1","max-image-preview":"max-image-preview:large","max-video-preview":"max-video-preview:-1"},"canonical":"https:\/\/www.ecoloj.be\/goforclimatejustice\/jump\/la-banalite-du-validisme\/","og_locale":"fr_FR","og_type":"article","og_title":"La banalit\u00e9 du validisme","og_description":"J'ai habit\u00e9 pendant longtemps dans une petite ville avec ma famille. J'ai toujours su que le monde \u00e9tait validiste mais, sous la protection de ma famille et de toute la communaut\u00e9 autour de nous, j'\u00e9tais s\u00fbr que ce validisme ne s'appliquait pas \u00e0 moi.","og_url":"https:\/\/www.ecoloj.be\/goforclimatejustice\/jump\/la-banalite-du-validisme\/","og_site_name":"Jump","article_publisher":"https:\/\/www.facebook.com\/ecolojfederal","article_published_time":"2023-04-06T10:25:34+00:00","article_modified_time":"2023-04-07T10:34:18+00:00","og_image":[{"width":1200,"height":627,"url":"https:\/\/www.ecoloj.be\/goforclimatejustice\/jump\/wp-content\/uploads\/sites\/3\/2023\/04\/validisme.png","type":"image\/png"}],"author":"\u00e9colo j","twitter_card":"summary_large_image","twitter_title":"La banalit\u00e9 du validisme","twitter_description":"J'ai habit\u00e9 pendant longtemps dans une petite ville avec ma famille. J'ai toujours su que le monde \u00e9tait validiste mais, sous la protection de ma famille et de toute la communaut\u00e9 autour de nous, j'\u00e9tais s\u00fbr que ce validisme ne s'appliquait pas \u00e0 moi.","twitter_image":"https:\/\/www.ecoloj.be\/goforclimatejustice\/jump\/wp-content\/uploads\/sites\/3\/2023\/04\/validisme.png","twitter_creator":"@ecoloj","twitter_site":"@ecoloj","twitter_misc":{"\u00c9crit par":"\u00e9colo j","Dur\u00e9e de lecture estim\u00e9e":"3 minutes"},"schema":{"@context":"https:\/\/schema.org","@graph":[{"@type":"WebPage","@id":"https:\/\/www.ecoloj.be\/goforclimatejustice\/jump\/la-banalite-du-validisme\/","url":"https:\/\/www.ecoloj.be\/goforclimatejustice\/jump\/la-banalite-du-validisme\/","name":"La banalit\u00e9 du validisme - Jump","isPartOf":{"@id":"http:\/\/www.ecoloj.be\/goforclimatejustice\/jump\/#website"},"datePublished":"2023-04-06T10:25:34+00:00","dateModified":"2023-04-07T10:34:18+00:00","author":{"@id":"http:\/\/www.ecoloj.be\/goforclimatejustice\/jump\/#\/schema\/person\/4842c3bb23e521aef873025749959490"},"description":"J'ai habit\u00e9 pendant longtemps dans une petite ville avec ma famille. J'ai toujours su que le monde \u00e9tait validiste mais, sous la protection de ma famille et de toute la communaut\u00e9 autour de nous, j'\u00e9tais s\u00fbr que ce validisme ne s'appliquait pas \u00e0 moi.","breadcrumb":{"@id":"https:\/\/www.ecoloj.be\/goforclimatejustice\/jump\/la-banalite-du-validisme\/#breadcrumb"},"inLanguage":"fr-FR","potentialAction":[{"@type":"ReadAction","target":["https:\/\/www.ecoloj.be\/goforclimatejustice\/jump\/la-banalite-du-validisme\/"]}]},{"@type":"BreadcrumbList","@id":"https:\/\/www.ecoloj.be\/goforclimatejustice\/jump\/la-banalite-du-validisme\/#breadcrumb","itemListElement":[{"@type":"ListItem","position":1,"name":"Accueil","item":"https:\/\/www.ecoloj.be\/goforclimatejustice\/jump\/"},{"@type":"ListItem","position":2,"name":"La banalit\u00e9 du validisme"}]},{"@type":"WebSite","@id":"http:\/\/www.ecoloj.be\/goforclimatejustice\/jump\/#website","url":"http:\/\/www.ecoloj.be\/goforclimatejustice\/jump\/","name":"Jump","description":"le magazine d&#039;\u00e9colo j","potentialAction":[{"@type":"SearchAction","target":{"@type":"EntryPoint","urlTemplate":"http:\/\/www.ecoloj.be\/goforclimatejustice\/jump\/?s={search_term_string}"},"query-input":"required name=search_term_string"}],"inLanguage":"fr-FR"},{"@type":"Person","@id":"http:\/\/www.ecoloj.be\/goforclimatejustice\/jump\/#\/schema\/person\/4842c3bb23e521aef873025749959490","name":"\u00e9colo j","image":{"@type":"ImageObject","inLanguage":"fr-FR","@id":"http:\/\/www.ecoloj.be\/goforclimatejustice\/jump\/#\/schema\/person\/image\/","url":"https:\/\/secure.gravatar.com\/avatar\/964fa9deb84e78535c0f1d09231bd258?s=96&d=mm&r=g","contentUrl":"https:\/\/secure.gravatar.com\/avatar\/964fa9deb84e78535c0f1d09231bd258?s=96&d=mm&r=g","caption":"\u00e9colo j"},"url":"https:\/\/www.ecoloj.be\/goforclimatejustice\/jump\/author\/ecoloj\/"}]}},"_links":{"self":[{"href":"https:\/\/www.ecoloj.be\/goforclimatejustice\/jump\/wp-json\/wp\/v2\/posts\/5592"}],"collection":[{"href":"https:\/\/www.ecoloj.be\/goforclimatejustice\/jump\/wp-json\/wp\/v2\/posts"}],"about":[{"href":"https:\/\/www.ecoloj.be\/goforclimatejustice\/jump\/wp-json\/wp\/v2\/types\/post"}],"author":[{"embeddable":true,"href":"https:\/\/www.ecoloj.be\/goforclimatejustice\/jump\/wp-json\/wp\/v2\/users\/9"}],"replies":[{"embeddable":true,"href":"https:\/\/www.ecoloj.be\/goforclimatejustice\/jump\/wp-json\/wp\/v2\/comments?post=5592"}],"version-history":[{"count":4,"href":"https:\/\/www.ecoloj.be\/goforclimatejustice\/jump\/wp-json\/wp\/v2\/posts\/5592\/revisions"}],"predecessor-version":[{"id":5599,"href":"https:\/\/www.ecoloj.be\/goforclimatejustice\/jump\/wp-json\/wp\/v2\/posts\/5592\/revisions\/5599"}],"wp:featuredmedia":[{"embeddable":true,"href":"https:\/\/www.ecoloj.be\/goforclimatejustice\/jump\/wp-json\/wp\/v2\/media\/5593"}],"wp:attachment":[{"href":"https:\/\/www.ecoloj.be\/goforclimatejustice\/jump\/wp-json\/wp\/v2\/media?parent=5592"}],"wp:term":[{"taxonomy":"category","embeddable":true,"href":"https:\/\/www.ecoloj.be\/goforclimatejustice\/jump\/wp-json\/wp\/v2\/categories?post=5592"},{"taxonomy":"post_tag","embeddable":true,"href":"https:\/\/www.ecoloj.be\/goforclimatejustice\/jump\/wp-json\/wp\/v2\/tags?post=5592"}],"curies":[{"name":"wp","href":"https:\/\/api.w.org\/{rel}","templated":true}]}}