{"id":5703,"date":"2025-05-02T10:56:49","date_gmt":"2025-05-02T09:56:49","guid":{"rendered":"https:\/\/www.ecoloj.be\/goforclimatejustice\/jump\/?p=5703"},"modified":"2025-07-22T16:20:29","modified_gmt":"2025-07-22T15:20:29","slug":"immigration-a-decouvrir-lire-voir","status":"publish","type":"post","link":"https:\/\/www.ecoloj.be\/goforclimatejustice\/jump\/immigration-a-decouvrir-lire-voir\/","title":{"rendered":"Immigration : \u00c0 d\u00e9couvrir, lire, voir&#8230;"},"content":{"rendered":"<h2><span style=\"color: #99cc00;\">\u00c0 lire :<\/span><\/h2>\n<p><img decoding=\"async\" loading=\"lazy\" class=\"alignleft\" src=\"https:\/\/static.fnac-static.com\/multimedia\/PE\/Images\/FR\/NR\/ef\/6c\/7c\/8154351\/1507-1\/tsp20240118120603\/Si-la-lune-eclaire-nos-pas.jpg\" alt=\"Si la lune \u00e9claire nos pas\" width=\"193\" height=\"290\" \/><\/p>\n<p><strong>\u00ab\u00a0Si la lune \u00e9claire nos pas\u00a0\u00bb<\/strong> de Nadia Hashimi<\/p>\n<p>Alors que Kaboul est aux mains des talibans, Fereiba et ses trois enfants se voient oblig\u00e9s de fuir l\u2019Afghanistan. Ils prennent ensemble la route pour Londres avec le peu d\u2019argent que Fereiba a pu mettre de c\u00f4t\u00e9. Commence alors un p\u00e9riple aussi interminable que d\u00e9chirant. Bien que ce roman ait \u00e9t\u00e9 \u00e9crit en 2016, il semble plus d\u2019actualit\u00e9 que jamais. Il nous rappelle, avec duret\u00e9 parfois, les \u00e9preuves travers\u00e9es par des millions de gens pour une vie meilleure dans un pays o\u00f9 iels ne sont pas les bienvenu\u00b7es. Malgr\u00e9 tout, il offre aussi un message d\u2019espoir en l\u2019humanit\u00e9.<\/p>\n<div>\n<div>\n<div>\n<p>&#8211; Lecture conseill\u00e9e par Karelle Marneffe membre d&rsquo;\u00e9colo j<\/p>\n<\/div>\n<\/div>\n<\/div>\n<p>&nbsp;<\/p>\n<p><!--more--><\/p>\n<p>&nbsp;<\/p>\n<p><img decoding=\"async\" loading=\"lazy\" class=\"alignleft\" src=\"https:\/\/img.livraddict.com\/covers\/243\/243744\/\/couv67757068.jpg\" alt=\"Petit pays | Livraddict\" width=\"192\" height=\"312\" \/><\/p>\n<p><strong>\u00ab\u00a0Petit pays\u00a0\u00bb<\/strong> de Ga\u00ebl Faye<\/p>\n<p>Dans ce roman inspir\u00e9 de sa vie, Ga\u00ebl Faye nous raconte l\u2019histoire de Gaby, un jeune gar\u00e7on vivant au Burundi au d\u00e9but des ann\u00e9es 90. Gaby semble vivre une vie paisible avec ses amis \u00e0 Bujumbara. [&#8230;] Mais quand le g\u00e9nocide frappe sa famille, Gaby ne peut plus fermer les yeux. Un r\u00e9cit bouleversant sur le g\u00e9nocide rwandais et l\u2019innocence d\u2019un enfant qui dispara\u00eet peu \u00e0 peu jusqu\u2019\u00e0 se retrouver forc\u00e9 \u00e0 fuir son pays et sa famille. TW : Ce livre relate (parfois en d\u00e9tails) des faits violents ayant eu lieu pendant le g\u00e9nocide des Tutsis.<\/p>\n<p>&#8211; Lecture conseill\u00e9e par Karelle Marneffe membre d&rsquo;\u00e9colo j<\/p>\n<p>&nbsp;<\/p>\n<p>&nbsp;<\/p>\n<p>&nbsp;<\/p>\n<p>&nbsp;<\/p>\n<h2><\/h2>\n<h2><span style=\"color: #99cc00;\">\u00c0 voir :\u00a0<\/span><\/h2>\n<p><strong>Lhistoire de Souleymane\u00a0\u00bb<\/strong> de Boris Lojkine<\/p>\n<p><strong><img decoding=\"async\" loading=\"lazy\" class=\"alignleft\" src=\"https:\/\/fr.web.img6.acsta.net\/img\/31\/e8\/31e8fa05a5d035cbc0d2dd3f88d78c6b.jpg\" alt=\"L'Histoire de Souleymane - Film 2024 - AlloCin\u00e9\" width=\"193\" height=\"257\" \/><\/strong><\/p>\n<p>&nbsp;<\/p>\n<p>&nbsp;<\/p>\n<p>&nbsp;<\/p>\n<p>&nbsp;<\/p>\n<p>&nbsp;<\/p>\n<p>&nbsp;<\/p>\n<p>&nbsp;<\/p>\n<p>&nbsp;<\/p>\n<p><strong>\u00ab\u00a0Cash investigation &#8211; \u00c0 qui profite l&rsquo;immigration ?\u00a0\u00bb<\/strong> disponible gratuitement<span style=\"color: #0000ff;\"> <a style=\"color: #0000ff;\" href=\"https:\/\/www.youtube.com\/watch?v=7VTgoaByg7o\">sur YouTube<\/a><\/span> ou sur le <span style=\"color: #0000ff;\"><a style=\"color: #0000ff;\" href=\"https:\/\/www.francetvinfo.fr\/replay-magazine\/france-2\/cash-investigation\/cash-investigation-a-qui-profite-l-immigration_6858779.html\">site de France Info<\/a><\/span><\/p>\n<p><iframe loading=\"lazy\" title=\"Replay \u00c0 qui profite l\u2019immigration ? - Cash investigation\" width=\"980\" height=\"551\" src=\"https:\/\/www.youtube.com\/embed\/7VTgoaByg7o?feature=oembed\" frameborder=\"0\" allow=\"accelerometer; autoplay; clipboard-write; encrypted-media; gyroscope; picture-in-picture; web-share\" referrerpolicy=\"strict-origin-when-cross-origin\" allowfullscreen><\/iframe><\/p>\n<p>&nbsp;<\/p>\n<h2><span style=\"color: #99cc00;\">\u00c0 \u00e9couter :\u00a0<\/span><\/h2>\n<p><img decoding=\"async\" loading=\"lazy\" class=\"alignleft\" src=\"https:\/\/www.radiola.be\/wp-content\/uploads\/2021\/04\/4096-4084-max-700x698.jpg\" width=\"180\" height=\"179\" \/><\/p>\n<p><strong>\u00ab\u00a0\u00c0 leurs coprs d\u00e9pendants\u00a0\u00bb<\/strong>, un documentaire sonore (podcast) r\u00e9alis\u00e9 par Ana\u00efs Carton &amp; Pauline Fonsny<\/p>\n<p>Comme un appel \u00e0 la libert\u00e9, ce documentaire met en lumi\u00e8re la r\u00e9alit\u00e9 meurtri\u00e8re des centres ferm\u00e9s et la n\u00e9cessit\u00e9 d\u2019y mettre un terme. <span class=\"OYPEnA font-feature-liga-off font-feature-clig-off font-feature-calt-off text-decoration-none text-strikethrough-none\">Souhail, Rabia et Mado racontent la violence des politiques migratoires belges. L\u2019un, depuis l\u2019int\u00e9rieur du centre ferm\u00e9, \u00e9voque les violences physiques et psychologiques. L\u2019autre, depuis l\u2019ext\u00e9rieur, relate l\u2019angoisse du risque quotidien de l\u2019arrestation. Et la derni\u00e8re, suite \u00e0 sa \u00ab lib\u00e9ration \u00bb, raconte la peur, la col\u00e8re et l\u2019espoir.<\/span><\/p>\n<p>&nbsp;<\/p>\n<p>&nbsp;<\/p>\n","protected":false},"excerpt":{"rendered":"<p>\u00c0 lire : \u00ab\u00a0Si la lune \u00e9claire nos pas\u00a0\u00bb de Nadia Hashimi Alors que Kaboul est aux mains des talibans, Fereiba et ses trois enfants se voient oblig\u00e9s de fuir [&hellip;]<\/p>\n","protected":false},"author":9,"featured_media":0,"comment_status":"closed","ping_status":"open","sticky":false,"template":"","format":"gallery","meta":[],"categories":[11,152],"tags":[151],"acf":[],"yoast_head":"<!-- This site is optimized with the Yoast SEO plugin v20.1 - https:\/\/yoast.com\/wordpress\/plugins\/seo\/ -->\n<title>Immigration : \u00c0 d\u00e9couvrir, lire, voir... - Jump<\/title>\n<meta name=\"robots\" content=\"index, follow, max-snippet:-1, max-image-preview:large, max-video-preview:-1\" \/>\n<link rel=\"canonical\" href=\"https:\/\/www.ecoloj.be\/goforclimatejustice\/jump\/immigration-a-decouvrir-lire-voir\/\" \/>\n<meta property=\"og:locale\" content=\"fr_FR\" \/>\n<meta property=\"og:type\" content=\"article\" \/>\n<meta property=\"og:title\" content=\"Immigration : \u00c0 d\u00e9couvrir, lire, voir... - Jump\" \/>\n<meta property=\"og:description\" content=\"\u00c0 lire : \u00ab\u00a0Si la lune \u00e9claire nos pas\u00a0\u00bb de Nadia Hashimi Alors que Kaboul est aux mains des talibans, Fereiba et ses trois enfants se voient oblig\u00e9s de fuir [&hellip;]\" \/>\n<meta property=\"og:url\" content=\"https:\/\/www.ecoloj.be\/goforclimatejustice\/jump\/immigration-a-decouvrir-lire-voir\/\" \/>\n<meta property=\"og:site_name\" content=\"Jump\" \/>\n<meta property=\"article:publisher\" content=\"https:\/\/www.facebook.com\/ecolojfederal\" \/>\n<meta property=\"article:published_time\" content=\"2025-05-02T09:56:49+00:00\" \/>\n<meta property=\"article:modified_time\" content=\"2025-07-22T15:20:29+00:00\" \/>\n<meta property=\"og:image\" content=\"https:\/\/static.fnac-static.com\/multimedia\/PE\/Images\/FR\/NR\/ef\/6c\/7c\/8154351\/1507-1\/tsp20240118120603\/Si-la-lune-eclaire-nos-pas.jpg\" \/>\n<meta name=\"author\" content=\"\u00e9colo j\" \/>\n<meta name=\"twitter:card\" content=\"summary_large_image\" \/>\n<meta name=\"twitter:creator\" content=\"@ecoloj\" \/>\n<meta name=\"twitter:site\" content=\"@ecoloj\" \/>\n<meta name=\"twitter:label1\" content=\"\u00c9crit par\" \/>\n\t<meta name=\"twitter:data1\" content=\"\u00e9colo j\" \/>\n\t<meta name=\"twitter:label2\" content=\"Dur\u00e9e de lecture estim\u00e9e\" \/>\n\t<meta name=\"twitter:data2\" content=\"3 minutes\" \/>\n<script type=\"application\/ld+json\" class=\"yoast-schema-graph\">{\"@context\":\"https:\/\/schema.org\",\"@graph\":[{\"@type\":\"WebPage\",\"@id\":\"https:\/\/www.ecoloj.be\/goforclimatejustice\/jump\/immigration-a-decouvrir-lire-voir\/\",\"url\":\"https:\/\/www.ecoloj.be\/goforclimatejustice\/jump\/immigration-a-decouvrir-lire-voir\/\",\"name\":\"Immigration : \u00c0 d\u00e9couvrir, lire, voir... - Jump\",\"isPartOf\":{\"@id\":\"http:\/\/www.ecoloj.be\/goforclimatejustice\/jump\/#website\"},\"datePublished\":\"2025-05-02T09:56:49+00:00\",\"dateModified\":\"2025-07-22T15:20:29+00:00\",\"author\":{\"@id\":\"http:\/\/www.ecoloj.be\/goforclimatejustice\/jump\/#\/schema\/person\/4842c3bb23e521aef873025749959490\"},\"breadcrumb\":{\"@id\":\"https:\/\/www.ecoloj.be\/goforclimatejustice\/jump\/immigration-a-decouvrir-lire-voir\/#breadcrumb\"},\"inLanguage\":\"fr-FR\",\"potentialAction\":[{\"@type\":\"ReadAction\",\"target\":[\"https:\/\/www.ecoloj.be\/goforclimatejustice\/jump\/immigration-a-decouvrir-lire-voir\/\"]}]},{\"@type\":\"BreadcrumbList\",\"@id\":\"https:\/\/www.ecoloj.be\/goforclimatejustice\/jump\/immigration-a-decouvrir-lire-voir\/#breadcrumb\",\"itemListElement\":[{\"@type\":\"ListItem\",\"position\":1,\"name\":\"Accueil\",\"item\":\"https:\/\/www.ecoloj.be\/goforclimatejustice\/jump\/\"},{\"@type\":\"ListItem\",\"position\":2,\"name\":\"Immigration : \u00c0 d\u00e9couvrir, lire, voir&#8230;\"}]},{\"@type\":\"WebSite\",\"@id\":\"http:\/\/www.ecoloj.be\/goforclimatejustice\/jump\/#website\",\"url\":\"http:\/\/www.ecoloj.be\/goforclimatejustice\/jump\/\",\"name\":\"Jump\",\"description\":\"le magazine d&#039;\u00e9colo j\",\"potentialAction\":[{\"@type\":\"SearchAction\",\"target\":{\"@type\":\"EntryPoint\",\"urlTemplate\":\"http:\/\/www.ecoloj.be\/goforclimatejustice\/jump\/?s={search_term_string}\"},\"query-input\":\"required name=search_term_string\"}],\"inLanguage\":\"fr-FR\"},{\"@type\":\"Person\",\"@id\":\"http:\/\/www.ecoloj.be\/goforclimatejustice\/jump\/#\/schema\/person\/4842c3bb23e521aef873025749959490\",\"name\":\"\u00e9colo j\",\"image\":{\"@type\":\"ImageObject\",\"inLanguage\":\"fr-FR\",\"@id\":\"http:\/\/www.ecoloj.be\/goforclimatejustice\/jump\/#\/schema\/person\/image\/\",\"url\":\"https:\/\/secure.gravatar.com\/avatar\/964fa9deb84e78535c0f1d09231bd258?s=96&d=mm&r=g\",\"contentUrl\":\"https:\/\/secure.gravatar.com\/avatar\/964fa9deb84e78535c0f1d09231bd258?s=96&d=mm&r=g\",\"caption\":\"\u00e9colo j\"},\"url\":\"https:\/\/www.ecoloj.be\/goforclimatejustice\/jump\/author\/ecoloj\/\"}]}<\/script>\n<!-- \/ Yoast SEO plugin. -->","yoast_head_json":{"title":"Immigration : \u00c0 d\u00e9couvrir, lire, voir... - Jump","robots":{"index":"index","follow":"follow","max-snippet":"max-snippet:-1","max-image-preview":"max-image-preview:large","max-video-preview":"max-video-preview:-1"},"canonical":"https:\/\/www.ecoloj.be\/goforclimatejustice\/jump\/immigration-a-decouvrir-lire-voir\/","og_locale":"fr_FR","og_type":"article","og_title":"Immigration : \u00c0 d\u00e9couvrir, lire, voir... - Jump","og_description":"\u00c0 lire : \u00ab\u00a0Si la lune \u00e9claire nos pas\u00a0\u00bb de Nadia Hashimi Alors que Kaboul est aux mains des talibans, Fereiba et ses trois enfants se voient oblig\u00e9s de fuir [&hellip;]","og_url":"https:\/\/www.ecoloj.be\/goforclimatejustice\/jump\/immigration-a-decouvrir-lire-voir\/","og_site_name":"Jump","article_publisher":"https:\/\/www.facebook.com\/ecolojfederal","article_published_time":"2025-05-02T09:56:49+00:00","article_modified_time":"2025-07-22T15:20:29+00:00","og_image":[{"url":"https:\/\/static.fnac-static.com\/multimedia\/PE\/Images\/FR\/NR\/ef\/6c\/7c\/8154351\/1507-1\/tsp20240118120603\/Si-la-lune-eclaire-nos-pas.jpg"}],"author":"\u00e9colo j","twitter_card":"summary_large_image","twitter_creator":"@ecoloj","twitter_site":"@ecoloj","twitter_misc":{"\u00c9crit par":"\u00e9colo j","Dur\u00e9e de lecture estim\u00e9e":"3 minutes"},"schema":{"@context":"https:\/\/schema.org","@graph":[{"@type":"WebPage","@id":"https:\/\/www.ecoloj.be\/goforclimatejustice\/jump\/immigration-a-decouvrir-lire-voir\/","url":"https:\/\/www.ecoloj.be\/goforclimatejustice\/jump\/immigration-a-decouvrir-lire-voir\/","name":"Immigration : \u00c0 d\u00e9couvrir, lire, voir... - Jump","isPartOf":{"@id":"http:\/\/www.ecoloj.be\/goforclimatejustice\/jump\/#website"},"datePublished":"2025-05-02T09:56:49+00:00","dateModified":"2025-07-22T15:20:29+00:00","author":{"@id":"http:\/\/www.ecoloj.be\/goforclimatejustice\/jump\/#\/schema\/person\/4842c3bb23e521aef873025749959490"},"breadcrumb":{"@id":"https:\/\/www.ecoloj.be\/goforclimatejustice\/jump\/immigration-a-decouvrir-lire-voir\/#breadcrumb"},"inLanguage":"fr-FR","potentialAction":[{"@type":"ReadAction","target":["https:\/\/www.ecoloj.be\/goforclimatejustice\/jump\/immigration-a-decouvrir-lire-voir\/"]}]},{"@type":"BreadcrumbList","@id":"https:\/\/www.ecoloj.be\/goforclimatejustice\/jump\/immigration-a-decouvrir-lire-voir\/#breadcrumb","itemListElement":[{"@type":"ListItem","position":1,"name":"Accueil","item":"https:\/\/www.ecoloj.be\/goforclimatejustice\/jump\/"},{"@type":"ListItem","position":2,"name":"Immigration : \u00c0 d\u00e9couvrir, lire, voir&#8230;"}]},{"@type":"WebSite","@id":"http:\/\/www.ecoloj.be\/goforclimatejustice\/jump\/#website","url":"http:\/\/www.ecoloj.be\/goforclimatejustice\/jump\/","name":"Jump","description":"le magazine d&#039;\u00e9colo j","potentialAction":[{"@type":"SearchAction","target":{"@type":"EntryPoint","urlTemplate":"http:\/\/www.ecoloj.be\/goforclimatejustice\/jump\/?s={search_term_string}"},"query-input":"required name=search_term_string"}],"inLanguage":"fr-FR"},{"@type":"Person","@id":"http:\/\/www.ecoloj.be\/goforclimatejustice\/jump\/#\/schema\/person\/4842c3bb23e521aef873025749959490","name":"\u00e9colo j","image":{"@type":"ImageObject","inLanguage":"fr-FR","@id":"http:\/\/www.ecoloj.be\/goforclimatejustice\/jump\/#\/schema\/person\/image\/","url":"https:\/\/secure.gravatar.com\/avatar\/964fa9deb84e78535c0f1d09231bd258?s=96&d=mm&r=g","contentUrl":"https:\/\/secure.gravatar.com\/avatar\/964fa9deb84e78535c0f1d09231bd258?s=96&d=mm&r=g","caption":"\u00e9colo j"},"url":"https:\/\/www.ecoloj.be\/goforclimatejustice\/jump\/author\/ecoloj\/"}]}},"_links":{"self":[{"href":"https:\/\/www.ecoloj.be\/goforclimatejustice\/jump\/wp-json\/wp\/v2\/posts\/5703"}],"collection":[{"href":"https:\/\/www.ecoloj.be\/goforclimatejustice\/jump\/wp-json\/wp\/v2\/posts"}],"about":[{"href":"https:\/\/www.ecoloj.be\/goforclimatejustice\/jump\/wp-json\/wp\/v2\/types\/post"}],"author":[{"embeddable":true,"href":"https:\/\/www.ecoloj.be\/goforclimatejustice\/jump\/wp-json\/wp\/v2\/users\/9"}],"replies":[{"embeddable":true,"href":"https:\/\/www.ecoloj.be\/goforclimatejustice\/jump\/wp-json\/wp\/v2\/comments?post=5703"}],"version-history":[{"count":19,"href":"https:\/\/www.ecoloj.be\/goforclimatejustice\/jump\/wp-json\/wp\/v2\/posts\/5703\/revisions"}],"predecessor-version":[{"id":5935,"href":"https:\/\/www.ecoloj.be\/goforclimatejustice\/jump\/wp-json\/wp\/v2\/posts\/5703\/revisions\/5935"}],"wp:attachment":[{"href":"https:\/\/www.ecoloj.be\/goforclimatejustice\/jump\/wp-json\/wp\/v2\/media?parent=5703"}],"wp:term":[{"taxonomy":"category","embeddable":true,"href":"https:\/\/www.ecoloj.be\/goforclimatejustice\/jump\/wp-json\/wp\/v2\/categories?post=5703"},{"taxonomy":"post_tag","embeddable":true,"href":"https:\/\/www.ecoloj.be\/goforclimatejustice\/jump\/wp-json\/wp\/v2\/tags?post=5703"}],"curies":[{"name":"wp","href":"https:\/\/api.w.org\/{rel}","templated":true}]}}