{"id":791,"date":"2015-06-07T21:56:04","date_gmt":"2015-06-07T20:56:04","guid":{"rendered":"http:\/\/www.ecoloj.be\/goforclimatejustice\/jump\/?p=791"},"modified":"2022-11-22T12:23:42","modified_gmt":"2022-11-22T11:23:42","slug":"10-ans-bien-plus-quun-simple-morceau-de-papier","status":"publish","type":"post","link":"https:\/\/www.ecoloj.be\/goforclimatejustice\/jump\/10-ans-bien-plus-quun-simple-morceau-de-papier\/","title":{"rendered":"Bien plus qu\u2019un simple morceau de papier"},"content":{"rendered":"<p style=\"text-align: left;\"><strong>Que serait l\u2019Histoire sans traces \u00e9crites du pass\u00e9\u00a0? Le Jump\u2026 C\u2019est un peu la m\u00e9moire d\u2019\u00e9colo j<\/strong><\/p>\n<p style=\"text-align: left;\"><!--more--><\/p>\n<p style=\"text-align: left;\">En parcourant les anciens num\u00e9ros du magazine, on peut y voir \u00e9voluer les sujets d\u2019int\u00e9r\u00eat des militants, mais \u00e9galement les \u00e9quipes d\u2019\u00e9colo j ou le style graphique.<\/p>\n<p style=\"text-align: left;\">Saviez-vous que <strong>le tout premier Jump est paru en<\/strong> <strong>mai 2009<\/strong>\u00a0? Bien que cela ne soit que quatre ans apr\u00e8s la cr\u00e9ation d\u2019\u00e9colo j, le magazine a tout de suite su prendre sa place au sein de l\u2019organisation et est devenu un repr\u00e9sentant d\u2019\u00e9colo j, de l\u2019ardeur de ses militant(e)s et de leur (im)pertinence.<\/p>\n<p style=\"text-align: left;\">Afin de rendre hommage \u00e0 ce qui est bien plus qu\u2019un simple morceau de papier, nous avons choisi de publier <strong>l\u2019\u00e9dito du tout premier Jump<\/strong>. Cette publication est \u00e9galement un immense remerciement \u00e0 ses cr\u00e9ateurs\u00a0!<\/p>\n<h2 style=\"text-align: left;\"><span style=\"text-decoration: underline; color: #99cc00;\">Prenez go\u00fbt au futur<\/span><\/h2>\n<p style=\"text-align: left;\">Le voil\u00e0 enfin le num\u00e9ro 1 de Jump, le go\u00fbt du futur ! On l\u2019attendait tous avec impatience ce premier num\u00e9ro du magazine d\u2019\u00e9colo j. Avec Jump, \u00e9colo j veut <strong>r\u00e9concilier les jeunes et la politique<\/strong> mais aussi les ouvrir aux <strong>grands d\u00e9bats<\/strong> de l\u2019\u00e9cologie politique. Nous t\u2019invitons donc au d\u00e9bat et te pr\u00e9sentons nos r\u00e9ponses de jeunes \u00e0 des crises de moins jeunes ! Et tu verras, nous avons plein de solutions vertes en t\u00eate.<\/p>\n<p style=\"text-align: left;\">Jump, c\u2019est une invitation. Une <strong>invitation \u00e0 s\u2019ouvrir sur le monde<\/strong>. Une invitation \u00e0 la r\u00e9flexion sur diff\u00e9rents enjeux qui marquent notre actualit\u00e9: quel regard porter sur la <strong>campagne pro-nucl\u00e9aire<\/strong> que nous avons vu fleurir un peu partout dans notre pays; que penser de la <strong>mesure \u00abanti-jeune \u00bb<\/strong> <span style=\"text-decoration: underline;\"><strong><a href=\"https:\/\/fr.wikipedia.org\/wiki\/Mosquito_%28appareil%29\" target=\"_blank\" rel=\"noopener\">Mosquito <\/a><\/strong><\/span>? Doit-on sauver les <strong>banques<\/strong> et qu\u2019est-ce que le \u00ab <strong>Green deal<\/strong> \u00bb dont on parle tant ? Quelle <strong>Mobilit\u00e9<\/strong> veulent les jeunes pour demain ? La Mobilit\u00e9 qui sera le th\u00e8me de notre dossier central dans ce num\u00e9ro. A c\u00f4t\u00e9 de ces r\u00e9flexions, ce magazine est aussi une opportunit\u00e9 pour \u00e9colo j de vous pr\u00e9senter nos id\u00e9es et nos actions.<\/p>\n<p style=\"text-align: left;\">Et puis, il y aura les petits \u2018plus\u2019 qui donnent un peu de l\u00e9g\u00e8ret\u00e9 \u00e0 Jump: <strong>L\u2019incontournable BD d\u2019Alex &amp; Baptiste<\/strong>, <strong>les recettes de Charlotte<\/strong>, <strong>notre interview, des conseils \u00e9nergies<\/strong> et bien d\u2019autres choses encore\u2026 nos r\u00e9dacteurs vous inviteront aussi \u00e0 prendre un <strong>bain linguistique<\/strong>, et vous verrez, on apprend vite \u00e0 nager.<\/p>\n<p style=\"text-align: left;\">Plongez dans ce Jump, ouvrez-le, d\u00e9vorez-le et imaginez avec nous les ingr\u00e9dients du monde de demain, pour que ce monde ait meilleur go\u00fbt. Avec ces quelques pages, nous esp\u00e9rons vous insuffler le go\u00fbt du futur.<\/p>\n<p style=\"text-align: left;\"><strong>___<\/strong><\/p>\n<p style=\"text-align: left;\"><strong>Barbara Trachte, Christophe Dubois et Laurence Willemse<\/strong><\/p>\n","protected":false},"excerpt":{"rendered":"<p>Que serait l\u2019Histoire sans traces \u00e9crites du pass\u00e9\u00a0? Le Jump\u2026 C\u2019est un peu la m\u00e9moire d\u2019\u00e9colo j<\/p>\n","protected":false},"author":2,"featured_media":5344,"comment_status":"closed","ping_status":"open","sticky":false,"template":"","format":"image","meta":[],"categories":[131],"tags":[57],"acf":[],"yoast_head":"<!-- This site is optimized with the Yoast SEO plugin v20.1 - https:\/\/yoast.com\/wordpress\/plugins\/seo\/ -->\n<title>Bien plus qu\u2019un simple morceau de papier - Jump<\/title>\n<meta name=\"robots\" content=\"index, follow, max-snippet:-1, max-image-preview:large, max-video-preview:-1\" \/>\n<link rel=\"canonical\" href=\"https:\/\/www.ecoloj.be\/goforclimatejustice\/jump\/10-ans-bien-plus-quun-simple-morceau-de-papier\/\" \/>\n<meta property=\"og:locale\" content=\"fr_FR\" \/>\n<meta property=\"og:type\" content=\"article\" \/>\n<meta property=\"og:title\" content=\"Bien plus qu\u2019un simple morceau de papier - Jump\" \/>\n<meta property=\"og:description\" content=\"Que serait l\u2019Histoire sans traces \u00e9crites du pass\u00e9\u00a0? Le Jump\u2026 C\u2019est un peu la m\u00e9moire d\u2019\u00e9colo j\" \/>\n<meta property=\"og:url\" content=\"https:\/\/www.ecoloj.be\/goforclimatejustice\/jump\/10-ans-bien-plus-quun-simple-morceau-de-papier\/\" \/>\n<meta property=\"og:site_name\" content=\"Jump\" \/>\n<meta property=\"article:publisher\" content=\"https:\/\/www.facebook.com\/ecolojfederal\" \/>\n<meta property=\"article:published_time\" content=\"2015-06-07T20:56:04+00:00\" \/>\n<meta property=\"article:modified_time\" content=\"2022-11-22T11:23:42+00:00\" \/>\n<meta property=\"og:image\" content=\"https:\/\/www.ecoloj.be\/goforclimatejustice\/jump\/wp-content\/uploads\/sites\/3\/2015\/06\/jump-numero-un.jpg\" \/>\n\t<meta property=\"og:image:width\" content=\"1200\" \/>\n\t<meta property=\"og:image:height\" content=\"627\" \/>\n\t<meta property=\"og:image:type\" content=\"image\/jpeg\" \/>\n<meta name=\"author\" content=\"Pauline Marchand\" \/>\n<meta name=\"twitter:card\" content=\"summary_large_image\" \/>\n<meta name=\"twitter:creator\" content=\"@ecoloj\" \/>\n<meta name=\"twitter:site\" content=\"@ecoloj\" \/>\n<meta name=\"twitter:label1\" content=\"\u00c9crit par\" \/>\n\t<meta name=\"twitter:data1\" content=\"Pauline Marchand\" \/>\n\t<meta name=\"twitter:label2\" content=\"Dur\u00e9e de lecture estim\u00e9e\" \/>\n\t<meta name=\"twitter:data2\" content=\"2 minutes\" \/>\n<script type=\"application\/ld+json\" class=\"yoast-schema-graph\">{\"@context\":\"https:\/\/schema.org\",\"@graph\":[{\"@type\":\"WebPage\",\"@id\":\"https:\/\/www.ecoloj.be\/goforclimatejustice\/jump\/10-ans-bien-plus-quun-simple-morceau-de-papier\/\",\"url\":\"https:\/\/www.ecoloj.be\/goforclimatejustice\/jump\/10-ans-bien-plus-quun-simple-morceau-de-papier\/\",\"name\":\"Bien plus qu\u2019un simple morceau de papier - Jump\",\"isPartOf\":{\"@id\":\"http:\/\/www.ecoloj.be\/goforclimatejustice\/jump\/#website\"},\"datePublished\":\"2015-06-07T20:56:04+00:00\",\"dateModified\":\"2022-11-22T11:23:42+00:00\",\"author\":{\"@id\":\"http:\/\/www.ecoloj.be\/goforclimatejustice\/jump\/#\/schema\/person\/51543ff286b6f3b594bd4c8ff437a615\"},\"breadcrumb\":{\"@id\":\"https:\/\/www.ecoloj.be\/goforclimatejustice\/jump\/10-ans-bien-plus-quun-simple-morceau-de-papier\/#breadcrumb\"},\"inLanguage\":\"fr-FR\",\"potentialAction\":[{\"@type\":\"ReadAction\",\"target\":[\"https:\/\/www.ecoloj.be\/goforclimatejustice\/jump\/10-ans-bien-plus-quun-simple-morceau-de-papier\/\"]}]},{\"@type\":\"BreadcrumbList\",\"@id\":\"https:\/\/www.ecoloj.be\/goforclimatejustice\/jump\/10-ans-bien-plus-quun-simple-morceau-de-papier\/#breadcrumb\",\"itemListElement\":[{\"@type\":\"ListItem\",\"position\":1,\"name\":\"Accueil\",\"item\":\"https:\/\/www.ecoloj.be\/goforclimatejustice\/jump\/\"},{\"@type\":\"ListItem\",\"position\":2,\"name\":\"Bien plus qu\u2019un simple morceau de papier\"}]},{\"@type\":\"WebSite\",\"@id\":\"http:\/\/www.ecoloj.be\/goforclimatejustice\/jump\/#website\",\"url\":\"http:\/\/www.ecoloj.be\/goforclimatejustice\/jump\/\",\"name\":\"Jump\",\"description\":\"le magazine d&#039;\u00e9colo j\",\"potentialAction\":[{\"@type\":\"SearchAction\",\"target\":{\"@type\":\"EntryPoint\",\"urlTemplate\":\"http:\/\/www.ecoloj.be\/goforclimatejustice\/jump\/?s={search_term_string}\"},\"query-input\":\"required name=search_term_string\"}],\"inLanguage\":\"fr-FR\"},{\"@type\":\"Person\",\"@id\":\"http:\/\/www.ecoloj.be\/goforclimatejustice\/jump\/#\/schema\/person\/51543ff286b6f3b594bd4c8ff437a615\",\"name\":\"Pauline Marchand\",\"image\":{\"@type\":\"ImageObject\",\"inLanguage\":\"fr-FR\",\"@id\":\"http:\/\/www.ecoloj.be\/goforclimatejustice\/jump\/#\/schema\/person\/image\/\",\"url\":\"https:\/\/secure.gravatar.com\/avatar\/aa14a2b913db21d2beb7f260d2e47b87?s=96&d=mm&r=g\",\"contentUrl\":\"https:\/\/secure.gravatar.com\/avatar\/aa14a2b913db21d2beb7f260d2e47b87?s=96&d=mm&r=g\",\"caption\":\"Pauline Marchand\"},\"url\":\"https:\/\/www.ecoloj.be\/goforclimatejustice\/jump\/author\/paulinemarchand\/\"}]}<\/script>\n<!-- \/ Yoast SEO plugin. -->","yoast_head_json":{"title":"Bien plus qu\u2019un simple morceau de papier - Jump","robots":{"index":"index","follow":"follow","max-snippet":"max-snippet:-1","max-image-preview":"max-image-preview:large","max-video-preview":"max-video-preview:-1"},"canonical":"https:\/\/www.ecoloj.be\/goforclimatejustice\/jump\/10-ans-bien-plus-quun-simple-morceau-de-papier\/","og_locale":"fr_FR","og_type":"article","og_title":"Bien plus qu\u2019un simple morceau de papier - Jump","og_description":"Que serait l\u2019Histoire sans traces \u00e9crites du pass\u00e9\u00a0? Le Jump\u2026 C\u2019est un peu la m\u00e9moire d\u2019\u00e9colo j","og_url":"https:\/\/www.ecoloj.be\/goforclimatejustice\/jump\/10-ans-bien-plus-quun-simple-morceau-de-papier\/","og_site_name":"Jump","article_publisher":"https:\/\/www.facebook.com\/ecolojfederal","article_published_time":"2015-06-07T20:56:04+00:00","article_modified_time":"2022-11-22T11:23:42+00:00","og_image":[{"width":1200,"height":627,"url":"https:\/\/www.ecoloj.be\/goforclimatejustice\/jump\/wp-content\/uploads\/sites\/3\/2015\/06\/jump-numero-un.jpg","type":"image\/jpeg"}],"author":"Pauline Marchand","twitter_card":"summary_large_image","twitter_creator":"@ecoloj","twitter_site":"@ecoloj","twitter_misc":{"\u00c9crit par":"Pauline Marchand","Dur\u00e9e de lecture estim\u00e9e":"2 minutes"},"schema":{"@context":"https:\/\/schema.org","@graph":[{"@type":"WebPage","@id":"https:\/\/www.ecoloj.be\/goforclimatejustice\/jump\/10-ans-bien-plus-quun-simple-morceau-de-papier\/","url":"https:\/\/www.ecoloj.be\/goforclimatejustice\/jump\/10-ans-bien-plus-quun-simple-morceau-de-papier\/","name":"Bien plus qu\u2019un simple morceau de papier - Jump","isPartOf":{"@id":"http:\/\/www.ecoloj.be\/goforclimatejustice\/jump\/#website"},"datePublished":"2015-06-07T20:56:04+00:00","dateModified":"2022-11-22T11:23:42+00:00","author":{"@id":"http:\/\/www.ecoloj.be\/goforclimatejustice\/jump\/#\/schema\/person\/51543ff286b6f3b594bd4c8ff437a615"},"breadcrumb":{"@id":"https:\/\/www.ecoloj.be\/goforclimatejustice\/jump\/10-ans-bien-plus-quun-simple-morceau-de-papier\/#breadcrumb"},"inLanguage":"fr-FR","potentialAction":[{"@type":"ReadAction","target":["https:\/\/www.ecoloj.be\/goforclimatejustice\/jump\/10-ans-bien-plus-quun-simple-morceau-de-papier\/"]}]},{"@type":"BreadcrumbList","@id":"https:\/\/www.ecoloj.be\/goforclimatejustice\/jump\/10-ans-bien-plus-quun-simple-morceau-de-papier\/#breadcrumb","itemListElement":[{"@type":"ListItem","position":1,"name":"Accueil","item":"https:\/\/www.ecoloj.be\/goforclimatejustice\/jump\/"},{"@type":"ListItem","position":2,"name":"Bien plus qu\u2019un simple morceau de papier"}]},{"@type":"WebSite","@id":"http:\/\/www.ecoloj.be\/goforclimatejustice\/jump\/#website","url":"http:\/\/www.ecoloj.be\/goforclimatejustice\/jump\/","name":"Jump","description":"le magazine d&#039;\u00e9colo j","potentialAction":[{"@type":"SearchAction","target":{"@type":"EntryPoint","urlTemplate":"http:\/\/www.ecoloj.be\/goforclimatejustice\/jump\/?s={search_term_string}"},"query-input":"required name=search_term_string"}],"inLanguage":"fr-FR"},{"@type":"Person","@id":"http:\/\/www.ecoloj.be\/goforclimatejustice\/jump\/#\/schema\/person\/51543ff286b6f3b594bd4c8ff437a615","name":"Pauline Marchand","image":{"@type":"ImageObject","inLanguage":"fr-FR","@id":"http:\/\/www.ecoloj.be\/goforclimatejustice\/jump\/#\/schema\/person\/image\/","url":"https:\/\/secure.gravatar.com\/avatar\/aa14a2b913db21d2beb7f260d2e47b87?s=96&d=mm&r=g","contentUrl":"https:\/\/secure.gravatar.com\/avatar\/aa14a2b913db21d2beb7f260d2e47b87?s=96&d=mm&r=g","caption":"Pauline Marchand"},"url":"https:\/\/www.ecoloj.be\/goforclimatejustice\/jump\/author\/paulinemarchand\/"}]}},"_links":{"self":[{"href":"https:\/\/www.ecoloj.be\/goforclimatejustice\/jump\/wp-json\/wp\/v2\/posts\/791"}],"collection":[{"href":"https:\/\/www.ecoloj.be\/goforclimatejustice\/jump\/wp-json\/wp\/v2\/posts"}],"about":[{"href":"https:\/\/www.ecoloj.be\/goforclimatejustice\/jump\/wp-json\/wp\/v2\/types\/post"}],"author":[{"embeddable":true,"href":"https:\/\/www.ecoloj.be\/goforclimatejustice\/jump\/wp-json\/wp\/v2\/users\/2"}],"replies":[{"embeddable":true,"href":"https:\/\/www.ecoloj.be\/goforclimatejustice\/jump\/wp-json\/wp\/v2\/comments?post=791"}],"version-history":[{"count":9,"href":"https:\/\/www.ecoloj.be\/goforclimatejustice\/jump\/wp-json\/wp\/v2\/posts\/791\/revisions"}],"predecessor-version":[{"id":5339,"href":"https:\/\/www.ecoloj.be\/goforclimatejustice\/jump\/wp-json\/wp\/v2\/posts\/791\/revisions\/5339"}],"wp:featuredmedia":[{"embeddable":true,"href":"https:\/\/www.ecoloj.be\/goforclimatejustice\/jump\/wp-json\/wp\/v2\/media\/5344"}],"wp:attachment":[{"href":"https:\/\/www.ecoloj.be\/goforclimatejustice\/jump\/wp-json\/wp\/v2\/media?parent=791"}],"wp:term":[{"taxonomy":"category","embeddable":true,"href":"https:\/\/www.ecoloj.be\/goforclimatejustice\/jump\/wp-json\/wp\/v2\/categories?post=791"},{"taxonomy":"post_tag","embeddable":true,"href":"https:\/\/www.ecoloj.be\/goforclimatejustice\/jump\/wp-json\/wp\/v2\/tags?post=791"}],"curies":[{"name":"wp","href":"https:\/\/api.w.org\/{rel}","templated":true}]}}