{"id":955,"date":"2014-11-17T14:36:06","date_gmt":"2014-11-17T13:36:06","guid":{"rendered":"http:\/\/www.ecoloj.be\/goforclimatejustice\/jump\/?p=955"},"modified":"2022-07-29T19:38:11","modified_gmt":"2022-07-29T18:38:11","slug":"fairela-meditation-en-prison","status":"publish","type":"post","link":"https:\/\/www.ecoloj.be\/goforclimatejustice\/jump\/fairela-meditation-en-prison\/","title":{"rendered":"FAIRE : La m\u00e9ditation en prison"},"content":{"rendered":"<p style=\"text-align: left;\"><span style=\"color: #333333;\"><strong>Pratiqu\u00e9e depuis l&rsquo;Antiquit\u00e9<\/strong> au sein des diff\u00e9rentes religions, des courants spirituels et par la m\u00e9decine, la m\u00e9ditation vise a atteindre s\u00e9r\u00e9nit\u00e9, vacuit\u00e9 de l&rsquo;esprit, \u00e9tats de conscience modifi\u00e9s, apaisement du mental ou simple relaxation. <\/span><\/p>\n<p><!--more--><\/p>\n<p style=\"text-align: left;\"><span style=\"color: #333333;\">Elle s&rsquo;op\u00e8re en pla\u00e7ant toute son attention sur l&rsquo;observation d&rsquo;un objet, qu&rsquo;il soit ext\u00e9rieur (symbole, principe philosophique&#8230;) ou int\u00e9rieur (esprit, sensations&#8230;).<\/span><\/p>\n<h2 style=\"text-align: left;\"><span style=\"text-decoration: underline; color: #99cc00;\">La m\u00e9ditation en prison<\/span><\/h2>\n<p style=\"text-align: left;\">Dans les ann\u00e9es 70, des projets pilotes de s\u00e9minaires de m\u00e9ditation ont \u00e9t\u00e9 men\u00e9s dans des prisons avec d&rsquo;excellents r\u00e9sultats, mais ce n&rsquo;est que dans les ann\u00e9es 90 qu&rsquo;un vrai projet d&rsquo;envergure a vu le jour dans la plus grande prison d&rsquo;Asie du Sud, la <span style=\"text-decoration: underline;\"><a href=\"https:\/\/fr.wikipedia.org\/wiki\/Prison_de_Tihar\" target=\"_blank\" rel=\"noopener\">prison de Tihar<\/a><\/span>, \u00e0 Delhi, en Inde, qui compte 10000 d\u00e9tenus. C&rsquo;est la <span style=\"text-decoration: underline;\"><a href=\"https:\/\/www.dhamma.org\/fr\" target=\"_blank\" rel=\"noopener\">m\u00e9thode Vipassana<\/a><\/span> qui fut s\u00e9lectionn\u00e9e par la direction du centre de d\u00e9tention. Cette m\u00e9thode \u00e9tait enseign\u00e9e par <span style=\"text-decoration: underline;\"><a href=\"https:\/\/fr.wikipedia.org\/wiki\/Siddhartha_Gautama\" target=\"_blank\" rel=\"noopener\">Siddhartha Gautama, dit \u00ab\u00a0le Bouddha<\/a><\/span>\u00a0\u00bb il y a 2500 ans, et a \u00e9t\u00e9 r\u00e9introduite dans les ann\u00e9es 70 par <span style=\"text-decoration: underline;\"><a href=\"https:\/\/fr.wikipedia.org\/wiki\/S._N._Goenka\" target=\"_blank\" rel=\"noopener\">S.N. Goenka<\/a><\/span>, qui la consid\u00e9rait comme une pratique scientifique exp\u00e9rimentale.<\/p>\n<h2 style=\"text-align: left;\"><span style=\"text-decoration: underline; color: #99cc00;\">Les r\u00e9sultats<\/span><\/h2>\n<p style=\"text-align: left;\">Durant le programme mis en application dans la prison, gardiens et d\u00e9tenus ont appris \u00e0 se concentrer sur leur respiration, \u00e0 observer les subtilit\u00e9s de leurs sensations physiques et l&rsquo;impermanence de celles-ci, le tout menant notamment \u00e0 la compr\u00e9hension de l&rsquo;impermanence des \u00e9tats \u00e9motionnels, comme leurs habitudes violentes, leurs volont\u00e9s de revanche, etc. En quelques jours de pratique, ils se d\u00e9barrass\u00e8rent de leur haine.<\/p>\n<p style=\"padding-left: 30px; text-align: left;\"><span style=\"text-decoration: underline;\">Les r\u00e9sultats obtenus<br \/>\nsuite \u00e0 l&rsquo;\u00e9tude de ce type d&rsquo;exp\u00e9rience sont spectaculaires :<\/span><\/p>\n<p style=\"padding-left: 30px; text-align: left;\">&#8211; Baisse de violence au sein de l&rsquo;\u00e9tablissement p\u00e9nitencier ;<br \/>\n&#8211; Consommation d&rsquo;alcool et de drogues diminu\u00e9es ;<br \/>\n&#8211; Tendances au d\u00e9sespoir et d\u00e9pressions diminu\u00e9es ;<br \/>\n&#8211; Consommation de tabac amoindrie ;<br \/>\n&#8211; R\u00e9duction consid\u00e9rable du taux de r\u00e9cidive.<\/p>\n<h2 style=\"text-align: left;\"><span style=\"text-decoration: underline; color: #99cc00;\">Et en Belgique ?<\/span><\/h2>\n<p style=\"text-align: left;\">De nombreux pays se sont montr\u00e9s int\u00e9ress\u00e9s par ce genre d\u2019exp\u00e9riences et de tels projets ont fleuri \u00e0 travers le monde, avec des r\u00e9sultats tout aussi incroyables. A quand une g\u00e9n\u00e9ralisation du principe de la m\u00e9ditation dans les prisons ? A quand une application de ces programmes dans nos prisons belges ?<\/p>\n<p style=\"text-align: left;\">___<\/p>\n<p style=\"text-align: left;\"><span style=\"text-decoration: underline;\">Pour plus d&rsquo;informations :<\/span><\/p>\n<p style=\"text-align: left;\">\u2022 Consultez <span style=\"text-decoration: underline;\"><a href=\"http:\/\/www.prison.dhamma.org\" target=\"_blank\" rel=\"noopener\">www.prison.dhamma.org<\/a><\/span><\/p>\n<p style=\"text-align: left;\">\u2022 Le film documentaire <span style=\"text-decoration: underline;\"><a href=\"https:\/\/www.mahi.dhamma.org\/Doing-Time-Doing-Vipassana.5998.0.html?&amp;L=2\" target=\"_blank\" rel=\"noopener\">Doing time, doing Vipassana<\/a><\/span><br \/>\nretra\u00e7ant l\u2019exp\u00e9rience de grande envergure dans la prison de Tihar,<br \/>\ndisponible sur Youtube avec sous-titres en fran\u00e7ais.<\/p>\n<p>___<\/p>\n<p><strong>Nicolas Balthazar<\/strong><\/p>\n","protected":false},"excerpt":{"rendered":"<p>Pratiqu\u00e9e depuis l&rsquo;Antiquit\u00e9 au sein des diff\u00e9rentes religions, des courants spirituels et par la m\u00e9decine, la m\u00e9ditation vise a atteindre s\u00e9r\u00e9nit\u00e9, vacuit\u00e9 de l&rsquo;esprit, \u00e9tats de conscience modifi\u00e9s, apaisement du [&hellip;]<\/p>\n","protected":false},"author":19,"featured_media":4860,"comment_status":"closed","ping_status":"open","sticky":false,"template":"","format":"image","meta":[],"categories":[11],"tags":[51],"acf":[],"yoast_head":"<!-- This site is optimized with the Yoast SEO plugin v20.1 - https:\/\/yoast.com\/wordpress\/plugins\/seo\/ -->\n<title>FAIRE : La m\u00e9ditation en prison - Jump<\/title>\n<meta name=\"robots\" content=\"index, follow, max-snippet:-1, max-image-preview:large, max-video-preview:-1\" \/>\n<link rel=\"canonical\" href=\"https:\/\/www.ecoloj.be\/goforclimatejustice\/jump\/fairela-meditation-en-prison\/\" \/>\n<meta property=\"og:locale\" content=\"fr_FR\" \/>\n<meta property=\"og:type\" content=\"article\" \/>\n<meta property=\"og:title\" content=\"FAIRE : La m\u00e9ditation en prison - Jump\" \/>\n<meta property=\"og:description\" content=\"Pratiqu\u00e9e depuis l&rsquo;Antiquit\u00e9 au sein des diff\u00e9rentes religions, des courants spirituels et par la m\u00e9decine, la m\u00e9ditation vise a atteindre s\u00e9r\u00e9nit\u00e9, vacuit\u00e9 de l&rsquo;esprit, \u00e9tats de conscience modifi\u00e9s, apaisement du [&hellip;]\" \/>\n<meta property=\"og:url\" content=\"https:\/\/www.ecoloj.be\/goforclimatejustice\/jump\/fairela-meditation-en-prison\/\" \/>\n<meta property=\"og:site_name\" content=\"Jump\" \/>\n<meta property=\"article:publisher\" content=\"https:\/\/www.facebook.com\/ecolojfederal\" \/>\n<meta property=\"article:published_time\" content=\"2014-11-17T13:36:06+00:00\" \/>\n<meta property=\"article:modified_time\" content=\"2022-07-29T18:38:11+00:00\" \/>\n<meta property=\"og:image\" content=\"https:\/\/www.ecoloj.be\/goforclimatejustice\/jump\/wp-content\/uploads\/sites\/3\/2014\/11\/images-jump-articles58.jpg\" \/>\n\t<meta property=\"og:image:width\" content=\"1200\" \/>\n\t<meta property=\"og:image:height\" content=\"627\" \/>\n\t<meta property=\"og:image:type\" content=\"image\/jpeg\" \/>\n<meta name=\"author\" content=\"Nicolas Balthazar\" \/>\n<meta name=\"twitter:card\" content=\"summary_large_image\" \/>\n<meta name=\"twitter:creator\" content=\"@ecoloj\" \/>\n<meta name=\"twitter:site\" content=\"@ecoloj\" \/>\n<meta name=\"twitter:label1\" content=\"\u00c9crit par\" \/>\n\t<meta name=\"twitter:data1\" content=\"Nicolas Balthazar\" \/>\n\t<meta name=\"twitter:label2\" content=\"Dur\u00e9e de lecture estim\u00e9e\" \/>\n\t<meta name=\"twitter:data2\" content=\"2 minutes\" \/>\n<script type=\"application\/ld+json\" class=\"yoast-schema-graph\">{\"@context\":\"https:\/\/schema.org\",\"@graph\":[{\"@type\":\"WebPage\",\"@id\":\"https:\/\/www.ecoloj.be\/goforclimatejustice\/jump\/fairela-meditation-en-prison\/\",\"url\":\"https:\/\/www.ecoloj.be\/goforclimatejustice\/jump\/fairela-meditation-en-prison\/\",\"name\":\"FAIRE : La m\u00e9ditation en prison - Jump\",\"isPartOf\":{\"@id\":\"http:\/\/www.ecoloj.be\/goforclimatejustice\/jump\/#website\"},\"datePublished\":\"2014-11-17T13:36:06+00:00\",\"dateModified\":\"2022-07-29T18:38:11+00:00\",\"author\":{\"@id\":\"http:\/\/www.ecoloj.be\/goforclimatejustice\/jump\/#\/schema\/person\/6589890628ca7de1a9101899ecc9b287\"},\"breadcrumb\":{\"@id\":\"https:\/\/www.ecoloj.be\/goforclimatejustice\/jump\/fairela-meditation-en-prison\/#breadcrumb\"},\"inLanguage\":\"fr-FR\",\"potentialAction\":[{\"@type\":\"ReadAction\",\"target\":[\"https:\/\/www.ecoloj.be\/goforclimatejustice\/jump\/fairela-meditation-en-prison\/\"]}]},{\"@type\":\"BreadcrumbList\",\"@id\":\"https:\/\/www.ecoloj.be\/goforclimatejustice\/jump\/fairela-meditation-en-prison\/#breadcrumb\",\"itemListElement\":[{\"@type\":\"ListItem\",\"position\":1,\"name\":\"Accueil\",\"item\":\"https:\/\/www.ecoloj.be\/goforclimatejustice\/jump\/\"},{\"@type\":\"ListItem\",\"position\":2,\"name\":\"FAIRE : La m\u00e9ditation en prison\"}]},{\"@type\":\"WebSite\",\"@id\":\"http:\/\/www.ecoloj.be\/goforclimatejustice\/jump\/#website\",\"url\":\"http:\/\/www.ecoloj.be\/goforclimatejustice\/jump\/\",\"name\":\"Jump\",\"description\":\"le magazine d&#039;\u00e9colo j\",\"potentialAction\":[{\"@type\":\"SearchAction\",\"target\":{\"@type\":\"EntryPoint\",\"urlTemplate\":\"http:\/\/www.ecoloj.be\/goforclimatejustice\/jump\/?s={search_term_string}\"},\"query-input\":\"required name=search_term_string\"}],\"inLanguage\":\"fr-FR\"},{\"@type\":\"Person\",\"@id\":\"http:\/\/www.ecoloj.be\/goforclimatejustice\/jump\/#\/schema\/person\/6589890628ca7de1a9101899ecc9b287\",\"name\":\"Nicolas Balthazar\",\"image\":{\"@type\":\"ImageObject\",\"inLanguage\":\"fr-FR\",\"@id\":\"http:\/\/www.ecoloj.be\/goforclimatejustice\/jump\/#\/schema\/person\/image\/\",\"url\":\"https:\/\/secure.gravatar.com\/avatar\/98f52c949982ac43cb6e73c6a582a87e?s=96&d=mm&r=g\",\"contentUrl\":\"https:\/\/secure.gravatar.com\/avatar\/98f52c949982ac43cb6e73c6a582a87e?s=96&d=mm&r=g\",\"caption\":\"Nicolas Balthazar\"},\"url\":\"https:\/\/www.ecoloj.be\/goforclimatejustice\/jump\/author\/nicolasbalthazar\/\"}]}<\/script>\n<!-- \/ Yoast SEO plugin. -->","yoast_head_json":{"title":"FAIRE : La m\u00e9ditation en prison - Jump","robots":{"index":"index","follow":"follow","max-snippet":"max-snippet:-1","max-image-preview":"max-image-preview:large","max-video-preview":"max-video-preview:-1"},"canonical":"https:\/\/www.ecoloj.be\/goforclimatejustice\/jump\/fairela-meditation-en-prison\/","og_locale":"fr_FR","og_type":"article","og_title":"FAIRE : La m\u00e9ditation en prison - Jump","og_description":"Pratiqu\u00e9e depuis l&rsquo;Antiquit\u00e9 au sein des diff\u00e9rentes religions, des courants spirituels et par la m\u00e9decine, la m\u00e9ditation vise a atteindre s\u00e9r\u00e9nit\u00e9, vacuit\u00e9 de l&rsquo;esprit, \u00e9tats de conscience modifi\u00e9s, apaisement du [&hellip;]","og_url":"https:\/\/www.ecoloj.be\/goforclimatejustice\/jump\/fairela-meditation-en-prison\/","og_site_name":"Jump","article_publisher":"https:\/\/www.facebook.com\/ecolojfederal","article_published_time":"2014-11-17T13:36:06+00:00","article_modified_time":"2022-07-29T18:38:11+00:00","og_image":[{"width":1200,"height":627,"url":"https:\/\/www.ecoloj.be\/goforclimatejustice\/jump\/wp-content\/uploads\/sites\/3\/2014\/11\/images-jump-articles58.jpg","type":"image\/jpeg"}],"author":"Nicolas Balthazar","twitter_card":"summary_large_image","twitter_creator":"@ecoloj","twitter_site":"@ecoloj","twitter_misc":{"\u00c9crit par":"Nicolas Balthazar","Dur\u00e9e de lecture estim\u00e9e":"2 minutes"},"schema":{"@context":"https:\/\/schema.org","@graph":[{"@type":"WebPage","@id":"https:\/\/www.ecoloj.be\/goforclimatejustice\/jump\/fairela-meditation-en-prison\/","url":"https:\/\/www.ecoloj.be\/goforclimatejustice\/jump\/fairela-meditation-en-prison\/","name":"FAIRE : La m\u00e9ditation en prison - Jump","isPartOf":{"@id":"http:\/\/www.ecoloj.be\/goforclimatejustice\/jump\/#website"},"datePublished":"2014-11-17T13:36:06+00:00","dateModified":"2022-07-29T18:38:11+00:00","author":{"@id":"http:\/\/www.ecoloj.be\/goforclimatejustice\/jump\/#\/schema\/person\/6589890628ca7de1a9101899ecc9b287"},"breadcrumb":{"@id":"https:\/\/www.ecoloj.be\/goforclimatejustice\/jump\/fairela-meditation-en-prison\/#breadcrumb"},"inLanguage":"fr-FR","potentialAction":[{"@type":"ReadAction","target":["https:\/\/www.ecoloj.be\/goforclimatejustice\/jump\/fairela-meditation-en-prison\/"]}]},{"@type":"BreadcrumbList","@id":"https:\/\/www.ecoloj.be\/goforclimatejustice\/jump\/fairela-meditation-en-prison\/#breadcrumb","itemListElement":[{"@type":"ListItem","position":1,"name":"Accueil","item":"https:\/\/www.ecoloj.be\/goforclimatejustice\/jump\/"},{"@type":"ListItem","position":2,"name":"FAIRE : La m\u00e9ditation en prison"}]},{"@type":"WebSite","@id":"http:\/\/www.ecoloj.be\/goforclimatejustice\/jump\/#website","url":"http:\/\/www.ecoloj.be\/goforclimatejustice\/jump\/","name":"Jump","description":"le magazine d&#039;\u00e9colo j","potentialAction":[{"@type":"SearchAction","target":{"@type":"EntryPoint","urlTemplate":"http:\/\/www.ecoloj.be\/goforclimatejustice\/jump\/?s={search_term_string}"},"query-input":"required name=search_term_string"}],"inLanguage":"fr-FR"},{"@type":"Person","@id":"http:\/\/www.ecoloj.be\/goforclimatejustice\/jump\/#\/schema\/person\/6589890628ca7de1a9101899ecc9b287","name":"Nicolas Balthazar","image":{"@type":"ImageObject","inLanguage":"fr-FR","@id":"http:\/\/www.ecoloj.be\/goforclimatejustice\/jump\/#\/schema\/person\/image\/","url":"https:\/\/secure.gravatar.com\/avatar\/98f52c949982ac43cb6e73c6a582a87e?s=96&d=mm&r=g","contentUrl":"https:\/\/secure.gravatar.com\/avatar\/98f52c949982ac43cb6e73c6a582a87e?s=96&d=mm&r=g","caption":"Nicolas Balthazar"},"url":"https:\/\/www.ecoloj.be\/goforclimatejustice\/jump\/author\/nicolasbalthazar\/"}]}},"_links":{"self":[{"href":"https:\/\/www.ecoloj.be\/goforclimatejustice\/jump\/wp-json\/wp\/v2\/posts\/955"}],"collection":[{"href":"https:\/\/www.ecoloj.be\/goforclimatejustice\/jump\/wp-json\/wp\/v2\/posts"}],"about":[{"href":"https:\/\/www.ecoloj.be\/goforclimatejustice\/jump\/wp-json\/wp\/v2\/types\/post"}],"author":[{"embeddable":true,"href":"https:\/\/www.ecoloj.be\/goforclimatejustice\/jump\/wp-json\/wp\/v2\/users\/19"}],"replies":[{"embeddable":true,"href":"https:\/\/www.ecoloj.be\/goforclimatejustice\/jump\/wp-json\/wp\/v2\/comments?post=955"}],"version-history":[{"count":9,"href":"https:\/\/www.ecoloj.be\/goforclimatejustice\/jump\/wp-json\/wp\/v2\/posts\/955\/revisions"}],"predecessor-version":[{"id":4862,"href":"https:\/\/www.ecoloj.be\/goforclimatejustice\/jump\/wp-json\/wp\/v2\/posts\/955\/revisions\/4862"}],"wp:featuredmedia":[{"embeddable":true,"href":"https:\/\/www.ecoloj.be\/goforclimatejustice\/jump\/wp-json\/wp\/v2\/media\/4860"}],"wp:attachment":[{"href":"https:\/\/www.ecoloj.be\/goforclimatejustice\/jump\/wp-json\/wp\/v2\/media?parent=955"}],"wp:term":[{"taxonomy":"category","embeddable":true,"href":"https:\/\/www.ecoloj.be\/goforclimatejustice\/jump\/wp-json\/wp\/v2\/categories?post=955"},{"taxonomy":"post_tag","embeddable":true,"href":"https:\/\/www.ecoloj.be\/goforclimatejustice\/jump\/wp-json\/wp\/v2\/tags?post=955"}],"curies":[{"name":"wp","href":"https:\/\/api.w.org\/{rel}","templated":true}]}}